{"id":432563,"date":"2025-10-02T02:11:11","date_gmt":"2025-10-02T02:11:11","guid":{"rendered":"https:\/\/www.europesays.com\/fr\/432563\/"},"modified":"2025-10-02T02:11:11","modified_gmt":"2025-10-02T02:11:11","slug":"menace-mondiale-colere-de-zelensky-apres-une-attaque-russe-contre-tchernobyl","status":"publish","type":"post","link":"https:\/\/www.europesays.com\/fr\/432563\/","title":{"rendered":"\u00ab\u00a0Menace mondiale\u00a0\u00bb\u2026 Col\u00e8re de Zelensky apr\u00e8s une attaque russe contre Tchernobyl"},"content":{"rendered":"<p>C\u2019est un nom synonyme de la pire catastrophe nucl\u00e9aire de l\u2019Histoire. Et il est revenu mercredi au-devant de la sc\u00e8ne dans le cadre de la <a href=\"https:\/\/www.20minutes.fr\/monde\/ukraine\/\" target=\"_blank\" class=\"c-link c-link--is-underlined\" rel=\"noopener\">guerre en Ukraine<\/a>. Volodymyr Zelensky a en effet accus\u00e9 Moscou de constituer une \u00ab\u00a0menace mondiale\u00a0\u00bb, apr\u00e8s qu\u2019un bombardement russe a coup\u00e9 l\u2019\u00e9lectricit\u00e9 alimentant la structure de confinement de l\u2019ancienne centrale de <a href=\"https:\/\/www.20minutes.fr\/dossier\/tchernobyl\" target=\"_blank\" class=\"c-link c-link--is-underlined\" rel=\"noopener\">Tchernobyl<\/a>.<\/p>\n<p>\u00ab\u00a0Chaque jour o\u00f9 la <a href=\"https:\/\/www.20minutes.fr\/monde\/russie\/\" target=\"_blank\" class=\"c-link c-link--is-underlined\" rel=\"noopener\">Russie<\/a> prolonge la guerre, refuse de mettre en \u0153uvre un cessez-le-feu complet et fiable, et continue de frapper tous nos sites \u00e9nerg\u00e9tiques \u2013 y compris ceux essentiels \u00e0 la s\u00fbret\u00e9 des centrales nucl\u00e9aires et autres installations nucl\u00e9aires \u2013 est une menace mondiale\u00a0\u00bb, a d\u00e9nonc\u00e9 le pr\u00e9sident ukrainien sur Facebook. L\u2019alimentation en \u00e9lectricit\u00e9 de la structure de confinement abritant la partie de la centrale de Tchernobyl d\u00e9truite pendant la catastrophe nucl\u00e9aire en\u00a01986 a \u00e9t\u00e9 coup\u00e9e par un bombardement russe, selon Kiev.<\/p>\n<p>D\u00e9j\u00e0 une attaque de drone russe en f\u00e9vrier<\/p>\n<p>Avec les frappes russes, le minist\u00e8re ukrainien de l\u2019Energie a d\u00e9nonc\u00e9 mercredi sur Telegram \u00ab\u00a0une situation d\u2019urgence dans les installations de la centrale nucl\u00e9aire de Tchernobyl\u00a0\u00bb, o\u00f9 des sp\u00e9cialistes s\u2019efforcent de r\u00e9tablir le courant. \u00ab\u00a0A la suite de surtensions, le Nouveau confinement de s\u00e9curit\u00e9, une installation clef qui isole le quatri\u00e8me r\u00e9acteur d\u00e9truit de la centrale nucl\u00e9aire de Tchernobyl et emp\u00eache la lib\u00e9ration de mat\u00e9riaux radioactifs dans l\u2019environnement, s\u2019est retrouv\u00e9 sans alimentation \u00e9lectrique\u00a0\u00bb, selon le minist\u00e8re ukrainien.<\/p>\n<\/p>\n<p>Le Nouveau confinement s\u00e9curis\u00e9 \u2013 ou Arche de Tchernobyl \u2013, achev\u00e9 en\u00a02016, est une vaste structure m\u00e9tallique recouvrant les vestiges du r\u00e9acteur num\u00e9ro\u00a04 et emp\u00eachant la lib\u00e9ration de mat\u00e9riaux radioactifs. Une attaque de drone russe l\u2019avait d\u00e9j\u00e0 endommag\u00e9 en f\u00e9vrier, sans entra\u00eener une augmentation des radiations selon les autorit\u00e9s ukrainiennes.<\/p>\n<p>Zelensky inquiet pour la centrale de Zaporijjia<\/p>\n<p>L\u2019Ukraine et la Russie se sont mutuellement accus\u00e9es depuis le d\u00e9but du conflit de cibler des sites nucl\u00e9aires, suscitant des avertissements de l\u2019Agence internationale de l\u2019\u00e9nergie atomique (AIEA). L\u2019arm\u00e9e russe s\u2019\u00e9tait empar\u00e9e de la centrale nucl\u00e9aire de Tchernobyl, d\u00e9saffect\u00e9e, au premier jour de son offensive en f\u00e9vrier\u00a02022, avant de se retirer un mois plus tard.<\/p>\n<p><a href=\"https:\/\/www.20minutes.fr\/monde\/ukraine\/\" target=\"_blank\" class=\"c-link c-btn c-btn--primary\" rel=\"noopener\">Notre dossier sur la Guerre en Ukraine<\/a><\/p>\n<p>Moscou s\u2019est \u00e9galement empar\u00e9 de la centrale nucl\u00e9aire de Zaporijjia dans le sud de l\u2019Ukraine, la plus grande installation nucl\u00e9aire d\u2019Europe. Elle la d\u00e9tient toujours. Moscou a d\u2019ailleurs affirm\u00e9 mercredi que la situation \u00e9tait \u00ab\u00a0sous contr\u00f4le\u00a0\u00bb dans cette centrale, priv\u00e9e d\u2019alimentation \u00e9lectrique ext\u00e9rieure depuis plus d\u2019une semaine, apr\u00e8s des propos alarmants de Volodymyr Zelensky.<\/p>\n","protected":false},"excerpt":{"rendered":"C\u2019est un nom synonyme de la pire catastrophe nucl\u00e9aire de l\u2019Histoire. Et il est revenu mercredi au-devant de&hellip;\n","protected":false},"author":2,"featured_media":432564,"comment_status":"","ping_status":"","sticky":false,"template":"","format":"standard","meta":{"footnotes":""},"categories":[1590],"tags":[47,11,1777,674,131,74,12,5654,132,14922,220,133,134],"class_list":{"0":"post-432563","1":"post","2":"type-post","3":"status-publish","4":"format-standard","5":"has-post-thumbnail","7":"category-ukraine","8":"tag-actualite","9":"tag-actualites","10":"tag-eu","11":"tag-europe","12":"tag-guerre-en-ukraine","13":"tag-monde","14":"tag-news","15":"tag-nucleaire","16":"tag-russie","17":"tag-tchernobyl","18":"tag-ukraine","19":"tag-video","20":"tag-volodymyr-zelensky"},"share_on_mastodon":{"url":"https:\/\/pubeurope.com\/@fr\/115302150025201563","error":""},"_links":{"self":[{"href":"https:\/\/www.europesays.com\/fr\/wp-json\/wp\/v2\/posts\/432563","targetHints":{"allow":["GET"]}}],"collection":[{"href":"https:\/\/www.europesays.com\/fr\/wp-json\/wp\/v2\/posts"}],"about":[{"href":"https:\/\/www.europesays.com\/fr\/wp-json\/wp\/v2\/types\/post"}],"author":[{"embeddable":true,"href":"https:\/\/www.europesays.com\/fr\/wp-json\/wp\/v2\/users\/2"}],"replies":[{"embeddable":true,"href":"https:\/\/www.europesays.com\/fr\/wp-json\/wp\/v2\/comments?post=432563"}],"version-history":[{"count":0,"href":"https:\/\/www.europesays.com\/fr\/wp-json\/wp\/v2\/posts\/432563\/revisions"}],"wp:featuredmedia":[{"embeddable":true,"href":"https:\/\/www.europesays.com\/fr\/wp-json\/wp\/v2\/media\/432564"}],"wp:attachment":[{"href":"https:\/\/www.europesays.com\/fr\/wp-json\/wp\/v2\/media?parent=432563"}],"wp:term":[{"taxonomy":"category","embeddable":true,"href":"https:\/\/www.europesays.com\/fr\/wp-json\/wp\/v2\/categories?post=432563"},{"taxonomy":"post_tag","embeddable":true,"href":"https:\/\/www.europesays.com\/fr\/wp-json\/wp\/v2\/tags?post=432563"}],"curies":[{"name":"wp","href":"https:\/\/api.w.org\/{rel}","templated":true}]}}