{"id":43257,"date":"2025-04-22T06:04:08","date_gmt":"2025-04-22T06:04:08","guid":{"rendered":"https:\/\/www.europesays.com\/fr\/43257\/"},"modified":"2025-04-22T06:04:08","modified_gmt":"2025-04-22T06:04:08","slug":"hotel-boudoir-des-muses-a-paris-lavis-dexpert-du-figaro","status":"publish","type":"post","link":"https:\/\/www.europesays.com\/fr\/43257\/","title":{"rendered":"H\u00f4tel Boudoir des Muses \u00e0 Paris, l\u2019avis d\u2019expert du Figaro"},"content":{"rendered":"<p>Qu\u2019ils renferment d\u2019histoires, les murs de ce \u00abboudoir\u00bb du Marais\u00a0! Le b\u00e2timent, qui abritait un th\u00e9\u00e2tre \u00e9rotique jusqu\u2019en 1807, fut ferm\u00e9 par Napol\u00e9on car \u00ab les dames qui s\u2019y exhibaient auraient \u00e9t\u00e9 de\u00a0m\u0153urs trop l\u00e9g\u00e8res\u00a0\u00bb. Art du grand \u00e9cart, il devient ensuite un Couvent des filles du Calvaire, avant de fermer ses portes pendant plus d\u2019un si\u00e8cle. Le b\u00e2timent vient d\u2019\u00eatre rachet\u00e9 par le groupe Elegancia (qui g\u00e8re les h\u00f4tels\u00a0<a href=\"https:\/\/www.lefigaro.fr\/voyages\/hotels\/le-chouchou-hotel-a-paris-l-avis-d-expert-du-figaro-20210902\" target=\"_blank\" rel=\"noopener\">Chouchou<\/a>, Crayon ou Off Paris Seine) et transform\u00e9 en une maison de 28 chambres, dont quatre suites, disposant d\u2019un bar \u00e0 cocktails et, surtout, de \u00absalons bains\u00bb. \u00abL\u2019ouvroir de toutes les cr\u00e9ativit\u00e9s et le berceau de toutes les folies\u00bb, assure la direction. Chaque mercredi et jeudi soir, l\u2019h\u00f4tel accueille aussi un spectacle de cabaret, en plus d\u2019\u00abateliers \u00e9sot\u00e9riques\u00bb (la\u00a0<a href=\"https:\/\/www.lefigaro.fr\/voyages\/l-astrologie-nouvelle-boussole-du-tourisme-20220106\" target=\"_blank\" rel=\"noopener\">voyance\u00a0<\/a>est \u00e0 la mode) ou de dj-sets.<\/p>\n","protected":false},"excerpt":{"rendered":"Qu\u2019ils renferment d\u2019histoires, les murs de ce \u00abboudoir\u00bb du Marais\u00a0! Le b\u00e2timent, qui abritait un th\u00e9\u00e2tre \u00e9rotique jusqu\u2019en&hellip;\n","protected":false},"author":2,"featured_media":43258,"comment_status":"","ping_status":"","sticky":false,"template":"","format":"standard","meta":{"footnotes":""},"categories":[1888],"tags":[11,1777,674,1011,27,2527,2523,2522,2525,2521,12,2524,626,25,2526,2520,602,2528,586],"class_list":{"0":"post-43257","1":"post","2":"type-post","3":"status-publish","4":"format-standard","5":"has-post-thumbnail","7":"category-paris","8":"tag-actualites","9":"tag-eu","10":"tag-europe","11":"tag-fr","12":"tag-france","13":"tag-gite-de-luxe","14":"tag-hotel-5-etoiles","15":"tag-hotel-de-luxe","16":"tag-meilleur-hebergement","17":"tag-meilleure-hotel","18":"tag-news","19":"tag-ou-dormir","20":"tag-paris","21":"tag-republique-francaise","22":"tag-reserver-hotel","23":"tag-sejour","24":"tag-tourisme","25":"tag-vacances","26":"tag-voyage"},"share_on_mastodon":{"url":"https:\/\/pubeurope.com\/@fr\/114380109481766127","error":""},"_links":{"self":[{"href":"https:\/\/www.europesays.com\/fr\/wp-json\/wp\/v2\/posts\/43257","targetHints":{"allow":["GET"]}}],"collection":[{"href":"https:\/\/www.europesays.com\/fr\/wp-json\/wp\/v2\/posts"}],"about":[{"href":"https:\/\/www.europesays.com\/fr\/wp-json\/wp\/v2\/types\/post"}],"author":[{"embeddable":true,"href":"https:\/\/www.europesays.com\/fr\/wp-json\/wp\/v2\/users\/2"}],"replies":[{"embeddable":true,"href":"https:\/\/www.europesays.com\/fr\/wp-json\/wp\/v2\/comments?post=43257"}],"version-history":[{"count":0,"href":"https:\/\/www.europesays.com\/fr\/wp-json\/wp\/v2\/posts\/43257\/revisions"}],"wp:featuredmedia":[{"embeddable":true,"href":"https:\/\/www.europesays.com\/fr\/wp-json\/wp\/v2\/media\/43258"}],"wp:attachment":[{"href":"https:\/\/www.europesays.com\/fr\/wp-json\/wp\/v2\/media?parent=43257"}],"wp:term":[{"taxonomy":"category","embeddable":true,"href":"https:\/\/www.europesays.com\/fr\/wp-json\/wp\/v2\/categories?post=43257"},{"taxonomy":"post_tag","embeddable":true,"href":"https:\/\/www.europesays.com\/fr\/wp-json\/wp\/v2\/tags?post=43257"}],"curies":[{"name":"wp","href":"https:\/\/api.w.org\/{rel}","templated":true}]}}