{"id":432585,"date":"2025-10-02T02:25:25","date_gmt":"2025-10-02T02:25:25","guid":{"rendered":"https:\/\/www.europesays.com\/fr\/432585\/"},"modified":"2025-10-02T02:25:25","modified_gmt":"2025-10-02T02:25:25","slug":"le-francais-johann-zarco-remporte-le-grand-prix-de-france","status":"publish","type":"post","link":"https:\/\/www.europesays.com\/fr\/432585\/","title":{"rendered":"le Fran\u00e7ais Johann Zarco remporte le Grand Prix de France"},"content":{"rendered":"<p>C\u2019est une premi\u00e8re depuis 1954. Le pilote fran\u00e7ais Johann Zarco (Honda-LCR) a remport\u00e9 dimanche\u00a011 mai le Grand prix de France de MotoGP sur le mythique <a href=\"https:\/\/www.la-croix.com\/Sport\/24-Heures-Mans-cent-ans-courses-mythiques-2023-06-10-1201270942\" data-tracking=\"inpage_click\" data-tracking-action=\"lire un article\" data-tracking-category=\"recirculation\" rel=\"nofollow noopener\" target=\"_blank\">circuit du Mans<\/a>, en prenant la premi\u00e8re place sous la pluie et devant un public largement acquis \u00e0 sa cause. Il devance les deux Espagnols Marc Marquez (Ducati) et Fermin Aldeguer. La pr\u00e9c\u00e9dente victoire d\u2019un fran\u00e7ais du Grand Prix de France de vitesse moto dans la cat\u00e9gorie reine de MotoGP date de Pierre Monneret, \u00e0 Reims, il y a 71\u00a0ans.<\/p>\n<p>Le v\u00e9t\u00e9ran de la grille (34\u00a0ans) s\u2019\u00e9tait \u00e9lanc\u00e9 en 11e position et a pu remonter ses adversaires gr\u00e2ce \u00e0 une strat\u00e9gie payante. Disput\u00e9e sous un ciel mena\u00e7ant puis pluvieux, la course a \u00e9t\u00e9 marqu\u00e9e par plusieurs passages aux stands des pilotes pour changer de moto mais Zarco avait d\u00e9cid\u00e9 de chausser les pneus pluie d\u00e8s l\u2019entame de la course et de les garder quand la piste a partiellement s\u00e9ch\u00e9.<\/p>\n<p>Larmes de joie<\/p>\n<p>La pluie est revenue apr\u00e8s quelques tours et lui a permis de prendre les commandes. Le Fran\u00e7ais a alors ma\u00eetris\u00e9 \u00e0 la perfection sa moto dans des conditions tr\u00e8s glissantes et l\u2019a finalement emport\u00e9 avec pr\u00e8s de vingt secondes d\u2019avance sur Marc Marquez, sextuple champion du monde.<\/p>\n<p>En larmes avant m\u00eame de descendre de sa moto, l\u2019Avignonnais s\u2019est permis le luxe de laisser \u00e9clater sa joie avant m\u00eame la ligne d\u2019arriv\u00e9e puis d\u2019aller c\u00e9l\u00e9brer sa victoire avec les membres de son \u00e9quipe le long du muret des stands.<\/p>\n<p>Le bouillant public manceau a spontan\u00e9ment entonn\u00e9 comme un seul homme une \u00e9mouvante Marseillaise alors que Zarco se rendait devant les tribunes pour r\u00e9aliser un salto arri\u00e8re, sa c\u00e9l\u00e9bration favorite depuis ses deux titres mondiaux en Moto2 en 2015 et 2016.<\/p>\n<p>L\u2019autre Fran\u00e7ais de la grille, <a href=\"https:\/\/www.la-croix.com\/Sport\/Moto-GP-Fabio-Quartararo-champion-accents-mediterraneens-2021-10-24-1201182088\" data-tracking=\"inpage_click\" data-tracking-action=\"lire un article\" data-tracking-category=\"recirculation\" rel=\"nofollow noopener\" target=\"_blank\">Fabio Quartararo<\/a> (Yamaha), qui s\u2019\u00e9tait \u00e9lanc\u00e9 en pole position, est tr\u00e8s bien parti mais a chut\u00e9 sur la piste mouill\u00e9e d\u00e8s le cinqui\u00e8me tour alors qu\u2019il \u00e9tait en deuxi\u00e8me position.<\/p>\n","protected":false},"excerpt":{"rendered":"C\u2019est une premi\u00e8re depuis 1954. Le pilote fran\u00e7ais Johann Zarco (Honda-LCR) a remport\u00e9 dimanche\u00a011 mai le Grand prix&hellip;\n","protected":false},"author":2,"featured_media":432586,"comment_status":"","ping_status":"","sticky":false,"template":"","format":"standard","meta":{"footnotes":""},"categories":[1413],"tags":[1011,27,1457,1456,60],"class_list":{"0":"post-432585","1":"post","2":"type-post","3":"status-publish","4":"format-standard","5":"has-post-thumbnail","7":"category-moto","8":"tag-fr","9":"tag-france","10":"tag-moto","11":"tag-motocycle","12":"tag-sports"},"share_on_mastodon":{"url":"https:\/\/pubeurope.com\/@fr\/115302204932935672","error":""},"_links":{"self":[{"href":"https:\/\/www.europesays.com\/fr\/wp-json\/wp\/v2\/posts\/432585","targetHints":{"allow":["GET"]}}],"collection":[{"href":"https:\/\/www.europesays.com\/fr\/wp-json\/wp\/v2\/posts"}],"about":[{"href":"https:\/\/www.europesays.com\/fr\/wp-json\/wp\/v2\/types\/post"}],"author":[{"embeddable":true,"href":"https:\/\/www.europesays.com\/fr\/wp-json\/wp\/v2\/users\/2"}],"replies":[{"embeddable":true,"href":"https:\/\/www.europesays.com\/fr\/wp-json\/wp\/v2\/comments?post=432585"}],"version-history":[{"count":0,"href":"https:\/\/www.europesays.com\/fr\/wp-json\/wp\/v2\/posts\/432585\/revisions"}],"wp:featuredmedia":[{"embeddable":true,"href":"https:\/\/www.europesays.com\/fr\/wp-json\/wp\/v2\/media\/432586"}],"wp:attachment":[{"href":"https:\/\/www.europesays.com\/fr\/wp-json\/wp\/v2\/media?parent=432585"}],"wp:term":[{"taxonomy":"category","embeddable":true,"href":"https:\/\/www.europesays.com\/fr\/wp-json\/wp\/v2\/categories?post=432585"},{"taxonomy":"post_tag","embeddable":true,"href":"https:\/\/www.europesays.com\/fr\/wp-json\/wp\/v2\/tags?post=432585"}],"curies":[{"name":"wp","href":"https:\/\/api.w.org\/{rel}","templated":true}]}}