{"id":432587,"date":"2025-10-02T02:26:11","date_gmt":"2025-10-02T02:26:11","guid":{"rendered":"https:\/\/www.europesays.com\/fr\/432587\/"},"modified":"2025-10-02T02:26:11","modified_gmt":"2025-10-02T02:26:11","slug":"lequite-enfin-respectee","status":"publish","type":"post","link":"https:\/\/www.europesays.com\/fr\/432587\/","title":{"rendered":"\u00ab L\u2019\u00e9quit\u00e9 enfin respect\u00e9e \u00bb"},"content":{"rendered":"<p class=\"fs-5 \">L\u2019ardoise de 34 millions (sans compter les int\u00e9r\u00eats moratoires) laiss\u00e9e par le Groupement d\u2019int\u00e9r\u00eat public (GIP) en charge de l\u2019organisation du Grand Prix de F1 du Castellet \u00e0 l\u2019\u00e9t\u00e9 2022, aujourd\u2019hui en liquidation judiciaire, n\u2019est toujours pas totalement r\u00e9gl\u00e9e (lire nos pr\u00e9c\u00e9dentes \u00e9ditions). La question de la ventilation de la dette fournisseurs entre les diff\u00e9rents partenaires, dont plusieurs collectivit\u00e9s varoises, est toujours au c\u0153ur de ce micmac politico-financier.<\/p>\n<p class=\"fs-5 \">Mais les choses bougent. Du c\u00f4t\u00e9 de la communaut\u00e9 d\u2019agglom\u00e9ration Sud Sainte Baume (CASSB), en tout cas, la temp\u00eate semble s\u2019\u00e9loigner, \u00e0 en croire le pr\u00e9sident Jean-Paul Joseph, ce lundi en s\u00e9ance communautaire.<\/p>\n<p>                                                                                Un combat entam\u00e9 en mai dernier<\/p>\n<p class=\"fs-5 \">Rappelons qu\u2019en mai dernier, celui qui venait de remplacer Blandine Monier \u00e0 la t\u00eate de la CASSB avait publiquement d\u00e9nonc\u00e9 la somme demand\u00e9e \u00e0 l\u2019agglo ouest-varoise comptant neuf communes : 750 000 euros, contre \u00ab seulement \u00bb 480 000 euros exig\u00e9s \u00e0 la M\u00e9tropole TMP et au D\u00e9partement (1) : \u00ab Je ne peux que constater une hostilit\u00e9 envers Sud Sainte Baume et je trouve absolument inadmissibles les pressions qui s\u2019exercent sur moi pour contraindre la petite communaut\u00e9 d\u2019agglom\u00e9ration, coinc\u00e9e entre Marseille et Toulon, \u00e0 payer pour les gros, avait alors d\u00e9clar\u00e9 Jean-Paul Joseph lors d\u2019une conf\u00e9rence de presse retentissante. Je n\u2019ai pas peur des mots, ce sont des m\u00e9thodes de voyous, avait-il tanc\u00e9. J\u2019ignore les motifs pr\u00e9cis de cette attitude belliqueuse envers les \u201cpetits\u201d\u2026 Sans doute de mauvaises habitudes prises au fil du temps. \u00bb<\/p>\n<p class=\"fs-5 \">Rembobinons encore. Quelques semaines plus t\u00f4t, le 31 mars 2025, le conseil communautaire avait vot\u00e9 \u00e0 l\u2019unanimit\u00e9 le versement d\u2019une premi\u00e8re avance de 72 000 euros \u00ab correspondant exactement aux 2,20 % de notre part \u00e0 due proportion \u00bb, a persist\u00e9 le pr\u00e9sident, lundi, dans une d\u00e9claration faite, a-t-il dit, \u00ab pour rappeler quelques \u00e9l\u00e9ments cl\u00e9s de ce dossier, mais en insistant aussi sur les points positifs, avec un but clairement affich\u00e9, \u00e0 savoir reprendre des relations de confiance avec le D\u00e9partement et la R\u00e9gion \u00bb ; et ce, juste avant de voter un deuxi\u00e8me versement de pr\u00e8s de 278 000 euros.<\/p>\n<p class=\"fs-5 \">Mais, fin avril, il \u00ab apprenait avec \u00e9tonnement l\u2019intention du liquidateur de saisir le pr\u00e9fet pour nous contraindre \u00e0 verser les 750 000 euros, et le tribunal administratif pour faire annuler la d\u00e9lib\u00e9ration de la CASSB et le versement des 72 000 euros \u00bb, a retrac\u00e9 l\u2019\u00e9lu.<\/p>\n<p>                                                                                Avec la \u00ab compr\u00e9hension \u00bb du pr\u00e9fet<\/p>\n<p class=\"fs-5 \">\u00ab Le 22 mai, soit quinze jours plus tard, a-t-il poursuivi, coup de th\u00e9\u00e2tre : lors d\u2019une r\u00e9union avec les DGS, le liquidateur annonce ce que je r\u00e9clame depuis le d\u00e9but, \u00e0 savoir qu\u2019il va demander un deuxi\u00e8me acompte \u00e0 due proportion pour les partisans, \u00e0 savoir 213 159 euros \u00e0 la CASSB et 1 432 936 euros \u00e0 TPM et au D\u00e9partement ! La r\u00e9partition est respect\u00e9e, l\u2019\u00e9quit\u00e9 aussi, Je ne peux que me r\u00e9jouir d\u2019avoir enfin \u00e9t\u00e9 entendu \u00bb.<\/p>\n<p class=\"fs-5 \">Au total, 1 867 725 devraient donc \u00eatre dus par la M\u00e9tropole et le D\u00e9partement, et 277 854 euros par la CASSB.<\/p>\n<p class=\"fs-5 \">Le pr\u00e9sident Joseph a aussi confi\u00e9 qu\u2019avant son d\u00e9part, le pr\u00e9fet Philippe Mah\u00e9 lui avait indiqu\u00e9 \u00ab qu\u2019en parfait accord avec le pr\u00e9fet de r\u00e9gion, il \u00e9tait hors de question qu\u2019il nous oblige \u00e0 payer 750 000 euros et que le principe d\u2019\u00e9quit\u00e9 devait \u00eatre respect\u00e9 \u00bb.<\/p>\n<p class=\"fs-5 \">Reste \u00e0 savoir si le recours contre la premi\u00e8re d\u00e9lib\u00e9ration sera retir\u00e9 et la saisine du tribunal administratif stopp\u00e9e. Ce qui ferait office de quitus dans le volet de ce dossier complexe\u2026<\/p>\n<p>                                                                                \u00ab Merci Mme Samat et M. Bayle \u00bb<\/p>\n<p class=\"fs-5 \">En attendant, soucieux de \u00ab ne pas remettre de l\u2019huile sur le feu \u00bb, puisque, veut-il croire, \u00ab le principe d\u2019\u00e9quit\u00e9 a d\u00e9sormais \u00e9t\u00e9 compris par tous \u00bb, Jean-Paul Joseph a profit\u00e9 de cette nouvelle d\u00e9lib\u00e9ration (l\u00e0 encore vot\u00e9e \u00e0 l\u2019unanimit\u00e9) pour remercier Andr\u00e9e Samat (avec laquelle il a pu avoir quelques frictions sur ce sujet, selon nos informations). Pour son \u00ab attitude positive \u00bb : lors d\u2019une r\u00e9cente intervention en conseil d\u2019administration du GIP, dans lequel si\u00e8ge la conseill\u00e8re d\u00e9partementale et m\u00e9tropolitaine (par ailleurs adjointe au maire de Saint-Cyr), \u00ab Madame Samat a pris la parole pour demander au liquidateur de pr\u00e9ciser s\u2019il entendait arr\u00eater la saisine du tribunal administratif, compte tenu de la nouvelle participation de la CASSB \u00e0 l\u2019avance. \u00bb<\/p>\n<p class=\"fs-5 \">Enfin : \u00ab Je remercie \u00e9galement Marc Bayle (\u00e9lu d\u2019opposition \u00e0 Bandol et conseiller communautaire), que j\u2019avais sollicit\u00e9 sur le sujet, en tant qu\u2019avocat et ancien pr\u00e9fet. Il m\u2019avait encourag\u00e9 \u00e0 tenir bon et \u00e0 saisir \u00e9ventuellement le pr\u00e9fet de r\u00e9gion \u00bb, a conclu Jean-Paul Joseph.<\/p>\n<p class=\"fs-5 \">1. La somme de 750 000 euros correspondait en fait \u00e0 la totalit\u00e9 de la dette de Sud Sainte Baume, que Blandine Monier avait propos\u00e9 de payer en une seule fois, alors qu\u2019elle ignorait que le D\u00e9partement du Var proposerait un premier acompte de 70 000 euros pour Sud Sainte Baume et 480 000 euros pour le D\u00e9partement et la M\u00e9tropole.<\/p>\n","protected":false},"excerpt":{"rendered":"L\u2019ardoise de 34 millions (sans compter les int\u00e9r\u00eats moratoires) laiss\u00e9e par le Groupement d\u2019int\u00e9r\u00eat public (GIP) en charge&hellip;\n","protected":false},"author":2,"featured_media":432588,"comment_status":"","ping_status":"","sticky":false,"template":"","format":"standard","meta":{"footnotes":""},"categories":[1412],"tags":[1451,1452,1453,1454,1455,1011,27,60],"class_list":{"0":"post-432587","1":"post","2":"type-post","3":"status-publish","4":"format-standard","5":"has-post-thumbnail","7":"category-f1","8":"tag-f1","9":"tag-formula-1","10":"tag-formula1","11":"tag-formule-1","12":"tag-formule1","13":"tag-fr","14":"tag-france","15":"tag-sports"},"share_on_mastodon":{"url":"https:\/\/pubeurope.com\/@fr\/115302208826168727","error":""},"_links":{"self":[{"href":"https:\/\/www.europesays.com\/fr\/wp-json\/wp\/v2\/posts\/432587","targetHints":{"allow":["GET"]}}],"collection":[{"href":"https:\/\/www.europesays.com\/fr\/wp-json\/wp\/v2\/posts"}],"about":[{"href":"https:\/\/www.europesays.com\/fr\/wp-json\/wp\/v2\/types\/post"}],"author":[{"embeddable":true,"href":"https:\/\/www.europesays.com\/fr\/wp-json\/wp\/v2\/users\/2"}],"replies":[{"embeddable":true,"href":"https:\/\/www.europesays.com\/fr\/wp-json\/wp\/v2\/comments?post=432587"}],"version-history":[{"count":0,"href":"https:\/\/www.europesays.com\/fr\/wp-json\/wp\/v2\/posts\/432587\/revisions"}],"wp:featuredmedia":[{"embeddable":true,"href":"https:\/\/www.europesays.com\/fr\/wp-json\/wp\/v2\/media\/432588"}],"wp:attachment":[{"href":"https:\/\/www.europesays.com\/fr\/wp-json\/wp\/v2\/media?parent=432587"}],"wp:term":[{"taxonomy":"category","embeddable":true,"href":"https:\/\/www.europesays.com\/fr\/wp-json\/wp\/v2\/categories?post=432587"},{"taxonomy":"post_tag","embeddable":true,"href":"https:\/\/www.europesays.com\/fr\/wp-json\/wp\/v2\/tags?post=432587"}],"curies":[{"name":"wp","href":"https:\/\/api.w.org\/{rel}","templated":true}]}}