{"id":432595,"date":"2025-10-02T02:30:56","date_gmt":"2025-10-02T02:30:56","guid":{"rendered":"https:\/\/www.europesays.com\/fr\/432595\/"},"modified":"2025-10-02T02:30:56","modified_gmt":"2025-10-02T02:30:56","slug":"magali-cancel-la-photographe-qui-nous-regale","status":"publish","type":"post","link":"https:\/\/www.europesays.com\/fr\/432595\/","title":{"rendered":"Magali Cancel, la photographe qui nous r\u00e9gale"},"content":{"rendered":"<p>C&rsquo;est dans son beau jardin potager de la Casinca, au milieu des tomates rougissantes et des fleurs odorantes, que la photographe culinaire Magali Cancel nous a donn\u00e9 rendez-vous. \u00a0\u00bb\u00a0Les l\u00e9gumes du jardin m&rsquo;inspirent beaucoup, nous explique-t-elle. Nous avons de belles courgettes en ce moment, j&rsquo;ai donc d\u00e9cid\u00e9 de les d\u00e9cliner pour ce shooting en trois recettes\u00a0: un carpaccio, des tagliatelles et des fleurs farcies.\u00a0\u00ab\u00a0<\/p>\n<p>Une cuisine r\u00e9solument m\u00e9diterran\u00e9enne<\/p>\n<p>Apr\u00e8s ses \u00e9tudes de photographie et quelques ann\u00e9es pass\u00e9es au Qu\u00e9bec pour faire ses armes, Magali a retrouv\u00e9 sa Corse natale et a tr\u00e8s vite fid\u00e9lis\u00e9 ses clients insulaires. La photographie culinaire, notamment pour des restaurants, repr\u00e9sente la majeure partie de son activit\u00e9. Rien d&rsquo;\u00e9tonnant \u00e0 cela si l&rsquo;on en croit l&rsquo;int\u00e9ress\u00e9e\u00a0: \u00a0\u00bb\u00a0Je suis une fan absolue de cuisine et de gastronomie, une v\u00e9ritable foodie\u00a0! \u00ab\u00a0. Quand elle n&rsquo;est pas derri\u00e8re son appareil photo, on retrouve Magali derri\u00e8re les fourneaux. \u00a0\u00bb\u00a0Lorsque j&rsquo;\u00e9tais au Qu\u00e9bec, j&rsquo;avais l&rsquo;habitude de travailler avec une \u00e9quipe de six personnes, se souvient-elle. Il y avait un photographe, mais aussi un cuisinier, un styliste et des assistants. Dor\u00e9navant, je con\u00e7ois tout de A \u00e0 Z. &#8230;<\/p>\n","protected":false},"excerpt":{"rendered":"C&rsquo;est dans son beau jardin potager de la Casinca, au milieu des tomates rougissantes et des fleurs odorantes,&hellip;\n","protected":false},"author":2,"featured_media":432596,"comment_status":"","ping_status":"","sticky":false,"template":"","format":"standard","meta":{"footnotes":""},"categories":[1358],"tags":[17,1348,1384,1385,56044,1687,1386,58,59,1011,27,56043,3946,20528,3583,56045],"class_list":{"0":"post-432595","1":"post","2":"type-post","3":"status-publish","4":"format-standard","5":"has-post-thumbnail","7":"category-arts-et-design","8":"tag-17","9":"tag-arts","10":"tag-arts-and-design","11":"tag-arts-et-design","12":"tag-cancel","13":"tag-culture-loisirs","14":"tag-design","15":"tag-divertissement","16":"tag-entertainment","17":"tag-fr","18":"tag-france","19":"tag-magali","20":"tag-nous","21":"tag-photographe","22":"tag-qui","23":"tag-regale"},"share_on_mastodon":{"url":"https:\/\/pubeurope.com\/@fr\/115302228549491938","error":""},"_links":{"self":[{"href":"https:\/\/www.europesays.com\/fr\/wp-json\/wp\/v2\/posts\/432595","targetHints":{"allow":["GET"]}}],"collection":[{"href":"https:\/\/www.europesays.com\/fr\/wp-json\/wp\/v2\/posts"}],"about":[{"href":"https:\/\/www.europesays.com\/fr\/wp-json\/wp\/v2\/types\/post"}],"author":[{"embeddable":true,"href":"https:\/\/www.europesays.com\/fr\/wp-json\/wp\/v2\/users\/2"}],"replies":[{"embeddable":true,"href":"https:\/\/www.europesays.com\/fr\/wp-json\/wp\/v2\/comments?post=432595"}],"version-history":[{"count":0,"href":"https:\/\/www.europesays.com\/fr\/wp-json\/wp\/v2\/posts\/432595\/revisions"}],"wp:featuredmedia":[{"embeddable":true,"href":"https:\/\/www.europesays.com\/fr\/wp-json\/wp\/v2\/media\/432596"}],"wp:attachment":[{"href":"https:\/\/www.europesays.com\/fr\/wp-json\/wp\/v2\/media?parent=432595"}],"wp:term":[{"taxonomy":"category","embeddable":true,"href":"https:\/\/www.europesays.com\/fr\/wp-json\/wp\/v2\/categories?post=432595"},{"taxonomy":"post_tag","embeddable":true,"href":"https:\/\/www.europesays.com\/fr\/wp-json\/wp\/v2\/tags?post=432595"}],"curies":[{"name":"wp","href":"https:\/\/api.w.org\/{rel}","templated":true}]}}