{"id":432597,"date":"2025-10-02T02:32:11","date_gmt":"2025-10-02T02:32:11","guid":{"rendered":"https:\/\/www.europesays.com\/fr\/432597\/"},"modified":"2025-10-02T02:32:11","modified_gmt":"2025-10-02T02:32:11","slug":"vichy-histoire-dune-dictature-et-le-monde-crea-loccident-la-cause-des-enfants","status":"publish","type":"post","link":"https:\/\/www.europesays.com\/fr\/432597\/","title":{"rendered":"\u00ab\u00a0Vichy. Histoire d\u2019une dictature\u00a0\u00bb, \u00ab\u00a0Et le monde cr\u00e9a l\u2019Occident\u00a0\u00bb, \u00ab\u00a0La Cause des enfants\u00a0\u00bb\u2026"},"content":{"rendered":"\n<p class=\"article__fact article__fact--false\">LA LISTE DE LA MATINALE<\/p>\n<p class=\"article__paragraph  \">Cette semaine, \u00ab\u00a0Le Monde des livres\u00a0\u00bb vous invite \u00e0 lire de l\u2019histoire, \u00e0 l\u2019occasion des Rendez-vous de l\u2019histoire, \u00e0 Blois, du 8\u00a0au 12\u00a0octobre, dont Le Monde est partenaire, avec un ouvrage collectif aussi magistral qu\u2019indispensable sur le r\u00e9gime de Vichy, sous la direction de Laurent Joly\u00a0; une r\u00e9vision spectaculaire de l\u2019histoire antique sign\u00e9e de la Britannique Josephine Quinn\u00a0; un \u00e9pisode m\u00e9connu de la guerre d\u2019Espagne \u2013 15\u00a0000 enfants \u00e9vacu\u00e9s vers la France \u2013 d\u00e9taill\u00e9 par C\u00e9lia Keren\u00a0; les trajectoires de trois \u00e9crivains en France au XVIIIe\u00a0si\u00e8cle, au centre du nouvel essai de l\u2019Am\u00e9ricain Robert Darnton\u00a0; enfin, un roman \u2013 historique, bien s\u00fbr \u2013 le deuxi\u00e8me tome de la trilogie de Benjamin Dierstein sur les ann\u00e9es de plomb fran\u00e7aises, 1975-1985.<\/p>\n<p class=\"article__paragraph  \"><strong>SECONDE GUERRE MONDIALE. \u00ab\u00a0Vichy. Histoire d\u2019une dictature. 1940-1944\u00a0\u00bb, sous la direction de Laurent Joly<\/strong><\/p>\n<p class=\"article__paragraph  \">Vichy. Histoire d\u2019une dictature, pour lequel l\u2019historien Laurent Joly a r\u00e9uni dix des meilleurs sp\u00e9cialistes de la p\u00e9riode, se r\u00e9v\u00e8le une des plus magistrales mises \u00e0 jour historiques qu\u2019il ait r\u00e9cemment \u00e9t\u00e9 donn\u00e9 de lire. Trop d\u2019id\u00e9es approximatives, fausses \u00e0 l\u2019occasion, tra\u00eenent en outre dans le d\u00e9bat public. Il \u00e9tait temps de remettre de l\u2019ordre et de la lumi\u00e8re. C\u2019est ce qui est fait ici, avec une fermet\u00e9 dans l\u2019\u00e9tablissement des faits qui impose d\u2019embl\u00e9e l\u2019autorit\u00e9 de l\u2019ouvrage.<\/p>\n<p class=\"article__paragraph  \">Cela pourrait suffire. Mais autre chose se passe, qui d\u00e9bouche sur l\u2019apport fondamental des auteurs\u00a0: leur capacit\u00e9 \u00e0 modifier notre vision d\u2019ensemble des \u00e9v\u00e9nements. Affaire de forme, dans un premier temps\u00a0: ce sentiment, en passant de chapitre en chapitre, d\u2019\u00eatre emport\u00e9 dans un r\u00e9cit continu, se d\u00e9veloppant autour de probl\u00e9matiques communes, \u00e0 partir d\u2019un corpus partag\u00e9.<\/p>\n<p class=\"article__paragraph  \">Un sentiment que renforce le principe de faire courir \u00e0 travers tout le livre des extraits des journaux intimes de cinq t\u00e9moins importants, dont le regard contribue \u00e0 donner au livre toute sa force novatrice. Car il est \u00e0 ras de terre. Ce qui advient l\u00e0, devant eux, ce ne sont pas les lois de l\u2019histoire d\u00e9ployant leur fatalit\u00e9, mais des humains au travail, dont les choix forgent la situation du pays. Or, l\u2019essentiel de ce que les historiens lisent par ailleurs dans les archives aboutit au m\u00eame constat\u00a0: celui de la contingence des d\u00e9cisions prises, que rien n\u2019imposait.<\/p>\n<p class=\"reading-mode-only \"><strong>Il vous reste 74.57% de cet article \u00e0 lire. La suite est r\u00e9serv\u00e9e aux abonn\u00e9s.<\/strong><\/p>\n","protected":false},"excerpt":{"rendered":"LA LISTE DE LA MATINALE Cette semaine, \u00ab\u00a0Le Monde des livres\u00a0\u00bb vous invite \u00e0 lire de l\u2019histoire, \u00e0&hellip;\n","protected":false},"author":2,"featured_media":432598,"comment_status":"","ping_status":"","sticky":false,"template":"","format":"standard","meta":{"footnotes":""},"categories":[1357],"tags":[1379,58,59,1011,27,1380],"class_list":{"0":"post-432597","1":"post","2":"type-post","3":"status-publish","4":"format-standard","5":"has-post-thumbnail","7":"category-livres","8":"tag-books","9":"tag-divertissement","10":"tag-entertainment","11":"tag-fr","12":"tag-france","13":"tag-livres"},"share_on_mastodon":{"url":"https:\/\/pubeurope.com\/@fr\/115302232446356289","error":""},"_links":{"self":[{"href":"https:\/\/www.europesays.com\/fr\/wp-json\/wp\/v2\/posts\/432597","targetHints":{"allow":["GET"]}}],"collection":[{"href":"https:\/\/www.europesays.com\/fr\/wp-json\/wp\/v2\/posts"}],"about":[{"href":"https:\/\/www.europesays.com\/fr\/wp-json\/wp\/v2\/types\/post"}],"author":[{"embeddable":true,"href":"https:\/\/www.europesays.com\/fr\/wp-json\/wp\/v2\/users\/2"}],"replies":[{"embeddable":true,"href":"https:\/\/www.europesays.com\/fr\/wp-json\/wp\/v2\/comments?post=432597"}],"version-history":[{"count":0,"href":"https:\/\/www.europesays.com\/fr\/wp-json\/wp\/v2\/posts\/432597\/revisions"}],"wp:featuredmedia":[{"embeddable":true,"href":"https:\/\/www.europesays.com\/fr\/wp-json\/wp\/v2\/media\/432598"}],"wp:attachment":[{"href":"https:\/\/www.europesays.com\/fr\/wp-json\/wp\/v2\/media?parent=432597"}],"wp:term":[{"taxonomy":"category","embeddable":true,"href":"https:\/\/www.europesays.com\/fr\/wp-json\/wp\/v2\/categories?post=432597"},{"taxonomy":"post_tag","embeddable":true,"href":"https:\/\/www.europesays.com\/fr\/wp-json\/wp\/v2\/tags?post=432597"}],"curies":[{"name":"wp","href":"https:\/\/api.w.org\/{rel}","templated":true}]}}