{"id":432599,"date":"2025-10-02T02:33:13","date_gmt":"2025-10-02T02:33:13","guid":{"rendered":"https:\/\/www.europesays.com\/fr\/432599\/"},"modified":"2025-10-02T02:33:13","modified_gmt":"2025-10-02T02:33:13","slug":"avant-premiere-demain-nous-appartient-du-3-octobre-2025-episode-2045-tf1-fr","status":"publish","type":"post","link":"https:\/\/www.europesays.com\/fr\/432599\/","title":{"rendered":"Avant-premi\u00e8re &#8211; Demain nous appartient du 3 octobre 2025 &#8211; Episode 2045 &#8211; TF1.fr"},"content":{"rendered":"<ol>\n<li><a href=\"https:\/\/news.google.com\/rss\/articles\/CBMi0AFBVV95cUxOcTlZMzBtS1dYNUR0b052OFlmQl9MTjhDdnQyQTRVMmkzUE9Da0dyTXhUQ2FNTVFBWGN4MWZmVWlSNk10cF84dWhEbW8wTlVCWGxtX3dBV2ZEUDFjdW1SWkg2VXRHQlgxY2JidkRJV2RNejJmSDAxUTFHMUJ2QVN1VGY4N1Z3TXpvVFI4aTVReWJDS19ReWpudW5TYVU4cTVtM2tIaHZkZURHTUVOMGFKMzh5Nkt1cUppZ2QwODZ2RTczbTdFM2o5WUs1TTRhYlQz?oc=5\" target=\"_blank\" rel=\"noopener\">Avant-premi\u00e8re &#8211; Demain nous appartient du 3 octobre 2025 &#8211; Episode 2045<\/a>&nbsp;&nbsp;TF1.fr<\/li>\n<li><a href=\"https:\/\/news.google.com\/rss\/articles\/CBMifkFVX3lxTFBWd0hKNlpRWVpkVmtaYmlVbE82VnVGMVB6M1N1ZlBkUVpoRkJYY1p4YnRwaWtXSlhOMkFrZnRpeU5zTXdibnhLbTlvYzBJX1JRX1pIVnJpNWJmeWRraXE2NVVPdmhMSUx3LXd3THphaGFWa19ONE9wa3R0azdWQQ?oc=5\" target=\"_blank\" rel=\"noopener\">Demain nous appartient : qui a mis le feu au lyc\u00e9e ?<\/a>&nbsp;&nbsp;AlloCin\u00e9<\/li>\n<li><a href=\"https:\/\/news.google.com\/rss\/articles\/CBMijAFBVV95cUxQVmNSa29CZlJEdEJIdktxUGJ0Q0k5Yl9zTl9tNUNKSTNmREhrVktDNFk1YWRjOUlXQ0FvdEkyd0hSdjZoWVNoLXdZb0Z2M3BOUGREbTQ5elRadkN5SXl6ZTRPS3RJUFJLRUFxNEwzdUJnbGZFeS04dzhuTWtCLV9OREMxT1A1a2Z2eXB6TQ?oc=5\" target=\"_blank\" rel=\"noopener\">Demain nous appartient : ce qui vous attend dans l&rsquo;\u00e9pisode 2043 du mercredi 1er octobre 2025 [SPOILERS]<\/a>&nbsp;&nbsp;Yahoo Actualit\u00e9s<\/li>\n<li><a href=\"https:\/\/news.google.com\/rss\/articles\/CBMi1wJBVV95cUxQNGdtanZuNUg5UHhKRUZmZXM0QmRZOWZONTZzMGRoWEVkN0VqU0FQWU1vYjA0XzlJVHBuUGpfSEJSUDdtay1LMmxPMWNjdDdJMTVhenM4Ul9ISm13M3NCZ05waS1tZHYwN0hfOGdieGJwMEcyWHFVVEt5WF9JVFY3bExWTVpWdC1wV2ZYdHlnY3piVzh4T0NrU3V2dUdfWnZ0SFhNN28yNHhsdzlVZF82bV82amZGek5pYjdNQ1hfMDFrQkJ4ZTdEVnFEYmRvR00tTUdxMkRSaVp0RnVWZEI4UGEzak9YSS1ZcVQ1VHJXM3lIQmtSckt6bVRKVTZFSzRWZzhmSjRuUTFldlJIR1AzT2x1c3BDX1Q0ZC04cVAyUEhleUU5RUstVUd4ZTNPYmYxS0NLOUpBek53dmJkYWVXaklxemJLb0VFRFdteUJTMTJUcUNxaXA0?oc=5\" target=\"_blank\" rel=\"noopener\">Demain nous appartient en avance : Fran\u00e7ois quitte son poste de prof, Bart soup\u00e7onne Marceau d&rsquo;avoir mis le feu au lyc\u00e9e, Erica furieuse\u2026 Le r\u00e9sum\u00e9 de l&rsquo;\u00e9pisode 2044 du jeudi 2 octobre 2025<\/a>&nbsp;&nbsp;programme-tv.net<\/li>\n<li><a href=\"https:\/\/news.google.com\/rss\/articles\/CBMi6AFBVV95cUxPT19JOXN5cmNySkdsTmdsR0ROYy1xWk5WQmh2YU5kTTQwU1MxUklDUzBKbXBfUW5LckVxMDBWRlBqUU9RWnRJbmxzcUVWTUpLY2RVUEFqVHQ5WU1janlWRWVrUHY5WTlhclp4THlPYjJnaFpiY1FMWEV5SWkxcDBrUE9VOWZZUXpZSFN3cld1eXJrME91ODRPX19BaGtldjl5eDhRUTNhVVpjUWtmZXFBRXJCUGJZb0dQQ3ZuNmxCa2dtRjd0WGtNc0pLbXdHZ1p1Z3RXMWFoaDB4dkJMdm5vdHJJRl9fMTBo?oc=5\" target=\"_blank\" rel=\"noopener\">Demain nous appartient : \u00ab\u00a0T\u2019as balanc\u00e9 Marceau ?\u00a0\u00bb Le r\u00e9sum\u00e9 du 02 octobre (SPOILERS)<\/a>&nbsp;&nbsp;T\u00e9l\u00e9 7 Jours<\/li>\n<\/ol>\n","protected":false},"excerpt":{"rendered":"Avant-premi\u00e8re &#8211; Demain nous appartient du 3 octobre 2025 &#8211; Episode 2045&nbsp;&nbsp;TF1.fr Demain nous appartient : qui a&hellip;\n","protected":false},"author":2,"featured_media":432600,"comment_status":"","ping_status":"","sticky":false,"template":"","format":"standard","meta":{"footnotes":""},"categories":[1356],"tags":[4090,43004,58,59,1365,4089,43003,41047,1011,27,43001,43011,43015,43002,43012,43016,43008,43007,43013,43014,43009,43010,252,1364,43005,43006],"class_list":{"0":"post-432599","1":"post","2":"type-post","3":"status-publish","4":"format-standard","5":"has-post-thumbnail","7":"category-television","8":"tag-demain-nous-appartient-episode","9":"tag-demain-nous-appartient-episode-tf1","10":"tag-divertissement","11":"tag-entertainment","12":"tag-episode","13":"tag-episode-demain-nous-appartient","14":"tag-episode-demain-nous-appartient-tf1","15":"tag-episode-tf1","16":"tag-fr","17":"tag-france","18":"tag-serie-demain-nous-appartient","19":"tag-serie-demain-nous-appartient-streaming","20":"tag-serie-demain-nous-appartient-streaming-gratuit","21":"tag-serie-demain-nous-appartient-tf1","22":"tag-serie-demain-nous-appartient-tf1-streaming","23":"tag-serie-demain-nous-appartient-tf1-streaming-gratuit","24":"tag-serie-demain-nous-appartient-tf1-video","25":"tag-serie-demain-nous-appartient-video","26":"tag-streaming-gratuit-serie-demain-nous-appartient","27":"tag-streaming-gratuit-serie-demain-nous-appartient-tf1","28":"tag-streaming-serie-demain-nous-appartient","29":"tag-streaming-serie-demain-nous-appartient-tf1","30":"tag-television","31":"tag-tv","32":"tag-video-serie-demain-nous-appartient","33":"tag-video-serie-demain-nous-appartient-tf1"},"share_on_mastodon":{"url":"","error":"Validation failed: Text character limit of 500 exceeded"},"_links":{"self":[{"href":"https:\/\/www.europesays.com\/fr\/wp-json\/wp\/v2\/posts\/432599","targetHints":{"allow":["GET"]}}],"collection":[{"href":"https:\/\/www.europesays.com\/fr\/wp-json\/wp\/v2\/posts"}],"about":[{"href":"https:\/\/www.europesays.com\/fr\/wp-json\/wp\/v2\/types\/post"}],"author":[{"embeddable":true,"href":"https:\/\/www.europesays.com\/fr\/wp-json\/wp\/v2\/users\/2"}],"replies":[{"embeddable":true,"href":"https:\/\/www.europesays.com\/fr\/wp-json\/wp\/v2\/comments?post=432599"}],"version-history":[{"count":0,"href":"https:\/\/www.europesays.com\/fr\/wp-json\/wp\/v2\/posts\/432599\/revisions"}],"wp:featuredmedia":[{"embeddable":true,"href":"https:\/\/www.europesays.com\/fr\/wp-json\/wp\/v2\/media\/432600"}],"wp:attachment":[{"href":"https:\/\/www.europesays.com\/fr\/wp-json\/wp\/v2\/media?parent=432599"}],"wp:term":[{"taxonomy":"category","embeddable":true,"href":"https:\/\/www.europesays.com\/fr\/wp-json\/wp\/v2\/categories?post=432599"},{"taxonomy":"post_tag","embeddable":true,"href":"https:\/\/www.europesays.com\/fr\/wp-json\/wp\/v2\/tags?post=432599"}],"curies":[{"name":"wp","href":"https:\/\/api.w.org\/{rel}","templated":true}]}}