{"id":432601,"date":"2025-10-02T02:34:11","date_gmt":"2025-10-02T02:34:11","guid":{"rendered":"https:\/\/www.europesays.com\/fr\/432601\/"},"modified":"2025-10-02T02:34:11","modified_gmt":"2025-10-02T02:34:11","slug":"la-maison-blanche-repond-aux-critiques-dariana-grande-en-detournant-ses-chansons","status":"publish","type":"post","link":"https:\/\/www.europesays.com\/fr\/432601\/","title":{"rendered":"la Maison Blanche r\u00e9pond aux critiques d\u2019Ariana Grande en d\u00e9tournant ses chansons"},"content":{"rendered":"<p>La chanteuse de 32 ans, cinqui\u00e8me personnalit\u00e9 la plus suivie sur Instagram, a exprim\u00e9 sur les r\u00e9seaux sociaux son opposition \u00e0 la politique du pr\u00e9sident r\u00e9publicain.<\/p>\n<p class=\"fig-paragraph\">Les \u00e9lecteurs MAGA vont finir par devoir \u00e9couter les titres de Lara Trump,\u00a0<a href=\"http:\/\/www.lefigaro.fr\/musique\/gims-assure-qu-il-n-y-aura-pas-de-duo-avec-lara-trump-20250724\" target=\"_blank\" data-fig-type=\"NewsFlash\" rel=\"noopener\" data-gtm-custom-categorie=\"navigation\" data-gtm-custom-action=\"crossclick\" data-gtm-custom-label=\"Contextuel\" data-gtm-event=\"customEventSPE\" data-fig-domain=\"LEFIGARO\">la belle-fille du pr\u00e9sident<\/a>, qui se r\u00eave en musicienne internationale. Apr\u00e8s Beyonce, Bon Jovi ou encore John Legend, c\u2019est au tour d\u2019Ariana Grande d\u2019\u00eatre fustig\u00e9e. Non plus du candidat Donald Trump, mais de son administration. La chanteuse am\u00e9ricaine de 32 ans, qui a fait ses d\u00e9buts \u00e0 Hollywood l\u2019an dernier dans\u00a0<a href=\"http:\/\/www.lefigaro.fr\/cinema\/notre-critique-de-wicked-avec-ariana-grande-le-magicien-d-oz-joue-la-carte-des-sorcieres-20241203\" target=\"_blank\" data-fig-type=\"Article\" rel=\"noopener\" data-gtm-custom-categorie=\"navigation\" data-gtm-custom-action=\"crossclick\" data-gtm-custom-label=\"Contextuel\" data-gtm-event=\"customEventSPE\" data-fig-domain=\"LEFIGARO\">Wicked<\/a>, avait remis en cause la politique du milliardaire r\u00e9publicain.<\/p>\n<p class=\"fig-paragraph\">Le 28 septembre, l\u2019interpr\u00e8te a repartag\u00e9 sur Instagram un message de Matt Bernstein, activiste qui s\u2019empare r\u00e9guli\u00e8rement sur les r\u00e9seaux sociaux de la th\u00e9matique LGBT. \u00ab\u00a0La souffrance g\u00e9n\u00e9ralis\u00e9e des autres a-t-elle port\u00e9 ses fruits pour vous comme pr\u00e9vu ou attendez-vous encore\u00a0?\u00bb, s\u2019aga\u00e7ait-il, en faisant mine de s\u2019adresser aux \u00e9lecteurs de Trump. Puis il d\u00e9non\u00e7ait \u00ab la s\u00e9paration des familles d\u2019immigrants, l\u2019hostilit\u00e9 croissante envers les personnes trans et des restrictions \u00e0 la libert\u00e9 d\u2019expression\u00a0\u00bb.<\/p>\n<p class=\"fig-body-link\">\n            \u00c0 lire aussi<br \/>\n        <a class=\"fig-body-link__link\" href=\"http:\/\/www.lefigaro.fr\/musique\/apres-sept-ans-d-absence-ariana-grande-annonce-sa-nouvelle-tournee-mais-ne-chantera-pas-en-france-20250829\" target=\"_blank\" data-fig-type=\"Article\" rel=\"noopener\" data-gtm-custom-categorie=\"navigation\" data-gtm-custom-action=\"crossclick\" data-gtm-custom-label=\"Contextuel\" data-gtm-event=\"customEventSPE\" data-fig-domain=\"LEFIGARO\">Apr\u00e8s sept ans d\u2019absence, Ariana Grande annonce sa nouvelle tourn\u00e9e&#8230; mais ne chantera pas en France<br \/>\n    <\/a>\n<\/p>\n<p>                                    <a class=\"fig-a11y-skip a11y-hidden\" href=\"#fig-a11y-skip-main-inarticle\"><br \/>\n        Passer la publicit\u00e9<br \/>\n    <\/a><\/p>\n<p>Soutien aux jeunes LGBT<\/p>\n<p class=\"fig-paragraph\">Ariana Grande, cinqui\u00e8me personnalit\u00e9 la plus suivie d\u2019Instagram avec 373 millions d\u2019abonn\u00e9s, s\u2019adresse \u00e0 un public tr\u00e8s large. Raison de plus, pour la Maison-Blanche, de lui r\u00e9pondre\u00a0? Dans une d\u00e9claration diffus\u00e9e par le quotidien britannique\u00a0<a href=\"https:\/\/www.independent.co.uk\/news\/world\/americas\/us-politics\/ariana-grande-donald-trump-post-response-b2836511.html\" target=\"_blank\" rel=\"noopener\" data-gtm-custom-categorie=\"navigation\" data-gtm-custom-action=\"crossclick\" data-gtm-custom-label=\"Contextuel\" data-gtm-event=\"customEventSPE\">The Independent<\/a>, le porte-parole adjoint de la pr\u00e9sidence a balay\u00e9 de la main les critiques relay\u00e9es par la chanteuse floridienne.<\/p>\n<p class=\"fig-paragraph\">\u00ab\u00a0Ariana, garde tes larmes, car les actions du pr\u00e9sident Trump ont mis fin \u00e0 la crise inflationniste de Joe Biden et g\u00e9n\u00e8rent des milliers de milliards de dollars de nouveaux investissements (&#8230;) Il a m\u00eame sign\u00e9 un d\u00e9cret, comme par magie, qui a ouvert la voie \u00e0 la FTC (Federal Trade Commission, NDR) pour s\u00e9vir contre Ticketmaster, accus\u00e9 d\u2019avoir arnaqu\u00e9 les fans d\u2019Ariana Grande lors de leurs concerts. Bon r\u00e9tablissement, Ariana\u00a0!\u00a0\u00bb, \u00e9crit Kush Desai.<\/p>\n<p class=\"fig-paragraph\">\u00ab\u00a0Garde tes larmes\u00a0\u00bb, \u00ab\u00a0comme par magie\u00a0\u00bb, \u00ab\u00a0bon r\u00e9tablissement\u00a0\u00bb\u00a0: ces expressions, choisies sciemment, renvoient \u00e0 trois titres chant\u00e9s par Ariana Grande. Save Your Tears, Just like Magic et Get Well Soon. Avec l\u2019habituel sens de la mesure des lieutenants de Donald Trump, le porte-parole d\u00e9fend l\u2019action de la pr\u00e9sidence et contre-attaque en citant la plainte du Federal Trade Commission contre Ticketmaster. L\u2019agence accuse la billetterie d\u2019avoir recours \u00e0 d<a href=\"http:\/\/www.lefigaro.fr\/flash-eco\/le-geant-de-la-billetterie-en-ligne-ticketmaster-poursuivi-en-justice-par-les-autorites-americaines-20250918\" target=\"_blank\" data-fig-type=\"NewsFlash\" rel=\"noopener\" data-gtm-custom-categorie=\"navigation\" data-gtm-custom-action=\"crossclick\" data-gtm-custom-label=\"Contextuel\" data-gtm-event=\"customEventSPE\" data-fig-domain=\"LEFIGARO\">es pratiques ill\u00e9gales de vente de billets<\/a>.<\/p>\n<p class=\"fig-body-link\">\n            \u00c0 lire aussi<br \/>\n        <a class=\"fig-body-link__link\" href=\"http:\/\/www.lefigaro.fr\/musique\/il-est-devenu-quelqu-un-d-autre-rod-stewart-etrille-son-ancien-ami-donald-trump-20250623\" target=\"_blank\" data-fig-type=\"Article\" rel=\"noopener\" data-gtm-custom-categorie=\"navigation\" data-gtm-custom-action=\"crossclick\" data-gtm-custom-label=\"Contextuel\" data-gtm-event=\"customEventSPE\" data-fig-domain=\"LEFIGARO\">\u00ab\u00a0Il est devenu quelqu\u2019un d\u2019autre\u00a0\u00bb\u00a0: Rod Stewart \u00e9trille son ancien ami Donald Trump<br \/>\n    <\/a>\n<\/p>\n<p class=\"fig-paragraph\">Apr\u00e8s avoir soutenu\u00a0<a href=\"http:\/\/www.lefigaro.fr\/actualite-france\/taxe-zucman-de-bernie-sanders-a-raphael-glucksmann-l-itineraire-secret-d-une-offensive-antiriches-20250916\" target=\"_blank\" data-fig-type=\"Article\" rel=\"noopener\" data-gtm-custom-categorie=\"navigation\" data-gtm-custom-action=\"crossclick\" data-gtm-custom-label=\"Contextuel\" data-gtm-event=\"customEventSPE\" data-fig-domain=\"LEFIGARO\">Bernie Sanders<\/a>\u00a0&#8211; le s\u00e9nateur socialiste s\u2019\u00e9tait rendu \u00e0 l\u2019un de ses concerts &#8211; en 2020, Ariana Grande a affich\u00e9 son soutien \u00e0 Joe Biden puis, de fa\u00e7on plus marqu\u00e9e, \u00e0 Kamala Harris. En juin dernier, aux c\u00f4t\u00e9s des vedettes Pedro Pascal, Dua Lipa, Sabrina Carpenter, Cara Delevingne ou Christina Aguilera, la jeune femme a sign\u00e9\u00a0<a href=\"http:\/\/www.lefigaro.fr\/culture\/ariana-grande-daniel-radcliffe-dua-lipa-se-mobilisent-pour-la-protection-des-jeunes-lgbt-face-a-donald-trump-20250603\" target=\"_blank\" data-fig-type=\"Article\" rel=\"noopener\" data-gtm-custom-categorie=\"navigation\" data-gtm-custom-action=\"crossclick\" data-gtm-custom-label=\"Contextuel\" data-gtm-event=\"customEventSPE\" data-fig-domain=\"LEFIGARO\">une lettre ouverte<\/a>\u00a0appelant \u00e0 la protection des fonds f\u00e9d\u00e9raux destin\u00e9s aux programmes de pr\u00e9vention du suicide chez les jeunes LGBT.<\/p>\n","protected":false},"excerpt":{"rendered":"La chanteuse de 32 ans, cinqui\u00e8me personnalit\u00e9 la plus suivie sur Instagram, a exprim\u00e9 sur les r\u00e9seaux sociaux&hellip;\n","protected":false},"author":2,"featured_media":432602,"comment_status":"","ping_status":"","sticky":false,"template":"","format":"standard","meta":{"footnotes":""},"categories":[1355],"tags":[27818,58,75,59,1011,27,1361,873],"class_list":{"0":"post-432601","1":"post","2":"type-post","3":"status-publish","4":"format-standard","5":"has-post-thumbnail","7":"category-musique","8":"tag-ariana-grande","9":"tag-divertissement","10":"tag-donald-trump","11":"tag-entertainment","12":"tag-fr","13":"tag-france","14":"tag-music","15":"tag-musique"},"share_on_mastodon":{"url":"https:\/\/pubeurope.com\/@fr\/115302240313372738","error":""},"_links":{"self":[{"href":"https:\/\/www.europesays.com\/fr\/wp-json\/wp\/v2\/posts\/432601","targetHints":{"allow":["GET"]}}],"collection":[{"href":"https:\/\/www.europesays.com\/fr\/wp-json\/wp\/v2\/posts"}],"about":[{"href":"https:\/\/www.europesays.com\/fr\/wp-json\/wp\/v2\/types\/post"}],"author":[{"embeddable":true,"href":"https:\/\/www.europesays.com\/fr\/wp-json\/wp\/v2\/users\/2"}],"replies":[{"embeddable":true,"href":"https:\/\/www.europesays.com\/fr\/wp-json\/wp\/v2\/comments?post=432601"}],"version-history":[{"count":0,"href":"https:\/\/www.europesays.com\/fr\/wp-json\/wp\/v2\/posts\/432601\/revisions"}],"wp:featuredmedia":[{"embeddable":true,"href":"https:\/\/www.europesays.com\/fr\/wp-json\/wp\/v2\/media\/432602"}],"wp:attachment":[{"href":"https:\/\/www.europesays.com\/fr\/wp-json\/wp\/v2\/media?parent=432601"}],"wp:term":[{"taxonomy":"category","embeddable":true,"href":"https:\/\/www.europesays.com\/fr\/wp-json\/wp\/v2\/categories?post=432601"},{"taxonomy":"post_tag","embeddable":true,"href":"https:\/\/www.europesays.com\/fr\/wp-json\/wp\/v2\/tags?post=432601"}],"curies":[{"name":"wp","href":"https:\/\/api.w.org\/{rel}","templated":true}]}}