{"id":432605,"date":"2025-10-02T02:37:27","date_gmt":"2025-10-02T02:37:27","guid":{"rendered":"https:\/\/www.europesays.com\/fr\/432605\/"},"modified":"2025-10-02T02:37:27","modified_gmt":"2025-10-02T02:37:27","slug":"votre-enfant-ronfle-et-il-est-fatigue-il-souffre-peut-etre-dapnee-du-sommeil","status":"publish","type":"post","link":"https:\/\/www.europesays.com\/fr\/432605\/","title":{"rendered":"Votre enfant ronfle et il est fatigu\u00e9\u00a0? Il souffre peut-\u00eatre d\u2019apn\u00e9e du sommeil"},"content":{"rendered":"<p>    \u00ab Un enfant qui ronfle, qui transpire la nuit, qui se r\u00e9veille fatigu\u00e9, ce n\u2019est jamais normal\u00a0\u00bb, mart\u00e8le le Dr Marc Sap\u00e8ne, pneumologue \u00e0 Bordeaux et pr\u00e9sident d\u2019Alliance apn\u00e9e du sommeil.<br \/>\n                New Africa &#8211; stock.adobe.com<\/p>\n<p>Chez l\u2019enfant, ce trouble est sous-diagnostiqu\u00e9. Pourtant, il a de v\u00e9ritables cons\u00e9quences sur la concentration et le comportement.<\/p>\n<p class=\"fig-paragraph\">Un mois apr\u00e8s la rentr\u00e9e, certains enfants donnent d\u00e9j\u00e0 l\u2019impression d\u2019\u00eatre au bout du rouleau. P\u00e2les, les yeux cern\u00e9s,\u00a0<a href=\"http:\/\/sante.lefigaro.fr\/mieux-etre\/de-quelle-fatigue-souffrez-vous-et-comment-en-venir-a-bout-20241002\" data-fig-type=\"Article\" data-gtm-custom-categorie=\"navigation\" data-gtm-custom-action=\"crossclick\" data-gtm-custom-label=\"Contextuel\" data-gtm-event=\"customEventSPE\" data-fig-domain=\"SANTE\" target=\"_blank\" rel=\"noopener\">fatigu\u00e9s<\/a>\u00a0du matin au soir, ronflant la nuit&#8230; On met cela sur le compte du rythme scolaire, des \u00e9crans ou d\u2019une petite baisse de tonus saisonni\u00e8re. Mais si, derri\u00e8re ces signes, se cachait un trouble bien plus s\u00e9rieux\u00a0:\u00a0<a href=\"https:\/\/sante.lefigaro.fr\/sante\/maladie\/syndrome-dapnees-sommeil\/quels-traitements\" target=\"_blank\" data-fig-type=\"Keyword\" rel=\"sponsored noopener\" data-gtm-custom-categorie=\"navigation\" data-gtm-custom-action=\"crossclick\" data-gtm-custom-label=\"Contextuel\" data-gtm-event=\"customEventSPE\" data-fig-domain=\"SANTE\">l\u2019apn\u00e9e du sommeil<\/a>\u00a0? \u00ab\u00a0<a href=\"https:\/\/sante.lefigaro.fr\/sante\/symptome\/ronflement\/vos-questions\" target=\"_blank\" data-fig-type=\"Keyword\" rel=\"sponsored noopener\" data-gtm-custom-categorie=\"navigation\" data-gtm-custom-action=\"crossclick\" data-gtm-custom-label=\"Contextuel\" data-gtm-event=\"customEventSPE\" data-fig-domain=\"SANTE\">Un enfant qui ronfle<\/a> , qui transpire la nuit, qui se r\u00e9veille fatigu\u00e9, ce n\u2019est jamais normal\u00a0\u00bb, mart\u00e8le le Dr\u00a0Marc Sap\u00e8ne, pneumologue \u00e0 Bordeaux et pr\u00e9sident d\u2019Alliance apn\u00e9e du sommeil.<\/p>\n<p class=\"fig-paragraph\">Chez l\u2019enfant, les apn\u00e9es ne ressemblent pas forc\u00e9ment \u00e0 celles de l\u2019adulte. L\u2019enfant ne \u00ab\u00a0bloque\u00a0\u00bb pas toujours sa respiration, mais lutte pour inspirer, bouche entrouverte, langue basse, efforts respiratoires non r\u00e9compens\u00e9s. R\u00e9sultat\u00a0: son sommeil est fragment\u00e9, donc non r\u00e9parateur. Les cons\u00e9quences peuvent \u00eatre particuli\u00e8rement lourdes. \u00ab\u00a0Le sommeil est essentiel au d\u00e9veloppement du cerveau et de la croissance. Il n\u2019est\u2026<\/p>\n<p class=\"fig-premium-paywall__infos\">\n        Cet article est r\u00e9serv\u00e9 aux abonn\u00e9s.        Il vous reste 75% \u00e0 d\u00e9couvrir.\n    <\/p>\n<p>                <img  data- alt=\"Le Figaro\" class=\"fig-img--complete fig-img\"\/><\/p>\n<p class=\"fig-premium-paywall__title\">Vous avez envie de lire la suite ?<\/p>\n<p class=\"fig-premium-paywall__subtitle\">D\u00e9bloquez tous les articles imm\u00e9diatement.<\/p>\n<p class=\"fig-premium-paywall__connect\">\n                D\u00e9j\u00e0 abonn\u00e9\u00a0?                <a class=\"fig-premium-paywall__connect-link\" href=\"https:\/\/connect.lefigaro.fr\/login?client=sante_web&amp;type=main&amp;redirect_uri=https%3A%2F%2Fsante.lefigaro.fr%2Fmedecine%2Fvotre-enfant-ronfle-et-il-est-fatigue-il-souffre-peut-etre-d-apnee-du-sommeil-20251001\" data-js-gtm=\"{&quot;customCategorie&quot;: &quot;conversion&quot;, &quot;customAction&quot;: &quot;before_Landing_Connexion_paywall_auto&quot;, &quot;customLabel&quot;: &quot;c2FudGUubGVmaWdhcm8uZnJfXzFmMDlhYjA1LWU4YmQtNjQ3Mi1iYjk3LTU1MzAyMTE0MmVjNF9fQXJ0aWNsZQ==_Votre enfant ronfle et il est fatigu\u00e9\u00a0? Il souffre peut-\u00eatre d\u2019apn\u00e9e du sommeil_433&quot;, &quot;customIDSPE&quot;: &quot;c2FudGUubGVmaWdhcm8uZnJfXzFmMDlhYjA1LWU4YmQtNjQ3Mi1iYjk3LTU1MzAyMTE0MmVjNF9fQXJ0aWNsZQ==&quot;, &quot;event&quot;: &quot;customEventSPE&quot;}\" target=\"_blank\" rel=\"noopener\"><br \/>\n                    Connectez-vous<br \/>\n                <\/a>\n            <\/p>\n","protected":false},"excerpt":{"rendered":"\u00ab Un enfant qui ronfle, qui transpire la nuit, qui se r\u00e9veille fatigu\u00e9, ce n\u2019est jamais normal\u00a0\u00bb, mart\u00e8le&hellip;\n","protected":false},"author":2,"featured_media":432606,"comment_status":"","ping_status":"","sticky":false,"template":"","format":"standard","meta":{"footnotes":""},"categories":[10],"tags":[56046,1011,27,72,71,279],"class_list":{"0":"post-432605","1":"post","2":"type-post","3":"status-publish","4":"format-standard","5":"has-post-thumbnail","7":"category-sante","8":"tag-apnees-du-sommeil","9":"tag-fr","10":"tag-france","11":"tag-health","12":"tag-sante","13":"tag-sommeil"},"share_on_mastodon":{"url":"https:\/\/pubeurope.com\/@fr\/115302252079555389","error":""},"_links":{"self":[{"href":"https:\/\/www.europesays.com\/fr\/wp-json\/wp\/v2\/posts\/432605","targetHints":{"allow":["GET"]}}],"collection":[{"href":"https:\/\/www.europesays.com\/fr\/wp-json\/wp\/v2\/posts"}],"about":[{"href":"https:\/\/www.europesays.com\/fr\/wp-json\/wp\/v2\/types\/post"}],"author":[{"embeddable":true,"href":"https:\/\/www.europesays.com\/fr\/wp-json\/wp\/v2\/users\/2"}],"replies":[{"embeddable":true,"href":"https:\/\/www.europesays.com\/fr\/wp-json\/wp\/v2\/comments?post=432605"}],"version-history":[{"count":0,"href":"https:\/\/www.europesays.com\/fr\/wp-json\/wp\/v2\/posts\/432605\/revisions"}],"wp:featuredmedia":[{"embeddable":true,"href":"https:\/\/www.europesays.com\/fr\/wp-json\/wp\/v2\/media\/432606"}],"wp:attachment":[{"href":"https:\/\/www.europesays.com\/fr\/wp-json\/wp\/v2\/media?parent=432605"}],"wp:term":[{"taxonomy":"category","embeddable":true,"href":"https:\/\/www.europesays.com\/fr\/wp-json\/wp\/v2\/categories?post=432605"},{"taxonomy":"post_tag","embeddable":true,"href":"https:\/\/www.europesays.com\/fr\/wp-json\/wp\/v2\/tags?post=432605"}],"curies":[{"name":"wp","href":"https:\/\/api.w.org\/{rel}","templated":true}]}}