{"id":432609,"date":"2025-10-02T02:39:11","date_gmt":"2025-10-02T02:39:11","guid":{"rendered":"https:\/\/www.europesays.com\/fr\/432609\/"},"modified":"2025-10-02T02:39:11","modified_gmt":"2025-10-02T02:39:11","slug":"vincent-cerutti-accuse-dagression-sexuelle-nouveau-rebondissement-dans-laffaire-des-morsures-de-fesses","status":"publish","type":"post","link":"https:\/\/www.europesays.com\/fr\/432609\/","title":{"rendered":"Vincent Cerutti accus\u00e9 d\u2019agression sexuelle : nouveau rebondissement dans l\u2019affaire des morsures de fesses"},"content":{"rendered":"<p>      R\u00e9sum\u00e9<\/p>\n<p>Vincent Cerutti est renvoy\u00e9 devant le tribunal correctionnel de Paris pour des faits d\u2019atteinte sexuelle pr\u00e9sum\u00e9e datant de 2015, dans une affaire en cours depuis plusieurs ann\u00e9es.<\/p>\n<p>        Sommaire<\/p>\n<p><a href=\"https:\/\/www.public.fr\/tag\/vincent-cerutti\" target=\"_blank\" rel=\"noopener\">Vincent Cerutti<\/a> n\u2019est pas tir\u00e9 d\u2019affaire. Le 20 octobre 2023, nos confr\u00e8res du Parisien r\u00e9v\u00e9laient que l\u2019ancien animateur de <strong>Danse avec les stars<\/strong> avait \u00e9t\u00e9 mis en examen par le tribunal de Paris le 6 septembre de la m\u00eame ann\u00e9e <a href=\"https:\/\/www.public.fr\/vincent-cerutti-accuse-d-agression-sexuelle-l-animateur-aurait-mordu-les-fesses-d-une-collaboratrice\" target=\"_blank\" rel=\"noopener\">pour agression sexuelle.<\/a><\/p>\n<p>Une mise examen qui fait suite aux accusations, pour des faits qui remontent en 2015, d\u2019une ancienne standardiste de Ch\u00e9rie FM. Une radio sur laquelle officiait autrefois le <a href=\"https:\/\/www.public.fr\/hapsatou-sy-sept-ans-apres-le-scandale-gros-rebondissement-et-sanction-pour-eric-zemmour\" target=\"_blank\" rel=\"noopener\">compagnon d\u2019Hapsatou Sy.<\/a> \u00a0<\/p>\n<p>Vincent Cerutti face \u00e0 de graves accusations<\/p>\n<p>Celle-ci indiquait que, d\u00e8s sa premi\u00e8re semaine de travail, la jeune femme de 34 ans aurait \u00e9t\u00e9 interpell\u00e9e par l\u2019animateur.\u00a0\u00ab\u00a0<strong>T\u2019as un beau cul dans ce jean<\/strong>, \u00e7a donne envie de se mettre dedans\u00a0\u00bb lui aurait-il lanc\u00e9. Quelques mois plus tard, Vincent Cerutti aurait perdu ses nerfs. <a href=\"https:\/\/vsd.fr\/tag\/vincent-cerutti\/\" target=\"_blank\" rel=\"noopener\">L\u2019animateur<\/a>, aurait pos\u00e9 ses pieds sur le bureau de la standardiste.\u00a0Cette derni\u00e8re, n\u2019appr\u00e9ciant pas le geste, lui aurait alors jet\u00e9 l\u2019une des chaussures de la star.<\/p>\n<p>Furieux, l\u2019animateur aurait alors plaqu\u00e9 la jeune femme au sol, lui aurait plac\u00e9 les mains et lui aurait mordu la fesse droite \u00e0 travers son pantalon d\u2019apr\u00e8s le Parisien. Trois ans plus tard, Vincent Cerutti aurait r\u00e9it\u00e9r\u00e9 en mordant \u00e0 nouveau les fesses de la standardiste. Fait que deux t\u00e9moins auraient confirm\u00e9 apr\u00e8s avoir vu la sc\u00e8ne.<\/p>\n<p>N\u00e9anmoins, suite \u00e0 une premi\u00e8re plainte en d\u00e9cembre\u00a02017, l\u2019affaire avait \u00e9t\u00e9 class\u00e9e sans suite en juin\u00a02019. La plaignante avait, par la suite, portait plainte le 20 mai 2020 avec constitution de partie civile, entra\u00eenant l\u2019ouverture d\u2019une instruction judiciaire.\u00a0<\/p>\n<p>L&rsquo;animateur renvoy\u00e9 en correctionnelle<\/p>\n<p>Ce mercredi 1er octobre 2025, nos confr\u00e8res du Parisien indiquent que <strong>Vincent Cerutti va de nouveau faire face \u00e0 la justice.<\/strong> Le quotidien indique que l\u2019animateur est renvoy\u00e9 en correctionnelle pour atteinte sexuelle, avec violence, contrainte, menace ou surprise.<\/p>\n<p>Le 9 d\u00e9cembre prochain, il se fera juger par le tribunal correctionnelle de Paris et risque une peine importante. \u00c0 savoir <strong>cinq ans d\u2019emprisonnement et 75 000 euros d\u2019amende<\/strong>. \u00ab\u00a0La radio Ch\u00e9rie FM et le producteur de la matinale de cette station, Vincent Soulet, contre lesquels des plaintes avaient \u00e9t\u00e9 d\u00e9pos\u00e9es en parall\u00e8le pour harc\u00e8lement moral, ont, quant \u00e0 eux, b\u00e9n\u00e9fici\u00e9 de non-lieu\u00a0\u00bb, pr\u00e9cise le Parisien.<\/p>\n<p>\u00c0 l\u2019heure actuelle, Vincent Cerutti, bien qu\u2019il n\u2019ait pas ni\u00e9 les faits, d\u00e9ment formellement qu\u2019ils aient <strong>\u00ab\u00a0jamais eu la moindre connotation sexuelle\u00a0\u00bb<\/strong>. C\u2019est en tout cas ce qu\u2019assuraient ses avocats aupr\u00e8s du Parisien suite aux r\u00e9v\u00e9lations de nos confr\u00e8res. Aujourd\u2019hui, l\u2019animateur attend cette audience \u00ab\u00a0avec un certain soulagement\u00a0\u00bb selon son nouvel avocat Antoine Vey.<\/p>\n<p>      Mentionn\u00e9s dans cet article<\/p>\n<p>      Sur le m\u00eame sujet<\/p>\n","protected":false},"excerpt":{"rendered":"R\u00e9sum\u00e9 Vincent Cerutti est renvoy\u00e9 devant le tribunal correctionnel de Paris pour des faits d\u2019atteinte sexuelle pr\u00e9sum\u00e9e datant&hellip;\n","protected":false},"author":2,"featured_media":432610,"comment_status":"","ping_status":"","sticky":false,"template":"","format":"standard","meta":{"footnotes":""},"categories":[8],"tags":[9100,58,59,56047,1011,27,20744,56048],"class_list":{"0":"post-432609","1":"post","2":"type-post","3":"status-publish","4":"format-standard","5":"has-post-thumbnail","7":"category-divertissement","8":"tag-cherie-fm","9":"tag-divertissement","10":"tag-entertainment","11":"tag-fesse","12":"tag-fr","13":"tag-france","14":"tag-hapsatou-sy","15":"tag-vincent-cerutti"},"share_on_mastodon":{"url":"https:\/\/pubeurope.com\/@fr\/115302260022522789","error":""},"_links":{"self":[{"href":"https:\/\/www.europesays.com\/fr\/wp-json\/wp\/v2\/posts\/432609","targetHints":{"allow":["GET"]}}],"collection":[{"href":"https:\/\/www.europesays.com\/fr\/wp-json\/wp\/v2\/posts"}],"about":[{"href":"https:\/\/www.europesays.com\/fr\/wp-json\/wp\/v2\/types\/post"}],"author":[{"embeddable":true,"href":"https:\/\/www.europesays.com\/fr\/wp-json\/wp\/v2\/users\/2"}],"replies":[{"embeddable":true,"href":"https:\/\/www.europesays.com\/fr\/wp-json\/wp\/v2\/comments?post=432609"}],"version-history":[{"count":0,"href":"https:\/\/www.europesays.com\/fr\/wp-json\/wp\/v2\/posts\/432609\/revisions"}],"wp:featuredmedia":[{"embeddable":true,"href":"https:\/\/www.europesays.com\/fr\/wp-json\/wp\/v2\/media\/432610"}],"wp:attachment":[{"href":"https:\/\/www.europesays.com\/fr\/wp-json\/wp\/v2\/media?parent=432609"}],"wp:term":[{"taxonomy":"category","embeddable":true,"href":"https:\/\/www.europesays.com\/fr\/wp-json\/wp\/v2\/categories?post=432609"},{"taxonomy":"post_tag","embeddable":true,"href":"https:\/\/www.europesays.com\/fr\/wp-json\/wp\/v2\/tags?post=432609"}],"curies":[{"name":"wp","href":"https:\/\/api.w.org\/{rel}","templated":true}]}}