{"id":432615,"date":"2025-10-02T02:42:15","date_gmt":"2025-10-02T02:42:15","guid":{"rendered":"https:\/\/www.europesays.com\/fr\/432615\/"},"modified":"2025-10-02T02:42:15","modified_gmt":"2025-10-02T02:42:15","slug":"mieux-preparee-que-ses-voisins-la-suede-ne-panique-pas-liberation","status":"publish","type":"post","link":"https:\/\/www.europesays.com\/fr\/432615\/","title":{"rendered":"mieux pr\u00e9par\u00e9e que ses voisins, la Su\u00e8de ne panique pas \u2013 Lib\u00e9ration"},"content":{"rendered":"<p class=\"sc-cPiKLX AiZTS text-element\">Dans le terminal 5 de l\u2019a\u00e9roport d\u2019Arlanda, les \u00e9crans des d\u00e9parts n\u2019affichent aucun retard ou annulation ce mardi matin. Dans le sas d\u2019attente qui surplombe les pistes, Abel, employ\u00e9 dans une start-up su\u00e9doise d\u2019intelligence artificielle, attend tranquillement l\u2019annonce de l\u2019embarquement \u00e0 destination de Barcelone. Les r\u00e9centes incursions de drones dans les a\u00e9roports de Copenhague (Danemark) et d\u2019Oslo (Norv\u00e8ge) n\u2019ont pas fait sourciller le jeune homme de 27 ans : \u00abIl y a mille raisons qu\u2019un avion soit annul\u00e9 ou retard\u00e9.\u00bb <\/p>\n<p class=\"sc-cPiKLX AiZTS text-element\">Le Premier ministre su\u00e9dois, Ulf Kristersson, avait, lui, soulign\u00e9 lors d\u2019une conf\u00e9rence de presse en d\u00e9but de semaine le risque que \u00abce qui s\u2019est pass\u00e9 en Pologne, Estonie et Danemark aurait pu se d\u00e9rouler en Su\u00e8de et pourrait se passer en Su\u00e8de\u00bb. <\/p>\n<p class=\"sc-cPiKLX AiZTS text-element\"><a href=\"https:\/\/www.liberation.fr\/international\/europe\/danemark-un-nouvel-aeroport-ferme-dans-la-nuit-apres-une-alerte-aux-drones-20250926_3I3KOCTOAFCCJHZHKZ3U7EGY3M\/\" target=\"_blank\" rel=\"nofollow noopener\" title=\"https:\/\/www.liberation.fr\/international\/europe\/danemark-un-nouvel-aeroport-ferme-dans-la-nuit-apres-une-alerte-aux-drones-20250926_3I3KOCTOAFCCJHZHKZ3U7EGY3M\/\">Au Danemark, des a\u00e9ronefs non identifi\u00e9s<\/a> ont troubl\u00e9 la tranquillit\u00e9 des nuits scandinaves. Le soir du 22 septembre, des drones non identifi\u00e9s ont survol\u00e9 l\u2019a\u00e9roport de Copenhague, for\u00e7ant la fermeture temporaire de l\u2019espace a\u00e9rien. Simultan\u00e9ment, Oslo interrompait son trafic pour les m\u00eames raisons. Vendredi, de nouvelles apparitions ont \u00e9t\u00e9 signal\u00e9es \u00e0 proximit\u00e9 de la principale base a\u00e9rienne danoise et de plusieurs sites militaires, selon un porte-parole des forces arm\u00e9es. \u00abUn ou deux drones\u00bb, a pr\u00e9cis\u00e9 la police danoise, sans pouvoir les identifier. <\/p>\n<p class=\"sc-cPiKLX AiZTS text-element\">Sans preuve formelle, Ulf Kristersson a point\u00e9 du doigt Moscou. \u00abTout l\u2019indique\u00bb, a-t-il assur\u00e9 lundi sur la cha\u00eene TV4. Le m\u00eame jour, il d\u00e9cidait d\u2019exp\u00e9dier radars et syst\u00e8mes antidrones au Danemark, qui en \u00e9tait d\u00e9pourvu. <\/p>\n<p class=\"sc-cPiKLX AiZTS text-element\">Copenhague a depuis annonc\u00e9 vouloir acqu\u00e9rir ou louer ces \u00e9quipements que la Su\u00e8de perfectionne depuis des d\u00e9cennies, h\u00e9ritage d\u2019une doctrine de d\u00e9fense forg\u00e9e pendant sa longue p\u00e9riode de non-alignement. \u00abLa Su\u00e8de est davantage pr\u00e9par\u00e9e aux conflits arm\u00e9s, analyse l\u2019historienne Iben Bjornsson. Pendant la Guerre froide, le royaume devait anticiper le risque d\u2019une invasion russe sans avoir l\u2019aide de l\u2019Otan. Cela a pouss\u00e9 le d\u00e9veloppement d\u2019une importante industrie militaire et de technologies de pointe, notamment dans le domaine des radars.\u00bb <\/p>\n<p class=\"sc-cPiKLX AiZTS text-element\">La chercheuse note que l\u2019Agence de protection civile (MSB) diffuse depuis longtemps des consignes claires pour r\u00e9agir face \u00e0 un drone suspect. Une agence qui a aussi distribu\u00e9 \u00e0 tous les foyers su\u00e9dois <a href=\"https:\/\/www.liberation.fr\/international\/europe\/dans-son-emballement-securitaire-la-suede-depoussiere-ses-bunkers-20241110_IKZKRC6V5NAN5ON46525W3N73E\/\" target=\"_blank\" rel=\"nofollow noopener\" title=\"https:\/\/www.liberation.fr\/international\/europe\/dans-son-emballement-securitaire-la-suede-depoussiere-ses-bunkers-20241110_IKZKRC6V5NAN5ON46525W3N73E\/\">des livrets explicatifs<\/a> comportant des informations sur \u00abla conduite \u00e0 tenir en cas de guerre\u00bb. Un exemple de pr\u00e9voyance qui suscite l\u2019int\u00e9r\u00eat jusqu\u2019en France. \u00abCette culture de pr\u00e9paration fait que les Su\u00e9dois ne paniquent pas face \u00e0 ce type d\u2019incidents\u00bb, estime Bjornsson. <\/p>\n<p class=\"sc-cPiKLX AiZTS text-element\">Le constat contraste avec la r\u00e9action danoise, selon elle. Lorsque le ministre danois de la Justice a compar\u00e9 les survols de drones aux attentats du 11 Septembre, nombreux sont ceux qui ont trouv\u00e9 le parall\u00e8le excessif. \u00abCe sont des propos exag\u00e9r\u00e9s qui ne refl\u00e8tent pas la situation, tranche la chercheuse su\u00e9doise. Cela traduit surtout un manque de pr\u00e9paration et une forme de panique des autorit\u00e9s danoises.\u00bb <\/p>\n<p class=\"sc-cPiKLX AiZTS text-element\">En comparaison, la Su\u00e8de a d\u00e9velopp\u00e9 depuis longtemps une v\u00e9ritable culture de pr\u00e9paration face \u00e0 ce type d\u2019incidents. Selon le chercheur sp\u00e9cialiste en syst\u00e8mes d\u2019armement Hans Liwang, des syst\u00e8mes de surveillance des drones \u00e9taient d\u00e9j\u00e0 op\u00e9rationnels dans les principaux a\u00e9roports su\u00e9dois avant les r\u00e9cents survols. \u00abLa Su\u00e8de et la Finlande, qui organisent r\u00e9guli\u00e8rement des exercices militaires \u00e0 proximit\u00e9 de la Russie et en mer Baltique, ont souvent recours \u00e0 des syst\u00e8mes antidrones. C\u2019est une pratique install\u00e9e depuis une dizaine d\u2019ann\u00e9es, voire plus\u00bb, explique-t-il. <\/p>\n<p class=\"sc-cPiKLX AiZTS text-element\">L\u2019industriel Saab, auquel la France a r\u00e9cemment command\u00e9 deux avions radar, illustre ce savoir-faire. En pleine crise des drones nordiques, l\u2019entreprise a mis en avant sur le r\u00e9seau social X son syst\u00e8me \u00abLoke\u00bb, un v\u00e9hicule tout-terrain con\u00e7u pour intercepter de petits drones, r\u00e9cemment d\u00e9ploy\u00e9 lors d\u2019exercices sur l\u2019\u00eele strat\u00e9gique su\u00e9doise de Gotland.<\/p>\n","protected":false},"excerpt":{"rendered":"Dans le terminal 5 de l\u2019a\u00e9roport d\u2019Arlanda, les \u00e9crans des d\u00e9parts n\u2019affichent aucun retard ou annulation ce mardi&hellip;\n","protected":false},"author":2,"featured_media":432616,"comment_status":"","ping_status":"","sticky":false,"template":"","format":"standard","meta":{"footnotes":""},"categories":[5],"tags":[11,1011,27,14,12,132,7199,364,28],"class_list":{"0":"post-432615","1":"post","2":"type-post","3":"status-publish","4":"format-standard","5":"has-post-thumbnail","7":"category-international","8":"tag-actualites","9":"tag-fr","10":"tag-france","11":"tag-international","12":"tag-news","13":"tag-russie","14":"tag-suede","15":"tag-union-europeenne","16":"tag-world"},"share_on_mastodon":{"url":"https:\/\/pubeurope.com\/@fr\/115302271819904253","error":""},"_links":{"self":[{"href":"https:\/\/www.europesays.com\/fr\/wp-json\/wp\/v2\/posts\/432615","targetHints":{"allow":["GET"]}}],"collection":[{"href":"https:\/\/www.europesays.com\/fr\/wp-json\/wp\/v2\/posts"}],"about":[{"href":"https:\/\/www.europesays.com\/fr\/wp-json\/wp\/v2\/types\/post"}],"author":[{"embeddable":true,"href":"https:\/\/www.europesays.com\/fr\/wp-json\/wp\/v2\/users\/2"}],"replies":[{"embeddable":true,"href":"https:\/\/www.europesays.com\/fr\/wp-json\/wp\/v2\/comments?post=432615"}],"version-history":[{"count":0,"href":"https:\/\/www.europesays.com\/fr\/wp-json\/wp\/v2\/posts\/432615\/revisions"}],"wp:featuredmedia":[{"embeddable":true,"href":"https:\/\/www.europesays.com\/fr\/wp-json\/wp\/v2\/media\/432616"}],"wp:attachment":[{"href":"https:\/\/www.europesays.com\/fr\/wp-json\/wp\/v2\/media?parent=432615"}],"wp:term":[{"taxonomy":"category","embeddable":true,"href":"https:\/\/www.europesays.com\/fr\/wp-json\/wp\/v2\/categories?post=432615"},{"taxonomy":"post_tag","embeddable":true,"href":"https:\/\/www.europesays.com\/fr\/wp-json\/wp\/v2\/tags?post=432615"}],"curies":[{"name":"wp","href":"https:\/\/api.w.org\/{rel}","templated":true}]}}