{"id":432623,"date":"2025-10-02T02:46:17","date_gmt":"2025-10-02T02:46:17","guid":{"rendered":"https:\/\/www.europesays.com\/fr\/432623\/"},"modified":"2025-10-02T02:46:17","modified_gmt":"2025-10-02T02:46:17","slug":"mobilisation-syndicale-a-quoi-sattendre-jeudi-2-octobre-dans-la-loire","status":"publish","type":"post","link":"https:\/\/www.europesays.com\/fr\/432623\/","title":{"rendered":"Mobilisation syndicale : \u00e0 quoi s\u2019attendre jeudi 2 octobre dans la Loire"},"content":{"rendered":"<p><img loading=\"lazy\" decoding=\"async\" alt=\"\u00a9 Shutterstock - Des nouvelles manifestations sont \u00e0 attendre \u00e0 Roanne et \u00e0 Saint-\u00c9tienne le 2 octobre.\" data-zoom-src=\"https:\/\/www.europesays.com\/fr\/wp-content\/uploads\/2025\/10\/initial-manifestations-2-octobre.jpg\" data-zoomable=\"\" height=\"702\" src=\"https:\/\/www.europesays.com\/fr\/wp-content\/uploads\/2025\/10\/initial-manifestations-2-octobre.jpg\" width=\"1248\"\/>  <\/p>\n<p class=\"article-desc\">\u00a9 Shutterstock &#8211; Des nouvelles manifestations sont \u00e0 attendre \u00e0 Roanne et \u00e0 Saint-\u00c9tienne le 2 octobre. <\/p>\n<p>La mobilisation continue dans la Loire <strong>ce jeudi 2 octobre<\/strong>, avec des impacts plus ou moins forts, suivant les secteurs. <\/p>\n<p>La SNCF annonce de grosses perturbations dans la Loire le 2 octobre <\/p>\n<p>En raison d\u2019un mouvement social national interprofessionnel, le trafic TER <strong>sera fortement perturb\u00e9<\/strong> jeudi 2 octobre en Auvergne-Rh\u00f4ne-Alpes. <\/p>\n<p>Des perturbations pourraient \u00e9galement survenir <strong>mercredi soir et vendredi matin<\/strong>. Les usagers sont invit\u00e9s \u00e0 consulter les pr\u00e9visions la veille \u00e0 partir de 17 h sur le site de TER ou via les applications de mobilit\u00e9. Des programmes de circulation seront mis en ligne. <\/p>\n<blockquote class=\"twitter-tweet\" data-uniformized=\"true\">\n<p dir=\"ltr\" lang=\"fr\">\u26a0\ufe0fUn mouvement social national interprofessionnel a lieu le 2\/10.<br \/>\ud83d\udc49Les programmes de circulation <a href=\"https:\/\/twitter.com\/hashtag\/TERAURA?src=hash&amp;ref_src=twsrc%5Etfw\" rel=\"nofollow noopener\" target=\"_blank\">#TERAURA<\/a> sont adapt\u00e9s du mercredi 1 (soir\u00e9e) au vendredi 3 (d\u00e9but matin\u00e9e)<br \/>\ud83d\udcf1Nous vous invitons \u00e0 v\u00e9rifier la circulation de vos TER la veille \u00e0 partir de 17h <a href=\"https:\/\/t.co\/2qwxXSx96l\" rel=\"nofollow\">https:\/\/t.co\/2qwxXSx96l<\/a><\/p>\n<p> \u2014 SNCF TER AURA (@SNCFTERAURA) <a href=\"https:\/\/twitter.com\/SNCFTERAURA\/status\/1973035643099038177?ref_src=twsrc%5Etfw\" rel=\"nofollow noopener\" target=\"_blank\">September 30, 2025<\/a><\/p><\/blockquote>\n<p> Deux rassemblements sont pr\u00e9vus dans le d\u00e9partement de la Loire jeudi 2 octobre <\/p>\n<p>\u00c0 l\u2019appel de plusieurs organisations syndicales, deux manifestations sont pr\u00e9vues ce jeudi 2 octobre dans la Loire.<\/p>\n<ul>\n<li><strong>\u00c0 Saint-\u00c9tienne<\/strong>, le cort\u00e8ge partira \u00e0 <strong>10h30 de la Bourse du travail<\/strong> en direction de l\u2019H\u00f4tel-de-Ville. <\/li>\n<li><strong>\u00c0 Roanne<\/strong>, le rassemblement est pr\u00e9vu \u00e0 la m\u00eame heure <strong>depuis le Centre universitaire<\/strong>.<\/li>\n<\/ul>\n<p>Les syndicats r\u00e9clament l\u2019abandon du projet de budget 2025, d\u00e9non\u00e7ant notamment le doublement des franchises m\u00e9dicales, la r\u00e9forme de l\u2019assurance ch\u00f4mage et le recul de l\u2019\u00e2ge de d\u00e9part \u00e0 la retraite. <\/p>\n<p> C\u00f4t\u00e9 Stas, la mobilisation ne devrait pas avoir un gros impact <\/p>\n<p>En raison d\u2019un mouvement national pr\u00e9vu ce jeudi 2 octobre, le r\u00e9seau STAS sera <strong>faiblement perturb\u00e9<\/strong> \u00e0 Saint-\u00c9tienne et dans l\u2019agglom\u00e9ration. <\/p>\n<p>Les <strong>trois lignes de tramway <\/strong>circuleront avec des fr\u00e9quences l\u00e9g\u00e8rement r\u00e9duites. Des adaptations sont \u00e9galement pr\u00e9vues sur certaines lignes de bus M\u00e9tropole, notamment la M7, avec un allongement du temps d\u2019attente. <\/p>\n<p>Par ailleurs, des manifestations en centre-ville pourraient entra\u00eener des perturbations ponctuelles, notamment sur le tramway. La STAS invite les usagers \u00e0 consulter les horaires mis \u00e0 jour sur son site internet ou via l\u2019application Moovizy.<\/p>\n<p><script async src=\"https:\/\/platform.twitter.com\/widgets.js\" charset=\"utf-8\"><\/script><\/p>\n","protected":false},"excerpt":{"rendered":"\u00a9 Shutterstock &#8211; Des nouvelles manifestations sont \u00e0 attendre \u00e0 Roanne et \u00e0 Saint-\u00c9tienne le 2 octobre. La&hellip;\n","protected":false},"author":2,"featured_media":432624,"comment_status":"","ping_status":"","sticky":false,"template":"","format":"standard","meta":{"footnotes":""},"categories":[9653],"tags":[1111,11,2430,1777,674,1011,27,11611,1272,10234,12,25,4001],"class_list":{"0":"post-432623","1":"post","2":"type-post","3":"status-publish","4":"format-standard","5":"has-post-thumbnail","7":"category-saint-etienne","8":"tag-actu","9":"tag-actualites","10":"tag-auvergne-rhone-alpes","11":"tag-eu","12":"tag-europe","13":"tag-fr","14":"tag-france","15":"tag-gru00e8ves","16":"tag-manifestations","17":"tag-mobilisation","18":"tag-news","19":"tag-republique-francaise","20":"tag-saint-etienne"},"share_on_mastodon":{"url":"https:\/\/pubeurope.com\/@fr\/115302288228212871","error":""},"_links":{"self":[{"href":"https:\/\/www.europesays.com\/fr\/wp-json\/wp\/v2\/posts\/432623","targetHints":{"allow":["GET"]}}],"collection":[{"href":"https:\/\/www.europesays.com\/fr\/wp-json\/wp\/v2\/posts"}],"about":[{"href":"https:\/\/www.europesays.com\/fr\/wp-json\/wp\/v2\/types\/post"}],"author":[{"embeddable":true,"href":"https:\/\/www.europesays.com\/fr\/wp-json\/wp\/v2\/users\/2"}],"replies":[{"embeddable":true,"href":"https:\/\/www.europesays.com\/fr\/wp-json\/wp\/v2\/comments?post=432623"}],"version-history":[{"count":0,"href":"https:\/\/www.europesays.com\/fr\/wp-json\/wp\/v2\/posts\/432623\/revisions"}],"wp:featuredmedia":[{"embeddable":true,"href":"https:\/\/www.europesays.com\/fr\/wp-json\/wp\/v2\/media\/432624"}],"wp:attachment":[{"href":"https:\/\/www.europesays.com\/fr\/wp-json\/wp\/v2\/media?parent=432623"}],"wp:term":[{"taxonomy":"category","embeddable":true,"href":"https:\/\/www.europesays.com\/fr\/wp-json\/wp\/v2\/categories?post=432623"},{"taxonomy":"post_tag","embeddable":true,"href":"https:\/\/www.europesays.com\/fr\/wp-json\/wp\/v2\/tags?post=432623"}],"curies":[{"name":"wp","href":"https:\/\/api.w.org\/{rel}","templated":true}]}}