{"id":432635,"date":"2025-10-02T02:53:16","date_gmt":"2025-10-02T02:53:16","guid":{"rendered":"https:\/\/www.europesays.com\/fr\/432635\/"},"modified":"2025-10-02T02:53:16","modified_gmt":"2025-10-02T02:53:16","slug":"a-quoi-sattendre-pour-la-mobilisation-du-2-octobre-en-seine-maritime","status":"publish","type":"post","link":"https:\/\/www.europesays.com\/fr\/432635\/","title":{"rendered":"\u00e0 quoi s&rsquo;attendre pour la mobilisation du 2 octobre en Seine-Maritime\u00a0?"},"content":{"rendered":"<p>            Par<br \/>\n        <strong><br \/>\n            <a href=\"https:\/\/actu.fr\/auteur\/thomas-rideau\" title=\"Consulter tous les articles de Thomas Rideau\" target=\"_blank\" rel=\"noopener\">Thomas Rideau<\/a><br \/>\n        <\/strong><\/p>\n<p>        Publi\u00e9 le<\/p>\n<p>            1 oct. 2025 \u00e0 10h45        <\/p>\n<p>Les perturbations s\u2019annoncent<strong> moins cons\u00e9quentes<\/strong> que lors du 18 septembre ou du 10 septembre. Mais des actions sont quand m\u00eame programm\u00e9es en Seine-Maritime\u00a0pour la <strong>mobilisation du jeudi 2 octobre 2025,<\/strong>\u00e0 l\u2019appel de l\u2019intersyndicale. Cette nouvelle journ\u00e9e de gr\u00e8ve est act\u00e9e pour protester contre les pistes budg\u00e9taires <a href=\"https:\/\/actu.fr\/politique\/budget-gouvernement-apres-la-colere-de-la-rue-les-chantiers-tres-urgents-de-sebastien-lecornu_63184890.html\" target=\"_blank\" rel=\"noopener\">du nouveau Premier ministre<\/a>.<\/p>\n<p>Une manifestation sur les boulevards \u00e0 Rouen<\/p>\n<p class=\" wall-content\">\u00c0 <strong>Rouen<\/strong>, la manifestation des syndicats partira du Cours Clemenceau d\u00e8s 10h. En son sein, un cort\u00e8ge de militants du mouvement <a href=\"https:\/\/actu.fr\/normandie\/le-havre_76351\/en-images-a-rouen-et-au-havre-les-pots-de-departs-de-bayrou-c-est-un-entrainement-pour-le-10_63129763.html\" target=\"_blank\" rel=\"noopener\">Bloquons tout<\/a> sera aussi pr\u00e9sent. <strong>Au\u00a0Havre<\/strong>, le rassemblement aura lieu au Cercle Franklin, \u00e0 10h, \u00e0 <strong>Harfleur<\/strong> \u00e0 partir de 6h sur la place d\u2019Armes. \u00c0 <strong>Lillebonne<\/strong>, une manifestation doit \u00e9galement partir \u00e0 14h30 devant la mairie.<\/p>\n<p class=\" wall-content\">Le niveau de perturbation dans les services sera tr\u00e8s faible. <a href=\"https:\/\/actu.fr\/tag\/reseau-astuce-tcar\" target=\"_blank\" rel=\"noopener\">Le r\u00e9seau Astuce<\/a> ne sera pas impact\u00e9 par la gr\u00e8ve. Pour ce qui est des lignes de train, si leur circulation sera l\u00e9g\u00e8rement perturb\u00e9e autour de Caen, aucune perturbation n\u2019est \u00e0 pr\u00e9voir sur les lignes de l\u2019ancienne Haute-Normandie.<\/p>\n<p>\u00ab\u2009On a beaucoup travaill\u00e9 \u00e0 la mobilisation\u2009\u00bb<\/p>\n<p class=\" wall-content\">Au\u00a0Havre,<strong> le r\u00e9seau LiA<\/strong>\u00a0annonce une circulation normale des bus et un trafic \u00e0 peine ralentie des lignes de tram A et B.<\/p>\n<p class=\" wall-content\">La manifestation rouennaise va d\u00e9buter par le pont Jeanne-d\u2019Arc avant de prendre la rue du m\u00eame nom et parcourir les boulevards qui ceinturent le centre-ville avant de terminer place Saint-Marc. En r\u00e9sum\u00e9, pour les automobilistes, il va falloir \u00e9viter de se rendre \u00e0 Rouen rive droite <strong>entre 10h et 12h<\/strong>.<\/p>\n<p class=\" wall-content\">Pour <strong>Christophe Calley<\/strong>, secr\u00e9taire g\u00e9n\u00e9ral de l\u2019Union d\u00e9partementale CGT en Seine-Maritime, <a href=\"https:\/\/actu.fr\/tag\/greve-du-2-octobre-2025\" target=\"_blank\" rel=\"noopener\">la manifestation doit \u00eatre aussi forte<\/a>, voire plus que celle du 18\u00a0septembre. \u00ab\u2009On a beaucoup travaill\u00e9 \u00e0 la mobilisation. De nouveaux secteurs vont nous rejoindre\u2009\u00bb, indique-t-il \u00e0 76actu.<\/p>\n<p>Suivez l\u2019actualit\u00e9 de Rouen <a href=\"https:\/\/www.whatsapp.com\/channel\/0029VaKfnf99hXF2ddApFB1D\" target=\"_blank\" rel=\"noopener\">sur notre cha\u00eene WhatsApp<\/a> et <a href=\"https:\/\/www.tiktok.com\/@76actu.fr?lang=fr\" target=\"_blank\" rel=\"noopener\">sur notre compte TikTok<\/a><\/p>\n<p class=\" wall-content\">Personnalisez votre actualit\u00e9 en ajoutant vos villes et m\u00e9dias en favori avec <a href=\"https:\/\/moncompte.actu.fr\" title=\"D\u00e9couvez Mon Actu\" rel=\"nofollow noopener\" data-trk=\"{&quot;cta&quot;:{&quot;action&quot;:&quot;https:\\\/\\\/moncompte.actu.fr&quot;,&quot;category&quot;:&quot;mon compte&quot;,&quot;from&quot;:&quot;article footer&quot;,&quot;name&quot;:&quot;Mon actu&quot;,&quot;type&quot;:&quot;cta&quot;}}\" target=\"_blank\">Mon Actu<\/a>.<\/p>\n<p>                    <script async src=\"\/\/www.tiktok.com\/embed.js\"><\/script><\/p>\n","protected":false},"excerpt":{"rendered":"Par Thomas Rideau Publi\u00e9 le 1 oct. 2025 \u00e0 10h45 Les perturbations s\u2019annoncent moins cons\u00e9quentes que lors du&hellip;\n","protected":false},"author":2,"featured_media":432636,"comment_status":"","ping_status":"","sticky":false,"template":"","format":"standard","meta":{"footnotes":""},"categories":[9587],"tags":[1111,11,1777,674,1011,27,54872,1272,12,5161,25,9590,104],"class_list":{"0":"post-432635","1":"post","2":"type-post","3":"status-publish","4":"format-standard","5":"has-post-thumbnail","7":"category-rouen","8":"tag-actu","9":"tag-actualites","10":"tag-eu","11":"tag-europe","12":"tag-fr","13":"tag-france","14":"tag-greve-du-2-octobre-2025","15":"tag-manifestations","16":"tag-news","17":"tag-normandie","18":"tag-republique-francaise","19":"tag-rouen","20":"tag-societe"},"share_on_mastodon":{"url":"https:\/\/pubeurope.com\/@fr\/115302315036876687","error":""},"_links":{"self":[{"href":"https:\/\/www.europesays.com\/fr\/wp-json\/wp\/v2\/posts\/432635","targetHints":{"allow":["GET"]}}],"collection":[{"href":"https:\/\/www.europesays.com\/fr\/wp-json\/wp\/v2\/posts"}],"about":[{"href":"https:\/\/www.europesays.com\/fr\/wp-json\/wp\/v2\/types\/post"}],"author":[{"embeddable":true,"href":"https:\/\/www.europesays.com\/fr\/wp-json\/wp\/v2\/users\/2"}],"replies":[{"embeddable":true,"href":"https:\/\/www.europesays.com\/fr\/wp-json\/wp\/v2\/comments?post=432635"}],"version-history":[{"count":0,"href":"https:\/\/www.europesays.com\/fr\/wp-json\/wp\/v2\/posts\/432635\/revisions"}],"wp:featuredmedia":[{"embeddable":true,"href":"https:\/\/www.europesays.com\/fr\/wp-json\/wp\/v2\/media\/432636"}],"wp:attachment":[{"href":"https:\/\/www.europesays.com\/fr\/wp-json\/wp\/v2\/media?parent=432635"}],"wp:term":[{"taxonomy":"category","embeddable":true,"href":"https:\/\/www.europesays.com\/fr\/wp-json\/wp\/v2\/categories?post=432635"},{"taxonomy":"post_tag","embeddable":true,"href":"https:\/\/www.europesays.com\/fr\/wp-json\/wp\/v2\/tags?post=432635"}],"curies":[{"name":"wp","href":"https:\/\/api.w.org\/{rel}","templated":true}]}}