{"id":432637,"date":"2025-10-02T02:54:14","date_gmt":"2025-10-02T02:54:14","guid":{"rendered":"https:\/\/www.europesays.com\/fr\/432637\/"},"modified":"2025-10-02T02:54:14","modified_gmt":"2025-10-02T02:54:14","slug":"a-rouen-une-conduite-de-gaz-endommagee-par-un-engin-de-chantier-des-habitants-confines","status":"publish","type":"post","link":"https:\/\/www.europesays.com\/fr\/432637\/","title":{"rendered":"\u00c0 Rouen, une conduite de gaz endommag\u00e9e par un engin de chantier, des habitants confin\u00e9s"},"content":{"rendered":"<p>Les pompiers sont intervenus pour une fuite de gaz, ce mercredi apr\u00e8s-midi en pleine rue \u00e0 Rouen. Un engin de chantier a endommag\u00e9 une canalisation rue des Halettes. Les riverains ont \u00e9t\u00e9 confin\u00e9s et un p\u00e9rim\u00e8tre de s\u00e9curit\u00e9 mis en place.  <\/p>\n<p>L&rsquo;op\u00e9ration est toujours impressionnante. Pompiers et agents de GRDF sont intervenus pour une fuite de gaz, ce mercredi 1er octobre vers 15h40, rue Halettes dans le quartier Grieu Vallon-Suisse de Rouen. Une canalisation de gaz de 63 m a \u00e9t\u00e9 endommag\u00e9e par un engin de chantier sur la voie publique. La rue a \u00e9t\u00e9 boucl\u00e9e.<\/p>\n<p>Un p\u00e9rim\u00e8tre de s\u00e9curit\u00e9 de 100 m\u00e8tres a \u00e9t\u00e9 mis en place, les riverains ont \u00e9t\u00e9 confin\u00e9s et les transports d\u00e9rout\u00e9s. La fuite a \u00e9t\u00e9 stopp\u00e9e par \u00e9crasement vers 17h. GRDF proc\u00e8de aux r\u00e9parations, <strong>un seul usager est priv\u00e9 de gaz.<\/strong><\/p>\n","protected":false},"excerpt":{"rendered":"Les pompiers sont intervenus pour une fuite de gaz, ce mercredi apr\u00e8s-midi en pleine rue \u00e0 Rouen. Un&hellip;\n","protected":false},"author":2,"featured_media":432638,"comment_status":"","ping_status":"","sticky":false,"template":"","format":"standard","meta":{"footnotes":""},"categories":[9587],"tags":[1111,11,1777,674,1011,27,12,5161,25,9590],"class_list":{"0":"post-432637","1":"post","2":"type-post","3":"status-publish","4":"format-standard","5":"has-post-thumbnail","7":"category-rouen","8":"tag-actu","9":"tag-actualites","10":"tag-eu","11":"tag-europe","12":"tag-fr","13":"tag-france","14":"tag-news","15":"tag-normandie","16":"tag-republique-francaise","17":"tag-rouen"},"share_on_mastodon":{"url":"https:\/\/pubeurope.com\/@fr\/115302318977777354","error":""},"_links":{"self":[{"href":"https:\/\/www.europesays.com\/fr\/wp-json\/wp\/v2\/posts\/432637","targetHints":{"allow":["GET"]}}],"collection":[{"href":"https:\/\/www.europesays.com\/fr\/wp-json\/wp\/v2\/posts"}],"about":[{"href":"https:\/\/www.europesays.com\/fr\/wp-json\/wp\/v2\/types\/post"}],"author":[{"embeddable":true,"href":"https:\/\/www.europesays.com\/fr\/wp-json\/wp\/v2\/users\/2"}],"replies":[{"embeddable":true,"href":"https:\/\/www.europesays.com\/fr\/wp-json\/wp\/v2\/comments?post=432637"}],"version-history":[{"count":0,"href":"https:\/\/www.europesays.com\/fr\/wp-json\/wp\/v2\/posts\/432637\/revisions"}],"wp:featuredmedia":[{"embeddable":true,"href":"https:\/\/www.europesays.com\/fr\/wp-json\/wp\/v2\/media\/432638"}],"wp:attachment":[{"href":"https:\/\/www.europesays.com\/fr\/wp-json\/wp\/v2\/media?parent=432637"}],"wp:term":[{"taxonomy":"category","embeddable":true,"href":"https:\/\/www.europesays.com\/fr\/wp-json\/wp\/v2\/categories?post=432637"},{"taxonomy":"post_tag","embeddable":true,"href":"https:\/\/www.europesays.com\/fr\/wp-json\/wp\/v2\/tags?post=432637"}],"curies":[{"name":"wp","href":"https:\/\/api.w.org\/{rel}","templated":true}]}}