{"id":432644,"date":"2025-10-02T02:59:20","date_gmt":"2025-10-02T02:59:20","guid":{"rendered":"https:\/\/www.europesays.com\/fr\/432644\/"},"modified":"2025-10-02T02:59:20","modified_gmt":"2025-10-02T02:59:20","slug":"alsace-en-septembre-il-a-plu-deux-fois-plus-que-dordinaire","status":"publish","type":"post","link":"https:\/\/www.europesays.com\/fr\/432644\/","title":{"rendered":"Alsace. En septembre, il a plu deux fois plus que d\u2019ordinaire"},"content":{"rendered":"<p>Qu\u2019on a transpir\u00e9 samedi 20\u00a0septembre\u00a0! 30\u00a0\u00b0C mesur\u00e9s \u00e0 la station de B\u00e2le-Mulhouse, 31,2\u00a0\u00b0C \u00e0 Colmar-Meyenheim, m\u00eame <a href=\"https:\/\/www.dna.fr\/environnement\/2025\/09\/20\/chaleur-tardive-plus-de-31-c-ce-samedi-en-alsace\" target=\"_blank\" rel=\"noopener\">32,2\u00a0\u00b0C \u00e0 Strasbourg-Entzheim<\/a> \u2013 la deuxi\u00e8me temp\u00e9rature maximale la plus \u00e9lev\u00e9e \u00e0 cette \u00e9poque de l\u2019ann\u00e9e depuis le d\u00e9but des relev\u00e9s en 1924. Deux jours et vingt degr\u00e9s perdus plus tard, l\u2019automne signifiait son intronisation en climatisant toute la r\u00e9gion.<\/p>\n<p>Pour ne rien arranger, c&rsquo;est \u00e0 ce moment que le soleil a d\u00e9cid\u00e9 de prendre ses cong\u00e9s. Une cure de grisaille qui allait priver les Colmariens de lumi\u00e8re astrale durant cinq jours cons\u00e9cutifs, du lundi\u00a022 au vendredi\u00a026.<\/p>\n<p>  Huit minutes d\u2019ensoleillement en cinq jours \u00e0 Strasbourg<\/p>\n<p>\u00c0 Strasbourg, il fallait \u00eatre dehors au bon moment, mardi\u00a023, pour profiter de la mis\u00e9rable fen\u00eatre d\u2019ensoleillement de la semaine\u00a0: huit minutes\u00a0! Pas de quoi recharger ses stocks de vitamine D. Sur l\u2019ensemble de ce mois bien gris, le d\u00e9ficit de rayonnement solaire a atteint 28\u00a0% dans la capitale alsacienne, selon les donn\u00e9es du site infoclimat.fr.<\/p>\n<p>Une telle succession de journ\u00e9es sans soleil demeure tr\u00e8s inhabituelle \u00e0 cette date du calendrier. \u00ab\u00a0G\u00e9n\u00e9ralement on n\u2019a pas encore les stratus, ces nuages bas pr\u00e9sents en plaine qui peuvent persister plusieurs jours d\u2019affil\u00e9e\u00a0\u00bb, explique Christophe Mertz, m\u00e9t\u00e9orologue ind\u00e9pendant pour Atmo-Risk. \u00ab\u00a0C\u2019est plut\u00f4t un ph\u00e9nom\u00e8ne qu\u2019on retrouve \u00e0 partir de novembre.\u00a0\u00bb<\/p>\n<p>  Un record de pr\u00e9cipitations \u00e0 Mulhouse<\/p>\n<p>Septembre\u00a02025 a aussi \u00e9t\u00e9 remarquable par son importante pluviom\u00e9trie. Le cumul de pr\u00e9cipitations a \u00e9t\u00e9 tr\u00e8s largement sup\u00e9rieur \u00e0 la normale \u00e0 Colmar (96,1\u00a0mm, +87\u00a0%) et \u00e0 Strasbourg (108,6\u00a0mm, +99\u00a0%).<\/p>\n<p>Mais c\u2019est le sud du Haut-Rhin qui a \u00e9t\u00e9 le plus copieusement arros\u00e9. \u00c0 la station de B\u00e2le-Mulhouse, implant\u00e9e \u00e0 Blotzheim, ce sont 146,4\u00a0mm de pluie qui sont tomb\u00e9s en l\u2019espace d\u2019un mois, soit une hausse de 131\u00a0% par rapport \u00e0 la moyenne calcul\u00e9e sur la p\u00e9riode 1991-2020. Si l\u2019on remonte plus loin dans le temps, ce mois de septembre est le plus humide depuis 1950.<\/p>\n","protected":false},"excerpt":{"rendered":"Qu\u2019on a transpir\u00e9 samedi 20\u00a0septembre\u00a0! 30\u00a0\u00b0C mesur\u00e9s \u00e0 la station de B\u00e2le-Mulhouse, 31,2\u00a0\u00b0C \u00e0 Colmar-Meyenheim, m\u00eame 32,2\u00a0\u00b0C \u00e0&hellip;\n","protected":false},"author":2,"featured_media":432645,"comment_status":"","ping_status":"","sticky":false,"template":"","format":"standard","meta":{"footnotes":""},"categories":[2820],"tags":[1111,11,2389,2649,2880,436,1777,674,107,1011,27,775,8423,12,25,640,2879],"class_list":{"0":"post-432644","1":"post","2":"type-post","3":"status-publish","4":"format-standard","5":"has-post-thumbnail","7":"category-strasbourg","8":"tag-actu","9":"tag-actualites","10":"tag-alsace","11":"tag-bas-rhin","12":"tag-edition-strasbourg","13":"tag-environnement","14":"tag-eu","15":"tag-europe","16":"tag-fil-info","17":"tag-fr","18":"tag-france","19":"tag-grand-est","20":"tag-meteorologie-climat","21":"tag-news","22":"tag-republique-francaise","23":"tag-strasbourg","24":"tag-strasbourg-ville"},"share_on_mastodon":{"url":"https:\/\/pubeurope.com\/@fr\/115302338621289943","error":""},"_links":{"self":[{"href":"https:\/\/www.europesays.com\/fr\/wp-json\/wp\/v2\/posts\/432644","targetHints":{"allow":["GET"]}}],"collection":[{"href":"https:\/\/www.europesays.com\/fr\/wp-json\/wp\/v2\/posts"}],"about":[{"href":"https:\/\/www.europesays.com\/fr\/wp-json\/wp\/v2\/types\/post"}],"author":[{"embeddable":true,"href":"https:\/\/www.europesays.com\/fr\/wp-json\/wp\/v2\/users\/2"}],"replies":[{"embeddable":true,"href":"https:\/\/www.europesays.com\/fr\/wp-json\/wp\/v2\/comments?post=432644"}],"version-history":[{"count":0,"href":"https:\/\/www.europesays.com\/fr\/wp-json\/wp\/v2\/posts\/432644\/revisions"}],"wp:featuredmedia":[{"embeddable":true,"href":"https:\/\/www.europesays.com\/fr\/wp-json\/wp\/v2\/media\/432645"}],"wp:attachment":[{"href":"https:\/\/www.europesays.com\/fr\/wp-json\/wp\/v2\/media?parent=432644"}],"wp:term":[{"taxonomy":"category","embeddable":true,"href":"https:\/\/www.europesays.com\/fr\/wp-json\/wp\/v2\/categories?post=432644"},{"taxonomy":"post_tag","embeddable":true,"href":"https:\/\/www.europesays.com\/fr\/wp-json\/wp\/v2\/tags?post=432644"}],"curies":[{"name":"wp","href":"https:\/\/api.w.org\/{rel}","templated":true}]}}