{"id":432652,"date":"2025-10-02T03:03:23","date_gmt":"2025-10-02T03:03:23","guid":{"rendered":"https:\/\/www.europesays.com\/fr\/432652\/"},"modified":"2025-10-02T03:03:23","modified_gmt":"2025-10-02T03:03:23","slug":"la-moindre-goutte-deau-perdue-traquee-a-saint-mars-du-desert","status":"publish","type":"post","link":"https:\/\/www.europesays.com\/fr\/432652\/","title":{"rendered":"La moindre goutte d\u2019eau perdue traqu\u00e9e \u00e0 Saint-Mars-du-D\u00e9sert"},"content":{"rendered":"<p>Mardi 30\u00a0septembre, Jean-Luc Gr\u00e9goire, vice-pr\u00e9sident d\u2019Atlantic\u2019eau, s\u2019est d\u00e9plac\u00e9 \u00e0 Saint-Mars-du-D\u00e9sert pour \u00e9changer avec les \u00e9lus et techniciens, sur la r\u00e9fection du r\u00e9seau d\u2019eau, route de la Gare. La mise en service des nouveaux branchements aura lieu en fin de semaine, pour tous les abonn\u00e9s de ce tron\u00e7on, ce qui entra\u00eenera ponctuellement des coupures d\u2019eau. Les riverains en sont inform\u00e9s.<\/p>\n<p><strong>\u00ab\u00a0Nous avons saisi l\u2019opportunit\u00e9 d\u2019am\u00e9nagement de cet axe routier pour moderniser et s\u00e9curiser notre r\u00e9seau d\u2019eau potable, <\/strong>indique Jean-Luc Gr\u00e9goire. <strong>L\u2019investissement de 160\u00a0000\u00a0\u20ac est int\u00e9gralement port\u00e9 par le syndicat, qui investit chaque ann\u00e9e 15\u00a0millions d\u2019euros pour les 148\u00a0communes et les 258\u00a000\u00a0abonn\u00e9s qu\u2019il dessert.\u00a0\u00bb<\/strong><\/p>\n<p>Des canalisations plus r\u00e9sistantes<\/p>\n<p>Tous les ans, 2 \u00e0 3\u00a0% du r\u00e9seau sont remis en \u00e9tat. Ces op\u00e9rations sont indispensables pour diminuer drastiquement les nombreuses fuites qui occasionnent un gaspillage des ressources naturelles. <strong>\u00ab\u00a0Dans le secteur d\u2019Atlantic\u2019eau, nous avons la chance de b\u00e9n\u00e9ficier de captages cons\u00e9quents <\/strong>(Nort-sur-Erdre, Saffr\u00e9 et Saint-Mars-du-D\u00e9sert)<strong>, et nous sommes pionniers dans notre politique de pr\u00e9servation de ces ressources,<\/strong> pr\u00e9cise le vice pr\u00e9sident. <strong>Les conduites actuelles sont en polychlorure de vinyle <\/strong>(PVC)<strong> et nous les rempla\u00e7ons par des canalisations en poly\u00e9thyl\u00e8ne haute densit\u00e9 <\/strong>(PEHD)<strong> pour leurs hautes r\u00e9sistances aux conditions ext\u00e9rieures, ce qui rend les installations plus s\u00fbres et plus durables.\u00a0\u00bb<\/strong> Le sch\u00e9ma directeur du syndicat est de faire baisser les consommations d\u2019eau de 15\u00a0% d\u2019ici 2035 et 25\u00a0% d\u2019ici 2\u00a0050.<\/p>\n<p><strong>Fin des travaux pr\u00e9vus d\u00e9but 2026<\/strong><\/p>\n<p>La ma\u00eetrise d\u2019ouvrage a \u00e9t\u00e9 attribu\u00e9e \u00e0 la soci\u00e9t\u00e9 SCE et les travaux confi\u00e9s \u00e0 l\u2019entreprise Coca Atlantique.<strong> \u00ab\u00a0Le diam\u00e8tre des canalisations passe de 110 \u00e0 160\u00a0mm, de mani\u00e8re \u00e0 alimenter les nouveaux lotissements en construction de part et d\u2019autre de la route,<\/strong> pr\u00e9cise Olivier Derrien, directeur des services techniques. <strong>Une fois l\u2019ensemble des r\u00e9seaux enterr\u00e9, la chauss\u00e9e pourra \u00eatre recalibr\u00e9e pour laisser place \u00e0 une voie partag\u00e9e entre les voitures, les v\u00e9los et les pi\u00e9tons, avec une fin de l\u2019ensemble des travaux pr\u00e9vue d\u00e9but 2026.\u00a0\u00bb<\/strong><\/p>\n<p>\u00a0<\/p>\n","protected":false},"excerpt":{"rendered":"Mardi 30\u00a0septembre, Jean-Luc Gr\u00e9goire, vice-pr\u00e9sident d\u2019Atlantic\u2019eau, s\u2019est d\u00e9plac\u00e9 \u00e0 Saint-Mars-du-D\u00e9sert pour \u00e9changer avec les \u00e9lus et techniciens, sur&hellip;\n","protected":false},"author":2,"featured_media":432653,"comment_status":"","ping_status":"","sticky":false,"template":"","format":"standard","meta":{"footnotes":""},"categories":[2818],"tags":[1111,11,4858,1777,674,1011,27,39050,38153,766,12,2636,15581,25,56052,56051],"class_list":{"0":"post-432652","1":"post","2":"type-post","3":"status-publish","4":"format-standard","5":"has-post-thumbnail","7":"category-nantes","8":"tag-actu","9":"tag-actualites","10":"tag-eau","11":"tag-eu","12":"tag-europe","13":"tag-fr","14":"tag-france","15":"tag-goutte","16":"tag-moindre","17":"tag-nantes","18":"tag-news","19":"tag-pays-de-la-loire","20":"tag-perdue","21":"tag-republique-francaise","22":"tag-saint-mars-du-desert","23":"tag-traquee"},"share_on_mastodon":{"url":"https:\/\/pubeurope.com\/@fr\/115302354317611526","error":""},"_links":{"self":[{"href":"https:\/\/www.europesays.com\/fr\/wp-json\/wp\/v2\/posts\/432652","targetHints":{"allow":["GET"]}}],"collection":[{"href":"https:\/\/www.europesays.com\/fr\/wp-json\/wp\/v2\/posts"}],"about":[{"href":"https:\/\/www.europesays.com\/fr\/wp-json\/wp\/v2\/types\/post"}],"author":[{"embeddable":true,"href":"https:\/\/www.europesays.com\/fr\/wp-json\/wp\/v2\/users\/2"}],"replies":[{"embeddable":true,"href":"https:\/\/www.europesays.com\/fr\/wp-json\/wp\/v2\/comments?post=432652"}],"version-history":[{"count":0,"href":"https:\/\/www.europesays.com\/fr\/wp-json\/wp\/v2\/posts\/432652\/revisions"}],"wp:featuredmedia":[{"embeddable":true,"href":"https:\/\/www.europesays.com\/fr\/wp-json\/wp\/v2\/media\/432653"}],"wp:attachment":[{"href":"https:\/\/www.europesays.com\/fr\/wp-json\/wp\/v2\/media?parent=432652"}],"wp:term":[{"taxonomy":"category","embeddable":true,"href":"https:\/\/www.europesays.com\/fr\/wp-json\/wp\/v2\/categories?post=432652"},{"taxonomy":"post_tag","embeddable":true,"href":"https:\/\/www.europesays.com\/fr\/wp-json\/wp\/v2\/tags?post=432652"}],"curies":[{"name":"wp","href":"https:\/\/api.w.org\/{rel}","templated":true}]}}