{"id":432655,"date":"2025-10-02T03:06:26","date_gmt":"2025-10-02T03:06:26","guid":{"rendered":"https:\/\/www.europesays.com\/fr\/432655\/"},"modified":"2025-10-02T03:06:26","modified_gmt":"2025-10-02T03:06:26","slug":"bordeaux-la-foire-aux-plaisirs-revient-avec-ces-maneges-et-de-nombreux-rendez-vous","status":"publish","type":"post","link":"https:\/\/www.europesays.com\/fr\/432655\/","title":{"rendered":"Bordeaux : la Foire aux Plaisirs revient avec ces man\u00e8ges et de nombreux rendez-vous"},"content":{"rendered":"\n<p>Man\u00e8ges \u00e0 sensations, classiques auto-tamponneuses ou encore grande roue, p\u00eache aux canards, tir \u00e0 la carabine, stands de barbe \u00e0 papa ou encore de churros.<\/p>\n<p>Pas de doute, <strong>la Foire aux Plaisirs va bient\u00f4t faire son retour<\/strong> sur la place des Quinconces, \u00e0 Bordeaux. Les premi\u00e8res structures de man\u00e8ges commencent \u00e0 \u00eatre mont\u00e9es. La f\u00eate foraine qui regroupe pas moins de<strong> 80 man\u00e8ges et 80 stands alimentaires et de jeux<\/strong>, se d\u00e9roulera du <strong>10 octobre au 2 novembre 2025<\/strong>. Et sera ponctu\u00e9e de plusieurs rendez-vous.<\/p>\n<p>\u00a0<\/p>\n<p>Soir\u00e9e caritative pour Octobre rose et la lutte contre le cancer du sein<\/p>\n<p>D\u00e8s la premi\u00e8re soir\u00e9e d&rsquo;ouverture, le vendredi 10 octobre, la Foire aux Plaisirs se pare de rose \u00e0 l&rsquo;occasion du mois de lutte contre le cancer du sein. Un pass \u00e0 20 euros sera mis en vente au profit de l&rsquo;institut Bergoni\u00e9 et donnera acc\u00e8s en illimit\u00e9 aux man\u00e8ges entre 18h et 21h ce soir-l\u00e0.<\/p>\n<p>Il est possible de l&rsquo;acheter en pr\u00e9-vente sur <a href=\"https:\/\/foireauxplaisirs.com\/soiree-caritative-acheter-le-pass-maneges-illimite\/\" rel=\"noopener\" target=\"_blank\">le site Hello Asso <\/a>mais aussi sur place le jour m\u00eame d\u00e8s 16h. Il vous suffira ensuite de r\u00e9cup\u00e9rer un bracelet au pied du monument aux Girondins.<\/p>\n<p>\u00a0<\/p>\n<p>Halloween dans les all\u00e9es de la Foire<\/p>\n<p>Les Quinconces ne pourront pas \u00e9chapper \u00e0 la folie Halloween. Une parade sp\u00e9ciale Halloween sera propos\u00e9e \u00e0 l&rsquo;occasion du 31 octobre. Ce jour-l\u00e0, il ne faudra pas h\u00e9siter \u00e0 venir d\u00e9guis\u00e9.<\/p>\n<p>\u00a0<\/p>\n<p>Des journ\u00e9es promos pour soulager les portes-monnaies<\/p>\n<p>C&rsquo;est devenu une habitude lors de la Foire aux Plaisirs. Pour faire profiter toutes les bourses des man\u00e8ges, deux journ\u00e9es de promos seront propos\u00e9es : le mercredi 15 octobre et le dimanche 2 novembre. Des remises de 30 % \u00e0 50 % seront appliqu\u00e9es en fonction des attractions, tout au long de la journ\u00e9e.\u00a0<\/p>\n<p>\u00a0<\/p>\n","protected":false},"excerpt":{"rendered":"Man\u00e8ges \u00e0 sensations, classiques auto-tamponneuses ou encore grande roue, p\u00eache aux canards, tir \u00e0 la carabine, stands de&hellip;\n","protected":false},"author":2,"featured_media":432656,"comment_status":"","ping_status":"","sticky":false,"template":"","format":"standard","meta":{"footnotes":""},"categories":[2817],"tags":[1111,11,1997,2904,1777,674,56054,1011,27,2905,20815,20637,12,2219,24649,7518,54321,18277,56055,56053,25,21924],"class_list":{"0":"post-432655","1":"post","2":"type-post","3":"status-publish","4":"format-standard","5":"has-post-thumbnail","7":"category-bordeaux","8":"tag-actu","9":"tag-actualites","10":"tag-bordeaux","11":"tag-bordeaux-metropole","12":"tag-eu","13":"tag-europe","14":"tag-foire-aux-plaisirs","15":"tag-fr","16":"tag-france","17":"tag-gironde","18":"tag-halloween","19":"tag-manege","20":"tag-news","21":"tag-nouvelle-aquitaine","22":"tag-novembre","23":"tag-octobre","24":"tag-octobre-rose","25":"tag-parade","26":"tag-promos","27":"tag-quinconces","28":"tag-republique-francaise","29":"tag-stands"},"share_on_mastodon":{"url":"https:\/\/pubeurope.com\/@fr\/115302366217076854","error":""},"_links":{"self":[{"href":"https:\/\/www.europesays.com\/fr\/wp-json\/wp\/v2\/posts\/432655","targetHints":{"allow":["GET"]}}],"collection":[{"href":"https:\/\/www.europesays.com\/fr\/wp-json\/wp\/v2\/posts"}],"about":[{"href":"https:\/\/www.europesays.com\/fr\/wp-json\/wp\/v2\/types\/post"}],"author":[{"embeddable":true,"href":"https:\/\/www.europesays.com\/fr\/wp-json\/wp\/v2\/users\/2"}],"replies":[{"embeddable":true,"href":"https:\/\/www.europesays.com\/fr\/wp-json\/wp\/v2\/comments?post=432655"}],"version-history":[{"count":0,"href":"https:\/\/www.europesays.com\/fr\/wp-json\/wp\/v2\/posts\/432655\/revisions"}],"wp:featuredmedia":[{"embeddable":true,"href":"https:\/\/www.europesays.com\/fr\/wp-json\/wp\/v2\/media\/432656"}],"wp:attachment":[{"href":"https:\/\/www.europesays.com\/fr\/wp-json\/wp\/v2\/media?parent=432655"}],"wp:term":[{"taxonomy":"category","embeddable":true,"href":"https:\/\/www.europesays.com\/fr\/wp-json\/wp\/v2\/categories?post=432655"},{"taxonomy":"post_tag","embeddable":true,"href":"https:\/\/www.europesays.com\/fr\/wp-json\/wp\/v2\/tags?post=432655"}],"curies":[{"name":"wp","href":"https:\/\/api.w.org\/{rel}","templated":true}]}}