{"id":432657,"date":"2025-10-02T03:07:22","date_gmt":"2025-10-02T03:07:22","guid":{"rendered":"https:\/\/www.europesays.com\/fr\/432657\/"},"modified":"2025-10-02T03:07:22","modified_gmt":"2025-10-02T03:07:22","slug":"ur-de-bordeaux-visite-du-centre-interregional-de-formation-de-bedenac-ufap","status":"publish","type":"post","link":"https:\/\/www.europesays.com\/fr\/432657\/","title":{"rendered":"UR de BORDEAUX : VISITE Du Centre Interr\u00e9gional de Formation DE B\u00c9DENAC | UFAP"},"content":{"rendered":"<p><strong>Une d\u00e9l\u00e9gation r\u00e9gionale UFAP UNSa Justice a r\u00e9cemment effectu\u00e9 un d\u00e9placement au sein du Centre Interr\u00e9gional de Formation de Bordeaux.<\/strong><\/p>\n<p>\u00c0 cette occasion, nous avons pu visiter le site et constater qu\u2019il s\u2019agit d\u2019un bel outil de travail, offrant un cadre adapt\u00e9 aux missions de formation. Toutefois, certaines interrogations subsistent quant \u00e0 l\u2019entretien global des infrastructures, notamment en ce qui concerne le tunnel de tir, qui appelle une vigilance et une attention particuli\u00e8re afin de garantir des conditions optimales de s\u00e9curit\u00e9 et d\u2019efficacit\u00e9.<\/p>\n<p>Durant cette visite, la d\u00e9l\u00e9gation a \u00e9galement assist\u00e9 \u00e0 la formation ESR dispens\u00e9e aux coll\u00e8gues de Bordeaux. Des \u00e9changes fructueux ont eu lieu avec les moniteurs ainsi qu\u2019avec les apprenants. Nous tenons \u00e0 souligner l\u2019investissement constant des moniteurs et la motivation r\u00e9elle des stagiaires. Cependant, il ressort que la formation demeure particuli\u00e8rement dense et difficile \u00e0 suivre dans les conditions actuelles : un condens\u00e9 trop important de contenus est propos\u00e9 dans un laps de temps restreint, ce qui limite l\u2019assimilation et la mise en pratique. \u00c0 ce titre, il appara\u00eet n\u00e9cessaire d\u2019envisager un allongement de la dur\u00e9e, de deux \u00e0 trois jours suppl\u00e9mentaires, afin de renforcer la partie relative \u00e0 la conduite op\u00e9rationnelle.<\/p>\n<p>Par ailleurs, il a \u00e9t\u00e9 relev\u00e9 que le mat\u00e9riel actuellement mis \u00e0 disposition ne semble pas totalement adapt\u00e9 aux nouvelles missions, en particulier en ce qui concerne les dispositifs de communication, qui gagneraient \u00e0 \u00eatre modernis\u00e9s. Enfin, la d\u00e9l\u00e9gation tient \u00e0 souligner qu\u2019il serait opportun de doter le v\u00e9hicule porteur d\u2019une <strong>troisi\u00e8me arme longue<\/strong>, mesure qui viendrait renforcer significativement la s\u00e9curit\u00e9 des convois, notamment lors des diff\u00e9rents arr\u00eats en zone ouverte (stations-services, abords des tribunaux judiciaires, etc.).<\/p>\n<p><strong>L\u2019UFAP UNSa Justice<\/strong> restera particuli\u00e8rement vigilante quant \u00e0 l\u2019\u00e9volution de ces probl\u00e9matiques et au renforcement des conditions de formation des personnels.<\/p>\n<p><strong>L\u2019UFAP UNSa<\/strong> <strong>Justice<\/strong> tient \u00e0 remercier chaleureusement les ISP\/MSP pour leur implication et leur professionnalisme, ainsi que le bureau local de B\u00e9denac pour la qualit\u00e9 de son accueil.<\/p>\n<ol class=\"wp-block-list\">\n<li\/>\n<\/ol>\n<p class=\"has-text-align-right\"><strong>Union R\u00e9gionale<\/strong> <strong>UFAP UNSa Justice<\/strong> <strong>de Bordeaux<\/strong><\/p>\n","protected":false},"excerpt":{"rendered":"Une d\u00e9l\u00e9gation r\u00e9gionale UFAP UNSa Justice a r\u00e9cemment effectu\u00e9 un d\u00e9placement au sein du Centre Interr\u00e9gional de Formation&hellip;\n","protected":false},"author":2,"featured_media":432658,"comment_status":"","ping_status":"","sticky":false,"template":"","format":"standard","meta":{"footnotes":""},"categories":[2817],"tags":[1111,11,1997,1777,674,1011,27,12,2219,25],"class_list":{"0":"post-432657","1":"post","2":"type-post","3":"status-publish","4":"format-standard","5":"has-post-thumbnail","7":"category-bordeaux","8":"tag-actu","9":"tag-actualites","10":"tag-bordeaux","11":"tag-eu","12":"tag-europe","13":"tag-fr","14":"tag-france","15":"tag-news","16":"tag-nouvelle-aquitaine","17":"tag-republique-francaise"},"share_on_mastodon":{"url":"https:\/\/pubeurope.com\/@fr\/115302370487277284","error":""},"_links":{"self":[{"href":"https:\/\/www.europesays.com\/fr\/wp-json\/wp\/v2\/posts\/432657","targetHints":{"allow":["GET"]}}],"collection":[{"href":"https:\/\/www.europesays.com\/fr\/wp-json\/wp\/v2\/posts"}],"about":[{"href":"https:\/\/www.europesays.com\/fr\/wp-json\/wp\/v2\/types\/post"}],"author":[{"embeddable":true,"href":"https:\/\/www.europesays.com\/fr\/wp-json\/wp\/v2\/users\/2"}],"replies":[{"embeddable":true,"href":"https:\/\/www.europesays.com\/fr\/wp-json\/wp\/v2\/comments?post=432657"}],"version-history":[{"count":0,"href":"https:\/\/www.europesays.com\/fr\/wp-json\/wp\/v2\/posts\/432657\/revisions"}],"wp:featuredmedia":[{"embeddable":true,"href":"https:\/\/www.europesays.com\/fr\/wp-json\/wp\/v2\/media\/432658"}],"wp:attachment":[{"href":"https:\/\/www.europesays.com\/fr\/wp-json\/wp\/v2\/media?parent=432657"}],"wp:term":[{"taxonomy":"category","embeddable":true,"href":"https:\/\/www.europesays.com\/fr\/wp-json\/wp\/v2\/categories?post=432657"},{"taxonomy":"post_tag","embeddable":true,"href":"https:\/\/www.europesays.com\/fr\/wp-json\/wp\/v2\/tags?post=432657"}],"curies":[{"name":"wp","href":"https:\/\/api.w.org\/{rel}","templated":true}]}}