{"id":432661,"date":"2025-10-02T03:09:14","date_gmt":"2025-10-02T03:09:14","guid":{"rendered":"https:\/\/www.europesays.com\/fr\/432661\/"},"modified":"2025-10-02T03:09:14","modified_gmt":"2025-10-02T03:09:14","slug":"des-ossements-humains-retrouves-dans-une-tombe-pres-de-toulouse-une-enquete-ouverte","status":"publish","type":"post","link":"https:\/\/www.europesays.com\/fr\/432661\/","title":{"rendered":"Des ossements humains retrouv\u00e9s dans une tombe pr\u00e8s de Toulouse, une enqu\u00eate ouverte"},"content":{"rendered":"<ul class=\"jsx-862013697 ArticleChapo__List\">\n<li class=\"jsx-862013697 ArticleChapo__List_Item flex\">Des ossements humains ont \u00e9t\u00e9 d\u00e9couverts mardi dans le caveau d&rsquo;un cimeti\u00e8re en Haute-Garonne.<\/li>\n<li class=\"jsx-862013697 ArticleChapo__List_Item flex\">Une enqu\u00eate a \u00e9t\u00e9 ouverte par le parquet de Toulouse et confi\u00e9e au Service interd\u00e9partemental de la police judiciaire.<\/li>\n<li class=\"jsx-862013697 ArticleChapo__List_Item flex\">Une autopsie va \u00eatre pratiqu\u00e9e sur la d\u00e9pouille.<\/li>\n<\/ul>\n<p data-module=\"article-paragraph\" class=\"jsx-3046738180 Paragraph\">L&rsquo;affaire est \u00ab\u00a0intrigante\u00a0\u00bb. Des ossements humains ont \u00e9t\u00e9 d\u00e9couverts mardi dans un caveau du cimeti\u00e8re de Blagnac (Haute-Garonne), pr\u00e8s de Toulouse, a indiqu\u00e9 ce mercredi 1er octobre une source proche de l&rsquo;enqu\u00eate, confirmant une information de <a href=\"https:\/\/www.ladepeche.fr\/2025\/10\/01\/info-la-depeche-une-femme-tuee-puis-enterree-sous-la-pierre-tombale-dun-autre-une-macabre-decouverte-seme-le-trouble-pres-de-toulouse-12964711.php\" rel=\"nofollow noopener\" target=\"_blank\">La D\u00e9p\u00eache<\/a>. D&rsquo;apr\u00e8s le journal, la d\u00e9pouille est en \u00ab\u00a0d\u00e9composition avanc\u00e9e\u00a0\u00bb.\u00a0<\/p>\n<p data-module=\"article-paragraph\" class=\"jsx-3046738180 Paragraph Paragraph__End\">\u00ab\u00a0C&rsquo;est tr\u00e8s intriguant de d\u00e9couvrir de tels ossements, dans une s\u00e9pulture, \u00e7a peut ressembler \u00e0 de la dissimulation de corps. Dans un premier temps, une autopsie va \u00eatre faite\u00a0\u00bb, a d\u00e9clar\u00e9 \u00e0 l&rsquo;AFP une source proche de l&rsquo;enqu\u00eate, qui dit ignorer s&rsquo;il s&rsquo;agit d&rsquo;une femme ou d&rsquo;un homme.<\/p>\n<p><a href=\"https:\/\/www.tf1info.fr\/justice-faits-divers\/dunkerque-un-homme-de-46-ans-decede-dans-les-toilettes-d-un-kfc-son-corps-decouvert-30-heures-apres-2396791.html\" rel=\"noopener\" class=\"jsx-3308031228 Link flex\" target=\"_blank\"><img decoding=\"async\" src=\"https:\/\/www.europesays.com\/fr\/wp-content\/uploads\/2025\/10\/illustration-kfc-1-764679-1@1x.jpeg\" alt=\"Le g\u00e9ant am\u00e9ricain du poulet frit, qui a pr\u00e9sent\u00e9 ses excuses dans la foul\u00e9e, s'est attir\u00e9 une pluie de critiques de l'autre c\u00f4t\u00e9 du Rhin.\" loading=\"lazy\" importance=\"low\" fetchpriority=\"low\" class=\"\" aria-hidden=\"true\"\/><\/p>\n<p class=\"jsx-3657663356 ReadMoreArticle__Title\">Lire aussi<\/p>\n<p class=\"jsx-3657663356\">Nord : un homme d\u00e9c\u00e8de dans les toilettes d&rsquo;un KFC, son corps d\u00e9couvert 30 heures apr\u00e8s<\/p>\n<p><\/a><\/p>\n<p data-module=\"article-paragraph\" class=\"jsx-3046738180 Paragraph\">Ce sont des employ\u00e9s d&rsquo;une entreprise fun\u00e9raire effectuant des travaux qui sont tomb\u00e9s sur les ossements \u00e9pars, dont certains pourraient \u00eatre d&rsquo;origine animale, \u00e0 proximit\u00e9 d&rsquo;un cercueil, alors qu&rsquo;ils soulevaient une pierre tombale.\u00a0<\/p>\n<p data-module=\"article-paragraph\" class=\"jsx-3046738180 Paragraph Paragraph__End\">Le parquet de Toulouse a ouvert une enqu\u00eate et confi\u00e9 les investigations au Service interd\u00e9partemental de la police judiciaire (SIPJ).<\/p>\n<p>E.R. avec AFP<\/p>\n","protected":false},"excerpt":{"rendered":"Des ossements humains ont \u00e9t\u00e9 d\u00e9couverts mardi dans le caveau d&rsquo;un cimeti\u00e8re en Haute-Garonne. Une enqu\u00eate a \u00e9t\u00e9&hellip;\n","protected":false},"author":2,"featured_media":432662,"comment_status":"","ping_status":"","sticky":false,"template":"","format":"standard","meta":{"footnotes":""},"categories":[2816],"tags":[1111,11,1921,1777,674,1011,27,1922,2954,12,2680,25,2312,133,2953],"class_list":{"0":"post-432661","1":"post","2":"type-post","3":"status-publish","4":"format-standard","5":"has-post-thumbnail","7":"category-toulouse","8":"tag-actu","9":"tag-actualites","10":"tag-article-video","11":"tag-eu","12":"tag-europe","13":"tag-fr","14":"tag-france","15":"tag-info","16":"tag-justice-et-faits-divers","17":"tag-news","18":"tag-occitanie","19":"tag-republique-francaise","20":"tag-toulouse","21":"tag-video","22":"tag-video-police"},"share_on_mastodon":{"url":"https:\/\/pubeurope.com\/@fr\/115302377965730070","error":""},"_links":{"self":[{"href":"https:\/\/www.europesays.com\/fr\/wp-json\/wp\/v2\/posts\/432661","targetHints":{"allow":["GET"]}}],"collection":[{"href":"https:\/\/www.europesays.com\/fr\/wp-json\/wp\/v2\/posts"}],"about":[{"href":"https:\/\/www.europesays.com\/fr\/wp-json\/wp\/v2\/types\/post"}],"author":[{"embeddable":true,"href":"https:\/\/www.europesays.com\/fr\/wp-json\/wp\/v2\/users\/2"}],"replies":[{"embeddable":true,"href":"https:\/\/www.europesays.com\/fr\/wp-json\/wp\/v2\/comments?post=432661"}],"version-history":[{"count":0,"href":"https:\/\/www.europesays.com\/fr\/wp-json\/wp\/v2\/posts\/432661\/revisions"}],"wp:featuredmedia":[{"embeddable":true,"href":"https:\/\/www.europesays.com\/fr\/wp-json\/wp\/v2\/media\/432662"}],"wp:attachment":[{"href":"https:\/\/www.europesays.com\/fr\/wp-json\/wp\/v2\/media?parent=432661"}],"wp:term":[{"taxonomy":"category","embeddable":true,"href":"https:\/\/www.europesays.com\/fr\/wp-json\/wp\/v2\/categories?post=432661"},{"taxonomy":"post_tag","embeddable":true,"href":"https:\/\/www.europesays.com\/fr\/wp-json\/wp\/v2\/tags?post=432661"}],"curies":[{"name":"wp","href":"https:\/\/api.w.org\/{rel}","templated":true}]}}