{"id":432665,"date":"2025-10-02T03:12:12","date_gmt":"2025-10-02T03:12:12","guid":{"rendered":"https:\/\/www.europesays.com\/fr\/432665\/"},"modified":"2025-10-02T03:12:12","modified_gmt":"2025-10-02T03:12:12","slug":"impliquant-un-poids-lourd","status":"publish","type":"post","link":"https:\/\/www.europesays.com\/fr\/432665\/","title":{"rendered":"impliquant un poids lourd"},"content":{"rendered":"<p>Sur <a href=\"https:\/\/www.laprovence.com\/article\/region\/1396822959588815\/info-trafic-une-moto-en-panne-provoque-un-bouchon-important-dans-les-tunnels-joliette-et-vieux-port\" target=\"_blank\" rel=\"noopener\">l\u2019autoroute A7<\/a>, \u00e0 hauteur des Pennes-Mirabeau et en direction de Marseille, un accident vient d\u2019avoir lieu. Il implique un poids lourd et une voiture. Le choc a eu lieu juste apr\u00e8s le tunnel des Pennes. Dans le secteur, une voie est neutralis\u00e9e \u00e0 la circulation de tous les v\u00e9hicules.<\/p>\n<p>Cons\u00e9quence\u00a0: une retenue est en cours sur cet axe. Elle remonte jusqu\u2019\u00e0 la commune de Vitrolles. Les patrouilleurs de la Direction interd\u00e9partementale des routes de M\u00e9diterran\u00e9e (Dirmed) sont sur place. Pour l\u2019heure, nous ne savons pas s\u2019il y a des bless\u00e9s, en tout cas les pompiers des Bouches-du-Rh\u00f4ne ne sont pas en intervention dans ce secteur.<\/p>\n","protected":false},"excerpt":{"rendered":"Sur l\u2019autoroute A7, \u00e0 hauteur des Pennes-Mirabeau et en direction de Marseille, un accident vient d\u2019avoir lieu. Il&hellip;\n","protected":false},"author":2,"featured_media":432666,"comment_status":"","ping_status":"","sticky":false,"template":"","format":"standard","meta":{"footnotes":""},"categories":[2814],"tags":[17,1111,11,4899,1102,1777,674,1011,27,12699,1922,26158,22652,884,12,882,16,25,3356,1097],"class_list":{"0":"post-432665","1":"post","2":"type-post","3":"status-publish","4":"format-standard","5":"has-post-thumbnail","7":"category-marseille","8":"tag-17","9":"tag-actu","10":"tag-actualites","11":"tag-bouchon","12":"tag-breakingnews","13":"tag-eu","14":"tag-europe","15":"tag-fr","16":"tag-france","17":"tag-important","18":"tag-info","19":"tag-la7","20":"tag-lentree","21":"tag-marseille","22":"tag-news","23":"tag-provence-alpes-cote-dazur","24":"tag-region","25":"tag-republique-francaise","26":"tag-sur","27":"tag-trafic"},"share_on_mastodon":{"url":"https:\/\/pubeurope.com\/@fr\/115302389795293130","error":""},"_links":{"self":[{"href":"https:\/\/www.europesays.com\/fr\/wp-json\/wp\/v2\/posts\/432665","targetHints":{"allow":["GET"]}}],"collection":[{"href":"https:\/\/www.europesays.com\/fr\/wp-json\/wp\/v2\/posts"}],"about":[{"href":"https:\/\/www.europesays.com\/fr\/wp-json\/wp\/v2\/types\/post"}],"author":[{"embeddable":true,"href":"https:\/\/www.europesays.com\/fr\/wp-json\/wp\/v2\/users\/2"}],"replies":[{"embeddable":true,"href":"https:\/\/www.europesays.com\/fr\/wp-json\/wp\/v2\/comments?post=432665"}],"version-history":[{"count":0,"href":"https:\/\/www.europesays.com\/fr\/wp-json\/wp\/v2\/posts\/432665\/revisions"}],"wp:featuredmedia":[{"embeddable":true,"href":"https:\/\/www.europesays.com\/fr\/wp-json\/wp\/v2\/media\/432666"}],"wp:attachment":[{"href":"https:\/\/www.europesays.com\/fr\/wp-json\/wp\/v2\/media?parent=432665"}],"wp:term":[{"taxonomy":"category","embeddable":true,"href":"https:\/\/www.europesays.com\/fr\/wp-json\/wp\/v2\/categories?post=432665"},{"taxonomy":"post_tag","embeddable":true,"href":"https:\/\/www.europesays.com\/fr\/wp-json\/wp\/v2\/tags?post=432665"}],"curies":[{"name":"wp","href":"https:\/\/api.w.org\/{rel}","templated":true}]}}