{"id":432667,"date":"2025-10-02T03:13:19","date_gmt":"2025-10-02T03:13:19","guid":{"rendered":"https:\/\/www.europesays.com\/fr\/432667\/"},"modified":"2025-10-02T03:13:19","modified_gmt":"2025-10-02T03:13:19","slug":"a-marseille-renaissance-scelle-un-accord-avec-martine-vassal","status":"publish","type":"post","link":"https:\/\/www.europesays.com\/fr\/432667\/","title":{"rendered":"\u00e0 Marseille, Renaissance scelle un accord avec Martine Vassal"},"content":{"rendered":"<p>Candidate \u00e0 la mairie de Marseille, Martine Vassal pourrait obtenir prochainement l\u2019investiture de Renaissance, en plus de celle des LR d\u00e9j\u00e0 obtenue. La pr\u00e9sidente du d\u00e9partement et de la m\u00e9tropole a accept\u00e9 de reprendre des propositions du parti pr\u00e9sidentiel dans son programme.<\/p>\n<p class=\"fig-paragraph\">Le parti avait pr\u00e9sent\u00e9 son propre candidat contre<a href=\"http:\/\/www.lefigaro.fr\/marseille\/municipales-a-marseille-martine-vassal-officialise-sa-candidature-20250913\" data-fig-type=\"NewsFlash\" data-gtm-custom-categorie=\"navigation\" data-gtm-custom-action=\"crossclick\" data-gtm-custom-label=\"Contextuel\" data-gtm-event=\"customEventSPE\" data-fig-domain=\"LEFIGARO\" target=\"_blank\" rel=\"noopener\">\u00a0Martine Vassal\u00a0<\/a>en 2020. Cinq ans plus tard,\u00a0<a href=\"http:\/\/www.lefigaro.fr\/politique\/on-ne-sert-pas-la-soupe-a-un-parti-antisemite-chez-renaissance-la-participation-de-violette-spillebout-a-la-rentree-de-lfi-fait-polemique-20250821\" data-fig-type=\"NewsFlash\" data-gtm-custom-categorie=\"navigation\" data-gtm-custom-action=\"crossclick\" data-gtm-custom-label=\"Contextuel\" data-gtm-event=\"customEventSPE\" data-fig-domain=\"LEFIGARO\" target=\"_blank\" rel=\"noopener\">Renaissance<\/a>\u00a0a scell\u00e9 un accord pour soutenir la pr\u00e9sidente du d\u00e9partement des Bouches-du-Rh\u00f4ne et de la m\u00e9tropole d\u2019Aix-Marseille pour les prochaines \u00e9lections municipales dans la deuxi\u00e8me ville de France.<\/p>\n<p class=\"fig-paragraph\">Ce week-end, dans une interview accord\u00e9e \u00e0\u00a0<a href=\"https:\/\/www.laprovence.com\/article\/elections\/166881634647214\/municipales-2026-a-marseille-maxime-boudet-renaissance-un-soutien-sans-blanc-seing-a-martine-vassal\" target=\"_blank\" rel=\"sponsored noopener\" data-gtm-custom-categorie=\"navigation\" data-gtm-custom-action=\"crossclick\" data-gtm-custom-label=\"Contextuel\" data-gtm-event=\"customEventSPE\">La Provence<\/a>, le porte-parole de Renaissance \u00e0 Marseille, Maxime Boudet, rappelait que le parti d\u2019Emmanuel Macron envisageait \u00abun soutien sans blanc-seing\u00bb \u00e0 Martine Vassal, estimant que cette derni\u00e8re avait \u00e9t\u00e9 \u00abmaladroite en parlant de valeurs communes avec le RN\u00bb, des propos dans lesquels Renaissance ne se reconnaissaient pas.<\/p>\n<p>                                    <a class=\"fig-a11y-skip a11y-hidden\" href=\"#fig-a11y-skip-main-inarticle\"><br \/>\n        Passer la publicit\u00e9<br \/>\n    <\/a><\/p>\n<p class=\"fig-paragraph\">Quelques jours plus tard, dans une brasserie du centre-ville, \u00e0 l\u2019issue d\u2019un d\u00e9jeuner avec les cadres locaux de Renaissance, Martine Vassal a convoqu\u00e9 la presse pour faire savoir qu\u2019elle acceptait de signer la charte de valeurs qui lui avait \u00e9t\u00e9 soumise par Renaissance, ainsi que de reprendre dans son programme \u00ab95%\u00bb des 26 propositions formul\u00e9es par le parti.<\/p>\n<p>Une investiture probable de Renaissance<\/p>\n<p class=\"fig-paragraph\">Dans cette charte, Renaissance exige, entre autres, d\u2019exclure \u00abtoute association, directe ou indirecte, avec l\u2019extr\u00eame droite, LFI, ou des personnes dont la moralit\u00e9 serait incompatible avec nos principes d\u2019int\u00e9grit\u00e9, de transparence et d\u2019humanisme, notamment pour des personnes condamn\u00e9es p\u00e9nalement, ayant pris position officiellement ou vot\u00e9 pour des candidats des extr\u00eames.\u00bb<\/p>\n<p class=\"fig-paragraph\">Parmi les propositions soumises \u00e0 Martine Vassal, la candidate avait d\u2019ores et d\u00e9j\u00e0 annonc\u00e9 le week-end dernier accepter de mettre en place une d\u00e9l\u00e9gation permanente de la ville de Marseille \u00e0 Bruxelles pour faciliter le d\u00e9blocage d\u2019aides de l\u2019Union europ\u00e9enne. \u00abLe plus important n\u2019est pas de gagner une \u00e9lection mais pourquoi on la gagne et pourquoi on va gouverner ensemble, estime G\u00e9rard Blanc, membre du bureau de Renaissance dans les Bouches-du-Rh\u00f4ne. Au lieu d\u2019avoir au troisi\u00e8me tour des accords au coin de table, on cr\u00e9e d\u00e8s maintenant une r\u00e9elle union sur du fond.\u00bb<\/p>\n<p class=\"fig-paragraph\">\u00abNous voulons une alliance exigeante, confirme Maxime Boudet. Sur les propositions, il fallait qu\u2019on s\u2019accorde avec Martine Vassal qui adh\u00e8re \u00e0 100% sur une charte. Il y a plus de choses qui nous rassemblent que de choses qui nous divisent.\u00bb D\u00e9sign\u00e9 pilote des municipales \u00e0 Marseille pour Renaissance, le pr\u00e9sident de la r\u00e9gion Paca<a href=\"http:\/\/www.lefigaro.fr\/politique\/renaud-muselier-renaissance-dominique-de-villepin-est-un-gaulliste-de-salon-20250708\" data-fig-type=\"Article\" data-gtm-custom-categorie=\"navigation\" data-gtm-custom-action=\"crossclick\" data-gtm-custom-label=\"Contextuel\" data-gtm-event=\"customEventSPE\" data-fig-domain=\"LEFIGARO\" target=\"_blank\" rel=\"noopener\">\u00a0Renaud Muselier<\/a>\u00a0a accept\u00e9 \u00e9galement de pr\u00e9sider le comit\u00e9 de soutien de Martine Vassal, et entend d\u00e9fendre la cause de la candidate aupr\u00e8s de la commission nationale d\u2019investiture de Renaissance, qui pourrait statuer sur le cas marseillais dans les prochaines semaines. \u00abJ\u2019ai cru comprendre que Martine Vassal aurait la bienveillance du national\u00bb, annonce Renaud Muselier.<\/p>\n<p class=\"fig-paragraph\">Le 23 septembre dernier, Les R\u00e9publicains avaient annonc\u00e9 investir Martine Vassal comme candidate \u00e0 Marseille. Pour rappel, cette derni\u00e8re avait \u00e9t\u00e9 mise en retrait par LR apr\u00e8s avoir apport\u00e9 son soutien \u00e0 Emmanuel Macron lors des pr\u00e9sidentielles de 2022.<\/p>\n","protected":false},"excerpt":{"rendered":"Candidate \u00e0 la mairie de Marseille, Martine Vassal pourrait obtenir prochainement l\u2019investiture de Renaissance, en plus de celle&hellip;\n","protected":false},"author":2,"featured_media":432668,"comment_status":"","ping_status":"","sticky":false,"template":"","format":"standard","meta":{"footnotes":""},"categories":[2814],"tags":[1111,11,1777,674,1011,27,884,21363,3554,12,882,3370,6697,25],"class_list":{"0":"post-432667","1":"post","2":"type-post","3":"status-publish","4":"format-standard","5":"has-post-thumbnail","7":"category-marseille","8":"tag-actu","9":"tag-actualites","10":"tag-eu","11":"tag-europe","12":"tag-fr","13":"tag-france","14":"tag-marseille","15":"tag-martine-vassal","16":"tag-municipales","17":"tag-news","18":"tag-provence-alpes-cote-dazur","19":"tag-renaissance","20":"tag-renaud-muselier","21":"tag-republique-francaise"},"share_on_mastodon":{"url":"https:\/\/pubeurope.com\/@fr\/115302393798925518","error":""},"_links":{"self":[{"href":"https:\/\/www.europesays.com\/fr\/wp-json\/wp\/v2\/posts\/432667","targetHints":{"allow":["GET"]}}],"collection":[{"href":"https:\/\/www.europesays.com\/fr\/wp-json\/wp\/v2\/posts"}],"about":[{"href":"https:\/\/www.europesays.com\/fr\/wp-json\/wp\/v2\/types\/post"}],"author":[{"embeddable":true,"href":"https:\/\/www.europesays.com\/fr\/wp-json\/wp\/v2\/users\/2"}],"replies":[{"embeddable":true,"href":"https:\/\/www.europesays.com\/fr\/wp-json\/wp\/v2\/comments?post=432667"}],"version-history":[{"count":0,"href":"https:\/\/www.europesays.com\/fr\/wp-json\/wp\/v2\/posts\/432667\/revisions"}],"wp:featuredmedia":[{"embeddable":true,"href":"https:\/\/www.europesays.com\/fr\/wp-json\/wp\/v2\/media\/432668"}],"wp:attachment":[{"href":"https:\/\/www.europesays.com\/fr\/wp-json\/wp\/v2\/media?parent=432667"}],"wp:term":[{"taxonomy":"category","embeddable":true,"href":"https:\/\/www.europesays.com\/fr\/wp-json\/wp\/v2\/categories?post=432667"},{"taxonomy":"post_tag","embeddable":true,"href":"https:\/\/www.europesays.com\/fr\/wp-json\/wp\/v2\/tags?post=432667"}],"curies":[{"name":"wp","href":"https:\/\/api.w.org\/{rel}","templated":true}]}}