{"id":432669,"date":"2025-10-02T03:14:21","date_gmt":"2025-10-02T03:14:21","guid":{"rendered":"https:\/\/www.europesays.com\/fr\/432669\/"},"modified":"2025-10-02T03:14:21","modified_gmt":"2025-10-02T03:14:21","slug":"lyon-une-octogenaire-en-fauteuil-mord-un-clandestin-algerien-qui-tentait-de-lui-arracher-son-collier","status":"publish","type":"post","link":"https:\/\/www.europesays.com\/fr\/432669\/","title":{"rendered":"Lyon : une octog\u00e9naire en fauteuil mord un clandestin alg\u00e9rien qui tentait de lui arracher son collier"},"content":{"rendered":"<p class=\"p1\">Samedi 27 septembre, dans le quartier de la Doua \u00e0 Villeurbanne, <a href=\"https:\/\/www.valeursactuelles.com\/regions\/auvergne-rhone-alpes\/rhone\/lyon\/societe\/lyon-la-mairie-fait-installer-une-plaque-pour-la-commemoration-de-la-liberation-et-se-trompe-de-date\" target=\"_blank\" rel=\"noopener nofollow\">pr\u00e8s de Lyon<\/a>, une femme de 81 ans en fauteuil roulant a <a href=\"https:\/\/www.valeursactuelles.com\/regions\/hauts-de-france\/oise\/na\/faits-divers\/oise-une-septuagenaire-violemment-agressee-par-un-marocain-sous-oqtf\" rel=\"nofollow noopener\" target=\"_blank\">r\u00e9sist\u00e9 \u00e0 deux agresseurs<\/a> qui tentaient de lui arracher son collier. Elle a mordu l\u2019un d\u2019eux, retenu ensuite par des t\u00e9moins avant d\u2019\u00eatre <a href=\"https:\/\/www.valeursactuelles.com\/clubvaleurs\/lincorrect\/la-massification-de-la-violence-est-une-pathologie-sociale-alerte-frederic-lauze\" rel=\"nofollow noopener\" target=\"_blank\">interpell\u00e9 par la police<\/a>, rapporte <a href=\"https:\/\/www.lefigaro.fr\/lyon\/villeurbanne-victime-d-une-tentative-d-arrachage-de-collier-une-octogenaire-en-fauteuil-mord-son-agresseur-20251001\" target=\"_blank\" rel=\"nofollow noopener\">Le Figaro<\/a> le 1er octobre. Il a \u00e9t\u00e9 jug\u00e9 en comparution imm\u00e9diate.<\/p>\n<p><a href=\"https:\/\/www.valeursactuelles.com\/societe\/immigration-86-des-francais-souhaitent-incarcerer-les-oqtf-avant-leur-expulsion\" class=\"h-flex h-align-items-center h-border-tb h-ptb-15\" rel=\"nofollow noopener\" target=\"_blank\">A\u00a0LIRE\u00a0Immigration : 86 % des Fran\u00e7ais souhaitent incarc\u00e9rer les OQTF avant leur expulsion<\/a>                    <img decoding=\"async\" src=\"https:\/\/www.europesays.com\/fr\/wp-content\/uploads\/2025\/10\/maxresdefault.jpg\" alt=\"Vid\u00e9o YouTube\" style=\"width: 100%; height: auto; display: block;\"\/><\/p>\n<p>                        Chargement\u2026                    <\/p>\n<p class=\"p1\">Accompagn\u00e9e de son mari de 84 ans, la victime a \u00e9t\u00e9 prise \u00e0 partie par deux jeunes hommes avenue Pierre-de-Coubertin. Alors qu\u2019ils tentaient de s\u2019emparer de son collier, l\u2019octog\u00e9naire s\u2019est d\u00e9fendue en mordant l\u2019un des assaillants \u00e0 la main. L\u2019individu a ensuite bouscul\u00e9 son \u00e9poux avant d\u2019\u00eatre rattrap\u00e9 \u00e0 proximit\u00e9 par des passants. Son complice, lui, a pris la fuite.<\/p>\n<p>Interpellation et identification<\/p>\n<p class=\"p1\">\u00c0 l\u2019arriv\u00e9e des policiers, une morsure bien visible marquait la main du suspect, que la victime a formellement reconnu. \u00c2g\u00e9 de 24 ans, il est \u00ab tr\u00e8s d\u00e9favorablement connu \u00bb des services de police. De nationalit\u00e9 alg\u00e9rienne et en situation irr\u00e9guli\u00e8re, il faisait d\u00e9j\u00e0 l\u2019objet d\u2019une interdiction administrative de retour sur le territoire. Son complice reste, pour l\u2019heure, introuvable.<\/p>\n<p class=\"p1\">Le mis en cause a \u00e9t\u00e9 plac\u00e9 en assignation \u00e0 r\u00e9sidence par la pr\u00e9fecture du Rh\u00f4ne, puis pr\u00e9sent\u00e9 en comparution imm\u00e9diate. Il a \u00e9t\u00e9 condamn\u00e9 \u00e0 un an de prison ferme, assorti d\u2019une interdiction judiciaire du territoire fran\u00e7ais de cinq ans. Il a \u00e9t\u00e9 \u00e9crou\u00e9. L\u2019enqu\u00eate se poursuit pour identifier le second agresseur.<\/p>\n","protected":false},"excerpt":{"rendered":"Samedi 27 septembre, dans le quartier de la Doua \u00e0 Villeurbanne, pr\u00e8s de Lyon, une femme de 81&hellip;\n","protected":false},"author":2,"featured_media":432670,"comment_status":"","ping_status":"","sticky":false,"template":"","format":"standard","meta":{"footnotes":""},"categories":[1889],"tags":[1111,11,1120,2430,1777,674,1011,27,2428,12,4347,25],"class_list":{"0":"post-432669","1":"post","2":"type-post","3":"status-publish","4":"format-standard","5":"has-post-thumbnail","7":"category-lyon","8":"tag-actu","9":"tag-actualites","10":"tag-agression","11":"tag-auvergne-rhone-alpes","12":"tag-eu","13":"tag-europe","14":"tag-fr","15":"tag-france","16":"tag-lyon","17":"tag-news","18":"tag-oqtf","19":"tag-republique-francaise"},"share_on_mastodon":{"url":"https:\/\/pubeurope.com\/@fr\/115302399864600232","error":""},"_links":{"self":[{"href":"https:\/\/www.europesays.com\/fr\/wp-json\/wp\/v2\/posts\/432669","targetHints":{"allow":["GET"]}}],"collection":[{"href":"https:\/\/www.europesays.com\/fr\/wp-json\/wp\/v2\/posts"}],"about":[{"href":"https:\/\/www.europesays.com\/fr\/wp-json\/wp\/v2\/types\/post"}],"author":[{"embeddable":true,"href":"https:\/\/www.europesays.com\/fr\/wp-json\/wp\/v2\/users\/2"}],"replies":[{"embeddable":true,"href":"https:\/\/www.europesays.com\/fr\/wp-json\/wp\/v2\/comments?post=432669"}],"version-history":[{"count":0,"href":"https:\/\/www.europesays.com\/fr\/wp-json\/wp\/v2\/posts\/432669\/revisions"}],"wp:featuredmedia":[{"embeddable":true,"href":"https:\/\/www.europesays.com\/fr\/wp-json\/wp\/v2\/media\/432670"}],"wp:attachment":[{"href":"https:\/\/www.europesays.com\/fr\/wp-json\/wp\/v2\/media?parent=432669"}],"wp:term":[{"taxonomy":"category","embeddable":true,"href":"https:\/\/www.europesays.com\/fr\/wp-json\/wp\/v2\/categories?post=432669"},{"taxonomy":"post_tag","embeddable":true,"href":"https:\/\/www.europesays.com\/fr\/wp-json\/wp\/v2\/tags?post=432669"}],"curies":[{"name":"wp","href":"https:\/\/api.w.org\/{rel}","templated":true}]}}