{"id":432674,"date":"2025-10-02T03:18:14","date_gmt":"2025-10-02T03:18:14","guid":{"rendered":"https:\/\/www.europesays.com\/fr\/432674\/"},"modified":"2025-10-02T03:18:14","modified_gmt":"2025-10-02T03:18:14","slug":"paris-et-lasvel-chutent-dentree","status":"publish","type":"post","link":"https:\/\/www.europesays.com\/fr\/432674\/","title":{"rendered":"Paris et l&rsquo;Asvel chutent d&rsquo;entr\u00e9e"},"content":{"rendered":"<p class=\"date\">\n                                                            Faraj Benlahoucine, Media365, publi\u00e9 le mercredi 01 octobre 2025 \u00e0 22h38\n                                                    <\/p>\n<p>Paris et l&rsquo;Asvel ont manqu\u00e9 leur entr\u00e9e en lice en Euroligue, respectivement domin\u00e9s par le Fenerbahce (96-77) et Valence (77-80).<\/p>\n<p>Moins d&rsquo;une heure apr\u00e8s le revers enregistr\u00e9 dans sa salle par Monaco devant le Zalgiris Kaunas en Euroligue, les deux autres clubs tricolores se sont \u00e9galement inclin\u00e9s lors de leur rentr\u00e9e des classes sur la sc\u00e8ne europ\u00e9enne. Du c\u00f4t\u00e9 d&rsquo;Istanbul chez le Fenerbahce, Paris s&rsquo;est nettement inclin\u00e9 face au champion d&rsquo;Europe en titre dont l&rsquo;acc\u00e9l\u00e9ration en fin de troisi\u00e8me quart-temps s&rsquo;est av\u00e9r\u00e9e l\u00e9tale (96-77). Men\u00e9s au score, par un \u00e9cart qui a atteint les 14 points durant le second quart-temps, les champions de France ont progressivement grignot\u00e9 leur retard jusqu&rsquo;\u00e0 revenir \u00e0 hauteur de leur h\u00f4te du jour (57-57).<\/p>\n<p>Toutefois \u00e0 partir de ce moment pr\u00e9cis, les Stambouliotes se sont brusquement r\u00e9veill\u00e9s et ont inflig\u00e9 un 13-2 sans appel aux Fran\u00e7ais pour se mettre d\u00e9finitivement \u00e0 l&rsquo;abri au moment d&rsquo;amorcer l&rsquo;ultime p\u00e9riode (70-59). En feu, Nadir Hifi a r\u00e9alis\u00e9 un festival \u00e0 trois points (5\/7) qui n&rsquo;a cependant pas suffi pour rivaliser avec le Fener. Meilleur marqueur du match, le meneur a plant\u00e9 23 points, soit une unit\u00e9 de plus que l&rsquo;Am\u00e9ricain Devon Hall. Un maigre lot de consolation pour Paris, bon dernier de la classe au terme de cette premi\u00e8re journ\u00e9e. Dans deux jours, le club de la capitale tentera de faire meilleure figure chez le Maccabi Tel Aviv.<\/p>\n<p>De Colo pas r\u00e9compens\u00e9<\/p>\n<p>Plus serr\u00e9, le match opposant l&rsquo;Asvel et Valence a bien failli tourner \u00e0 l&rsquo;avantage des Fran\u00e7ais. Or, plus en r\u00e9ussite dans le money-time, les Ib\u00e8res ont fini par avoir le dernier mot \u00e0 l&rsquo;Astroballe (77-80). Dominants au rebond, les visiteurs ont coiff\u00e9 des Lyonnais maladroits \u00e0 trois points \u00e9galement. Inspir\u00e9 face \u00e0 son ancien club, Nando De Colo a pourtant sorti le grand jeu (17 points, 3 rebonds, 4 passes). Mais Darius Thompson (15 points, 2 rebonds, 3 passes) est toutefois sorti vainqueur de ce duel. Dans deux jours, \u00e0 la LDLC Arena, l&rsquo;Asvel recevra une autre \u00e9curie espagnole pour tenter de lancer sa saison d&rsquo;Euroligue, face \u00e0 Baskonia.<\/p>\n","protected":false},"excerpt":{"rendered":"Faraj Benlahoucine, Media365, publi\u00e9 le mercredi 01 octobre 2025 \u00e0 22h38 Paris et l&rsquo;Asvel ont manqu\u00e9 leur entr\u00e9e&hellip;\n","protected":false},"author":2,"featured_media":432675,"comment_status":"","ping_status":"","sticky":false,"template":"","format":"standard","meta":{"footnotes":""},"categories":[1888],"tags":[1111,1928,11,1927,1777,674,1011,27,12,1926,626,1925,25],"class_list":{"0":"post-432674","1":"post","2":"type-post","3":"status-publish","4":"format-standard","5":"has-post-thumbnail","7":"category-paris","8":"tag-actu","9":"tag-actu-paris","10":"tag-actualites","11":"tag-actualites-paris","12":"tag-eu","13":"tag-europe","14":"tag-fr","15":"tag-france","16":"tag-news","17":"tag-news-paris","18":"tag-paris","19":"tag-paris-news","20":"tag-republique-francaise"},"share_on_mastodon":{"url":"https:\/\/pubeurope.com\/@fr\/115302413376898036","error":""},"_links":{"self":[{"href":"https:\/\/www.europesays.com\/fr\/wp-json\/wp\/v2\/posts\/432674","targetHints":{"allow":["GET"]}}],"collection":[{"href":"https:\/\/www.europesays.com\/fr\/wp-json\/wp\/v2\/posts"}],"about":[{"href":"https:\/\/www.europesays.com\/fr\/wp-json\/wp\/v2\/types\/post"}],"author":[{"embeddable":true,"href":"https:\/\/www.europesays.com\/fr\/wp-json\/wp\/v2\/users\/2"}],"replies":[{"embeddable":true,"href":"https:\/\/www.europesays.com\/fr\/wp-json\/wp\/v2\/comments?post=432674"}],"version-history":[{"count":0,"href":"https:\/\/www.europesays.com\/fr\/wp-json\/wp\/v2\/posts\/432674\/revisions"}],"wp:featuredmedia":[{"embeddable":true,"href":"https:\/\/www.europesays.com\/fr\/wp-json\/wp\/v2\/media\/432675"}],"wp:attachment":[{"href":"https:\/\/www.europesays.com\/fr\/wp-json\/wp\/v2\/media?parent=432674"}],"wp:term":[{"taxonomy":"category","embeddable":true,"href":"https:\/\/www.europesays.com\/fr\/wp-json\/wp\/v2\/categories?post=432674"},{"taxonomy":"post_tag","embeddable":true,"href":"https:\/\/www.europesays.com\/fr\/wp-json\/wp\/v2\/tags?post=432674"}],"curies":[{"name":"wp","href":"https:\/\/api.w.org\/{rel}","templated":true}]}}