{"id":432678,"date":"2025-10-02T03:20:22","date_gmt":"2025-10-02T03:20:22","guid":{"rendered":"https:\/\/www.europesays.com\/fr\/432678\/"},"modified":"2025-10-02T03:20:22","modified_gmt":"2025-10-02T03:20:22","slug":"la-descente-aux-enfers-deva-son-forget","status":"publish","type":"post","link":"https:\/\/www.europesays.com\/fr\/432678\/","title":{"rendered":"la \u00ab\u00a0descente aux enfers\u00a0\u00bb d&rsquo;Eva Son-Forget"},"content":{"rendered":"<p>            Par<br \/>\n        <strong><br \/>\n            <a href=\"https:\/\/actu.fr\/auteur\/antoine-blanchet\" title=\"Consulter tous les articles de Antoine Blanchet\" rel=\"nofollow noopener\" target=\"_blank\">Antoine Blanchet<\/a><br \/>\n        <\/strong><\/p>\n<p>        Publi\u00e9 le<\/p>\n<p>            1 oct. 2025 \u00e0 16h32        <\/p>\n<p>Auparavant\u2009: une carri\u00e8re de m\u00e9decin reconnue, un mandat de d\u00e9put\u00e9e et m\u00eame une m\u00e9daille obtenue lors de son action humanitaire au Kosovo. D\u00e9sormais\u2009: de la <a href=\"https:\/\/actu.fr\/tag\/cocaine\" rel=\"nofollow noopener\" target=\"_blank\">coca\u00efne<\/a>, des d\u00e9lits graves et des hospitalisations sous contrainte. Ce mercredi 1\u1d49\u02b3 octobre\u00a02025, la vie d\u2019<a href=\"https:\/\/actu.fr\/politique\/l-ancien-depute-joachim-son-forget-annonce-avoir-fait-une-transition-de-genre-et-s-appelle-desormais-eva_61882927.html\" rel=\"nofollow noopener\" target=\"_blank\"><strong>Eva Son-Forget<\/strong><\/a>, sonne comme une d\u00e9ch\u00e9ance. L\u2019ancienne parlementaire macroniste puis zemmouriste \u00e2g\u00e9e de 41\u00a0ans est jug\u00e9e devant le tribunal correctionnel de <a href=\"https:\/\/actu.fr\/paris\/\" rel=\"nofollow noopener\" target=\"_blank\">Paris<\/a> pour <a href=\"https:\/\/actu.fr\/ile-de-france\/paris_75056\/paris-controle-sous-cocaine-apres-un-refus-d-obtemperer-l-ancien-depute-joachim-son-forget-bientot-juge_61222546.html\" rel=\"nofollow noopener\" target=\"_blank\">refus d\u2019obtemp\u00e9rer et usage de stup\u00e9fiants<\/a>. Absente \u00e0 l\u2019audience, une <strong>peine de prison avec sursis<\/strong> a \u00e9t\u00e9 requise \u00e0 son encontre.<\/p>\n<p>Course-poursuite dans le 6\u1d49 arrondissement<\/p>\n<p class=\" wall-content\">Ce samedi 15\u00a0juin 2024, l\u2019heure du d\u00e9jeuner approche. De nombreux badauds parcourent le boulevard Saint-Germain en cette matin\u00e9e de printemps. Sur l\u2019asphalte, une voiture de police patrouille. Une Mercedes attire leur attention. Elle vient de r\u00e9aliser une forte acc\u00e9l\u00e9ration. Les agents d\u00e9cident de contr\u00f4ler l\u2019occupant du v\u00e9hicule. Loin de s\u2019arr\u00eater, <a href=\"https:\/\/actu.fr\/tag\/refus-d-obtemperer\" rel=\"nofollow noopener\" target=\"_blank\">le conducteur poursuit sa route<\/a>.<\/p>\n<p class=\" wall-content\">Une course-poursuite s\u2019engage alors dans l\u2019un des quartiers les plus cossus de Paris. Des feux rouges sont grill\u00e9s et une piste cyclable franchie. \u00c0 plusieurs reprises, les policiers crient \u00e0 l\u2019automobiliste de s\u2019arr\u00eater. De son c\u00f4t\u00e9, le chauffard exhibe une <strong>cocarde tricolore<\/strong>. Un objet qui n\u2019est pas anodin, puisqu\u2019il est d\u2019ordinaire attribu\u00e9 aux \u00e9lus de la R\u00e9publique.<\/p>\n<p class=\" wall-content\">Rue de S\u00e8vres, boulevard Raspail\u2026 La traque arrive <strong><a href=\"https:\/\/actu.fr\/ile-de-france\/paris_75056\/hotellerie-de-luxe-pourquoi-le-lutetia-unique-palace-de-la-rive-gauche-a-paris-vient-de-changer-de-nom_62464109.html\" rel=\"nofollow noopener\" target=\"_blank\">jusqu\u2019\u00e0 l\u2019h\u00f4tel Lutetia<\/a><\/strong>. La voiture en fuite va percuter une voiture stationn\u00e9e devant le palace, avant de faire demi-tour et repartir de plus belle. Quelques heures plus tard, le conducteur est stopp\u00e9 puis interpell\u00e9. Il s\u2019agit de Joachim Son-Forget. Dans le v\u00e9hicule, les policiers d\u00e9couvrent une petite bo\u00eete. Dans la petite bo\u00eete, des compartiments. Dans un des compartiments, de la poudre blanche. Il s\u2019agit de coca\u00efne. L\u2019ancien d\u00e9put\u00e9 des fran\u00e7ais de l\u2019\u00e9tranger r\u00e9sidant en Suisse est par ailleurs lui-m\u00eame <a href=\"https:\/\/actu.fr\/tag\/drogue\" rel=\"nofollow noopener\" target=\"_blank\">positif \u00e0 cette drogue<\/a>.<\/p>\n<p>\u00ab\u2009Je vois une fuite en avant et une descente aux enfers\u2009\u00bb<\/p>\n<p class=\" wall-content\">En garde \u00e0 vue, l\u2019ex-d\u00e9put\u00e9 explique avoir pris la fuite, car il n\u2019avait pas compris qu\u2019il s\u2019agissait de policiers. Une justification reprise par son avocat ce mercredi dans sa plaidoirie. \u00ab\u2009Il s\u2019agissait d\u2019une voiture banalis\u00e9e et les policiers \u00e9taient en tenue bourgeoise. Ce n\u2019\u00e9tait peut-\u00eatre pas suffisant pour comprendre ce qu\u2019il se passait\u2009\u00bb, assure <strong>Me Sipan Ohanians<\/strong> devant les juges.<\/p>\n<p class=\" wall-content\">S\u2019appuyant sur une <strong>expertise psychiatrique alarmante<\/strong> r\u00e9alis\u00e9e sur sa cliente ces derni\u00e8res semaines, le conseil met en avant son chemin de croix psychologique. \u00ab\u2009Elle a subi plusieurs hospitalisations en psychiatrie apr\u00e8s les faits. Depuis janvier, elle est en grande d\u00e9sociabilisation et n\u2019a plus de domicile fixe. C\u2019est pourtant un g\u00e9nie polyglotte et un cardiologue de grande renomm\u00e9e. Je vois une fuite en avant et une descente aux enfers\u2009\u00bb, alerte le p\u00e9naliste. Selon ce dernier, les \u00ab\u2009troubles de genre\u2009\u00bb de sa cliente auraient jou\u00e9 un r\u00f4le dans son mal-\u00eatre actuel (Elle a fait sa transition durant l\u2019\u00e9t\u00e9 2024, ndlr). Il demande aux magistrats de retenir <strong>l\u2019alt\u00e9ration du discernement<\/strong> d\u2019Eva Son-Forget.<\/p>\n<p>Dix mois de prison avec sursis requis<\/p>\n<p class=\" wall-content\">Au milieu de cette d\u00e9ch\u00e9ance, il y a pourtant Samuel*. Propri\u00e9taire de la voiture percut\u00e9e par le d\u00e9put\u00e9 en cavale, cet employ\u00e9 du Lutetia ne peut cacher son amertume. \u00ab\u2009Le choc a \u00e9t\u00e9 tr\u00e8s violent. J\u2019ai eu pas mal de chance, car j\u2019\u00e9tais \u00e0 quelques m\u00e8tres de la voiture. Cinq minutes avant, il y avait une m\u00e8re avec son fils. \u00c7a aurait pu tr\u00e8s mal finir\u2009\u00bb, se rem\u00e9more la partie civile. \u00ab\u2009Mon client, il appartient \u00e0 cette France qui se l\u00e8ve t\u00f4t pour se rendre en travail avec sa voiture. Son assurance n\u2019a pas pu prendre en charge le remboursement du v\u00e9hicule. Il est le laisser pour compte\u2009\u00bb, affirme son avocate. Des dommages et int\u00e9r\u00eats ainsi que <strong>5\u2009000\u00a0euros de pr\u00e9judice moral<\/strong> sont demand\u00e9s.<\/p>\n<p>Votre r\u00e9gion, votre actu !<\/p>\n<p>Recevez chaque jour les infos qui comptent pour vous.<\/p>\n<p>\t<a href=\"https:\/\/actu.fr\/newsletter\" class=\"ac-btn ac-btn--corner ac-btn--medium ac-btn--blue800\" rel=\"nofollow noopener\" target=\"_blank\">S&rsquo;incrire<\/a><\/p>\n<p class=\" wall-content\">C\u00f4t\u00e9 parquet, on d\u00e9nonce des faits \u00ab\u2009particuli\u00e8rement graves\u2009\u00bb. \u00ab\u2009La pr\u00e9venue \u00e9tait une d\u00e9put\u00e9e de la R\u00e9publique. Elle a particip\u00e9 \u00e0 l\u2019\u00e9laboration des lois, et elle se permet de les bafouer, voire de les instrumentaliser\u2009\u00bb, s\u2019indigne le procureur dans son r\u00e9quisitoire. L\u2019\u00e9tat de sant\u00e9 mentale de l\u2019int\u00e9ress\u00e9e\u2009? Il le balaie d\u2019un revers de main\u2009: \u00ab\u2009Le seul probl\u00e8me de madame Son-Forget \u00e0 ce moment-l\u00e0, c\u2019est sa consommation de coca\u00efne\u2009\u00bb. Le magistrat demande <strong>dix mois de prison avec sursis<\/strong>, au vu du casier vierge de la pr\u00e9venue. Une amende de 6\u2009000\u00a0euros, une seconde de 750 et une annulation du permis de conduire sont aussi requises.<\/p>\n<p class=\" wall-content\">Le tribunal rendra son d\u00e9lib\u00e9r\u00e9 le 8\u00a0octobre prochain.<\/p>\n<p class=\" wall-content\">Personnalisez votre actualit\u00e9 en ajoutant vos villes et m\u00e9dias en favori avec <a href=\"https:\/\/moncompte.actu.fr\" title=\"D\u00e9couvez Mon Actu\" rel=\"nofollow noopener\" data-trk=\"{&quot;cta&quot;:{&quot;action&quot;:&quot;https:\\\/\\\/moncompte.actu.fr&quot;,&quot;category&quot;:&quot;mon compte&quot;,&quot;from&quot;:&quot;article footer&quot;,&quot;name&quot;:&quot;Mon actu&quot;,&quot;type&quot;:&quot;cta&quot;}}\" target=\"_blank\">Mon Actu<\/a>.<\/p>\n","protected":false},"excerpt":{"rendered":"Par Antoine Blanchet Publi\u00e9 le 1 oct. 2025 \u00e0 16h32 Auparavant\u2009: une carri\u00e8re de m\u00e9decin reconnue, un mandat&hellip;\n","protected":false},"author":2,"featured_media":432679,"comment_status":"","ping_status":"","sticky":false,"template":"","format":"standard","meta":{"footnotes":""},"categories":[1888],"tags":[11,1777,674,118,1011,27,303,12,626,2694,2852,25],"class_list":{"0":"post-432678","1":"post","2":"type-post","3":"status-publish","4":"format-standard","5":"has-post-thumbnail","7":"category-paris","8":"tag-actualites","9":"tag-eu","10":"tag-europe","11":"tag-faits-divers","12":"tag-fr","13":"tag-france","14":"tag-justice","15":"tag-news","16":"tag-paris","17":"tag-proces","18":"tag-refus-dobtemperer","19":"tag-republique-francaise"},"share_on_mastodon":{"url":"https:\/\/pubeurope.com\/@fr\/115302421253817289","error":""},"_links":{"self":[{"href":"https:\/\/www.europesays.com\/fr\/wp-json\/wp\/v2\/posts\/432678","targetHints":{"allow":["GET"]}}],"collection":[{"href":"https:\/\/www.europesays.com\/fr\/wp-json\/wp\/v2\/posts"}],"about":[{"href":"https:\/\/www.europesays.com\/fr\/wp-json\/wp\/v2\/types\/post"}],"author":[{"embeddable":true,"href":"https:\/\/www.europesays.com\/fr\/wp-json\/wp\/v2\/users\/2"}],"replies":[{"embeddable":true,"href":"https:\/\/www.europesays.com\/fr\/wp-json\/wp\/v2\/comments?post=432678"}],"version-history":[{"count":0,"href":"https:\/\/www.europesays.com\/fr\/wp-json\/wp\/v2\/posts\/432678\/revisions"}],"wp:featuredmedia":[{"embeddable":true,"href":"https:\/\/www.europesays.com\/fr\/wp-json\/wp\/v2\/media\/432679"}],"wp:attachment":[{"href":"https:\/\/www.europesays.com\/fr\/wp-json\/wp\/v2\/media?parent=432678"}],"wp:term":[{"taxonomy":"category","embeddable":true,"href":"https:\/\/www.europesays.com\/fr\/wp-json\/wp\/v2\/categories?post=432678"},{"taxonomy":"post_tag","embeddable":true,"href":"https:\/\/www.europesays.com\/fr\/wp-json\/wp\/v2\/tags?post=432678"}],"curies":[{"name":"wp","href":"https:\/\/api.w.org\/{rel}","templated":true}]}}