{"id":432682,"date":"2025-10-02T03:22:16","date_gmt":"2025-10-02T03:22:16","guid":{"rendered":"https:\/\/www.europesays.com\/fr\/432682\/"},"modified":"2025-10-02T03:22:16","modified_gmt":"2025-10-02T03:22:16","slug":"un-petrolier-de-la-flotte-fantome-russe-arraisonne-devant-saint-nazaire","status":"publish","type":"post","link":"https:\/\/www.europesays.com\/fr\/432682\/","title":{"rendered":"Un p\u00e9trolier de la flotte fant\u00f4me russe arraisonn\u00e9 devant Saint-Nazaire"},"content":{"rendered":"<p>\n      Le nom de ce navire a \u00e9t\u00e9 \u00e9voqu\u00e9 dans l&rsquo;affaire des survols de drone de l&rsquo;a\u00e9roport de Copenhague. Deux membres d&rsquo;\u00e9quipage, qui se pr\u00e9sentent selon le parquet de Brest comme le commandant et son second, ont \u00e9t\u00e9 interpell\u00e9s et plac\u00e9s en garde \u00e0 vue.\n    <\/p>\n<p>Le p\u00e9trolier Boracay, \u00e9galement connu sous le nom de Pushpa, est actuellement au mouillage devant Saint-Nazaire apr\u00e8s son arraisonnement en fin de semaine derni\u00e8re. Dans la soir\u00e9e du mercredi 1er octobre, le procureur de Brest a indiqu\u00e9 \u00e0 l&rsquo;AFP que deux membres d&rsquo;\u00e9quipage qui \u00ab se pr\u00e9sentent comme le commandant du navire et son second \u00bb, ont \u00e9t\u00e9 plac\u00e9s en garde \u00e0 vue.\u00a0<\/p>\n<p>Battant pavillon du B\u00e9nin, le navire de 244 m\u00e8tres de long pour 42 m\u00e8tres de large et plus de 115.000 tonnes de port en lourd figure sur les listes de sanctions de l\u2019Union europ\u00e9enne et du Royaume-Uni en raison de ses liens pr\u00e9sum\u00e9s avec la Russie. Il serait rattach\u00e9 \u00e0 la flotte fant\u00f4me utilis\u00e9e par Moscou pour contourner les restrictions internationales sur ses exportations d\u2019hydrocarbures.\u00a0<\/p>\n<p>Il aurait appareill\u00e9 le 20 septembre de Primorsk, en Russie, \u00e0 destination de Vadinar en Inde. Il se serait ensuite retrouv\u00e9 \u00e0 proximit\u00e9 de Copenhague alors que des survols de drones, possiblement envoy\u00e9s depuis la mer, ont gravement perturb\u00e9 le fonctionnement de l&rsquo;a\u00e9roport de la capitale danoise. Il faut cependant souligner que son implication dans ces incidents est \u00e0 ce stade purement hypoth\u00e9tique et qu&rsquo;aucune information officielle n&rsquo;a \u00e9t\u00e9 donn\u00e9e \u00e0 ce sujet.<\/p>\n<p>Le p\u00e9trolier a ensuite continu\u00e9 sa route dans la Manche et c&rsquo;est \u00e0 son arriv\u00e9e \u00e0 la pointe Bretagne qu&rsquo;il a \u00e9t\u00e9 rep\u00e9r\u00e9 par les autorit\u00e9s maritimes fran\u00e7aises. Selon les d\u00e9clarations du parquet de Brest, une enqu\u00eate a \u00e9t\u00e9 ouverte suite \u00e0 ce signalement pour deux chefs : le d\u00e9faut de justification de la nationalit\u00e9 du navire\/pavillon et le refus d\u2019obtemp\u00e9rer. Aucun d\u00e9tail sur la teneur des faits ayant amen\u00e9 \u00e0 ce signalement n&rsquo;a \u00e9t\u00e9 rendu public pour le moment.<\/p>\n<p>Le navire a \u00e9t\u00e9 d\u00e9rout\u00e9 et les investigations ont \u00e9t\u00e9 confi\u00e9es \u00e0 la section de recherches de la gendarmerie maritime et au groupement de gendarmerie maritime de l\u2019Atlantique. Une \u00e9quipe de visite s&rsquo;est rendue \u00e0 bord et l&rsquo;enqu\u00eate se poursuit.<\/p>\n<p><strong>\u00a9 Un article de la r\u00e9daction de Mer et Marine. Reproduction interdite sans consentement du ou des auteurs.<\/strong><\/p>\n<p>\u00a0<\/p>\n","protected":false},"excerpt":{"rendered":"Le nom de ce navire a \u00e9t\u00e9 \u00e9voqu\u00e9 dans l&rsquo;affaire des survols de drone de l&rsquo;a\u00e9roport de Copenhague.&hellip;\n","protected":false},"author":2,"featured_media":432683,"comment_status":"","ping_status":"","sticky":false,"template":"","format":"standard","meta":{"footnotes":""},"categories":[1591],"tags":[11,6130,6141,6131,6138,2380,6135,554,6136,1887,6139,6134,3135,6128,567,6129,6127,12,6132,4838,6133,1885,1886,132,6140,6137],"class_list":{"0":"post-432682","1":"post","2":"type-post","3":"status-publish","4":"format-standard","5":"has-post-thumbnail","7":"category-russie","8":"tag-actualites","9":"tag-chantiers","10":"tag-commando","11":"tag-construction-navale","12":"tag-costa","13":"tag-croisiere","14":"tag-dcns","15":"tag-defense","16":"tag-euronaval","17":"tag-federation-de-russie","18":"tag-fremm","19":"tag-interviews","20":"tag-littoral","21":"tag-marine","22":"tag-marine-nationale","23":"tag-maritime","24":"tag-mer","25":"tag-news","26":"tag-offshore","27":"tag-peche","28":"tag-reportages","29":"tag-russia","30":"tag-russian-federation","31":"tag-russie","32":"tag-sncm","33":"tag-stx"},"share_on_mastodon":{"url":"https:\/\/pubeurope.com\/@fr\/115302429127714333","error":""},"_links":{"self":[{"href":"https:\/\/www.europesays.com\/fr\/wp-json\/wp\/v2\/posts\/432682","targetHints":{"allow":["GET"]}}],"collection":[{"href":"https:\/\/www.europesays.com\/fr\/wp-json\/wp\/v2\/posts"}],"about":[{"href":"https:\/\/www.europesays.com\/fr\/wp-json\/wp\/v2\/types\/post"}],"author":[{"embeddable":true,"href":"https:\/\/www.europesays.com\/fr\/wp-json\/wp\/v2\/users\/2"}],"replies":[{"embeddable":true,"href":"https:\/\/www.europesays.com\/fr\/wp-json\/wp\/v2\/comments?post=432682"}],"version-history":[{"count":0,"href":"https:\/\/www.europesays.com\/fr\/wp-json\/wp\/v2\/posts\/432682\/revisions"}],"wp:featuredmedia":[{"embeddable":true,"href":"https:\/\/www.europesays.com\/fr\/wp-json\/wp\/v2\/media\/432683"}],"wp:attachment":[{"href":"https:\/\/www.europesays.com\/fr\/wp-json\/wp\/v2\/media?parent=432682"}],"wp:term":[{"taxonomy":"category","embeddable":true,"href":"https:\/\/www.europesays.com\/fr\/wp-json\/wp\/v2\/categories?post=432682"},{"taxonomy":"post_tag","embeddable":true,"href":"https:\/\/www.europesays.com\/fr\/wp-json\/wp\/v2\/tags?post=432682"}],"curies":[{"name":"wp","href":"https:\/\/api.w.org\/{rel}","templated":true}]}}