{"id":432692,"date":"2025-10-02T03:27:10","date_gmt":"2025-10-02T03:27:10","guid":{"rendered":"https:\/\/www.europesays.com\/fr\/432692\/"},"modified":"2025-10-02T03:27:10","modified_gmt":"2025-10-02T03:27:10","slug":"lukraine-retrouve-a-copenhague-les-dirigeants-europeens-soucieux-de-renforcer-leur-soutien","status":"publish","type":"post","link":"https:\/\/www.europesays.com\/fr\/432692\/","title":{"rendered":"L&rsquo;Ukraine retrouve \u00e0 Copenhague les dirigeants europ\u00e9ens, soucieux de renforcer leur soutien"},"content":{"rendered":"<p>A ce d\u00e9sengagement am\u00e9ricain depuis le retour de Donald Trump \u00e0 la Maison Blanche s&rsquo;ajoute la crainte de voir la guerre se prolonger tant les perspectives de paix en Ukraine semblent s&rsquo;\u00e9loigner.<\/p>\n<p>Les chefs d&rsquo;Etat et de gouvernement des 27 pays de l&rsquo;UE, d\u00e9j\u00e0 pr\u00e9sents \u00e0 Copenhague mercredi pour un sommet europ\u00e9en informel, seront rejoints jeudi par une vingtaine d&rsquo;autres dirigeants europ\u00e9ens, \u00e0 l&rsquo;occasion cette fois d&rsquo;un sommet de la Communaut\u00e9 politique europ\u00e9enne (CPE).<\/p>\n<p>Initiative lanc\u00e9e par le pr\u00e9sident fran\u00e7ais Emmanuel Macron, la CPE rassemble deux fois par an, depuis 2022, les dirigeants de la quasi totalit\u00e9 de l&rsquo;Europe, \u00e0 l&rsquo;exception de ceux de la Russie et du Belarus.<\/p>\n<p>Ce septi\u00e8me sommet s&rsquo;ouvre cette fois dans un climat bien diff\u00e9rent, apr\u00e8s de multiples incursions russes dans le ciel europ\u00e9en et le survol de myst\u00e9rieux drones au-dessus de Copenhague.<\/p>\n<p>\u00ab\u00a0Ils nous menacent, ils nous mettent \u00e0 l&rsquo;\u00e9preuve, et ils ne s&rsquo;arr\u00eateront pas\u00a0\u00bb, a averti mercredi soir la Premi\u00e8re ministre danoise Mette Frederiksen, \u00e9voquant la Russie et ces violations de l&rsquo;espace a\u00e9rien en Europe.<\/p>\n<p>La France ont annonc\u00e9 mercredi avoir plac\u00e9 en garde \u00e0 vue deux membres d&rsquo;\u00e9quipage d&rsquo;un p\u00e9trolier appartenant \u00e0 la flotte fant\u00f4me russe soup\u00e7onn\u00e9 d&rsquo;avoir pu servir au lancement de drones au-dessus du Danemark, apr\u00e8s avoir arraisonn\u00e9 ce b\u00e2timent, le \u00ab\u00a0Boracay\u00a0\u00bb, au large de ses c\u00f4tes.<\/p>\n<p>Pour r\u00e9pondre \u00e0 la menace, les Europ\u00e9ens travaillent \u00e0 la mise en oeuvre d&rsquo;un \u00ab\u00a0mur\u00a0\u00bb antidrones, et comptent sur l&rsquo;expertise de l&rsquo;Ukraine pour les y aider.<\/p>\n<p>Le pr\u00e9sident ukrainien esp\u00e8re de son c\u00f4t\u00e9 que les Europ\u00e9ens confirmeront leur soutien et la promesse faite \u00e0 son pays qu&rsquo;il rejoindra un jour l&rsquo;Union europ\u00e9enne.<\/p>\n<p>\u00ab\u00a0L&rsquo;Europe doit tenir ses promesses \u2013 tout comme les pays candidats font leur part. Merci, et nous comptons sur des r\u00e9sultats\u00a0\u00bb, a d\u00e9clar\u00e9 M. Zelensky sur X, reprenant les propos qu&rsquo;il dit avoir tenus mercredi, via video, devant les dirigeants de l&rsquo;UE.<\/p>\n<p>\u00ab\u00a0C&rsquo;est le moment pour l&rsquo;Union europ\u00e9enne de tenir ses engagements\u00a0\u00bb, a reconnu mercredi soir Antonio Costa, le pr\u00e9sident du Conseil europ\u00e9en, instance qui rassemble les chefs d&rsquo;Etat et de gouvernement de l&rsquo;UE.<\/p>\n<p>Difficile n\u00e9anmoins d&rsquo;y parvenir quand il faut l&rsquo;unanimit\u00e9 des 27 pour avancer dans les n\u00e9gociations, totalement bloqu\u00e9es par un veto de la Hongrie. Son Premier ministre Viktor Orban l&rsquo;a confirm\u00e9 mercredi devant la presse \u00e0 Copenhague: c&rsquo;est toujours \u00ab\u00a0non\u00a0\u00bb \u00e0 l&rsquo;adh\u00e9sion de l&rsquo;Ukraine.<\/p>\n<p>Kiev compte \u00e9galement sur un engagement financier p\u00e9renne de la part de ses alli\u00e9s europ\u00e9ens. <\/p>\n<p>Il est important de \u00ab\u00a0donner de la visibilit\u00e9 \u00e0 l&rsquo;Ukraine en termes de financement\u00a0\u00bb, a ainsi reconnu mercredi Emmanuel Macron \u00e0 Copenhague.<\/p>\n<p>Pour y parvenir, la Commission europ\u00e9enne a propos\u00e9 d&rsquo;utiliser les avoirs gel\u00e9s russes en Europe pour financer un pr\u00eat de 140 milliards d&rsquo;euros \u00e0 l&rsquo;Ukraine, qu&rsquo;elle ne remboursera que si la Russie paie un jour des r\u00e9parations de guerre, a expliqu\u00e9 mercredi sa pr\u00e9sidente Ursula von der Leyen.<\/p>\n<p>La plupart des pays de l&rsquo;UE y sont favorables, mais la Belgique, o\u00f9 se trouve l&rsquo;essentiel de ces avoirs gel\u00e9s russes en Europe, est tr\u00e8s r\u00e9ticente.<\/p>\n<p>\u00ab\u00a0Il est absolument clair que la Belgique ne peut pas \u00eatre le seul Etat membre \u00e0 supporter les risques\u00a0\u00bb de cette op\u00e9ration, a promis Mme von der Leyen, se disant \u00ab\u00a0heureuse\u00a0\u00bb de l&rsquo;accueil re\u00e7ue par sa proposition \u00e0 Copenhague.<\/p>\n","protected":false},"excerpt":{"rendered":"A ce d\u00e9sengagement am\u00e9ricain depuis le retour de Donald Trump \u00e0 la Maison Blanche s&rsquo;ajoute la crainte de&hellip;\n","protected":false},"author":2,"featured_media":432693,"comment_status":"","ping_status":"","sticky":false,"template":"","format":"standard","meta":{"footnotes":""},"categories":[1586],"tags":[17,11,16573,13789,1777,674,11201,1011,27,329,5493,151,12,25,4256,56058],"class_list":{"0":"post-432692","1":"post","2":"type-post","3":"status-publish","4":"format-standard","5":"has-post-thumbnail","7":"category-europe","8":"tag-17","9":"tag-actualites","10":"tag-copenhague","11":"tag-dirigeants","12":"tag-eu","13":"tag-europe","14":"tag-europeens","15":"tag-fr","16":"tag-france","17":"tag-france-monde","18":"tag-lukraine","19":"tag-les","20":"tag-news","21":"tag-republique-francaise","22":"tag-retrouve","23":"tag-soucieux"},"share_on_mastodon":{"url":"https:\/\/pubeurope.com\/@fr\/115302448831570296","error":""},"_links":{"self":[{"href":"https:\/\/www.europesays.com\/fr\/wp-json\/wp\/v2\/posts\/432692","targetHints":{"allow":["GET"]}}],"collection":[{"href":"https:\/\/www.europesays.com\/fr\/wp-json\/wp\/v2\/posts"}],"about":[{"href":"https:\/\/www.europesays.com\/fr\/wp-json\/wp\/v2\/types\/post"}],"author":[{"embeddable":true,"href":"https:\/\/www.europesays.com\/fr\/wp-json\/wp\/v2\/users\/2"}],"replies":[{"embeddable":true,"href":"https:\/\/www.europesays.com\/fr\/wp-json\/wp\/v2\/comments?post=432692"}],"version-history":[{"count":0,"href":"https:\/\/www.europesays.com\/fr\/wp-json\/wp\/v2\/posts\/432692\/revisions"}],"wp:featuredmedia":[{"embeddable":true,"href":"https:\/\/www.europesays.com\/fr\/wp-json\/wp\/v2\/media\/432693"}],"wp:attachment":[{"href":"https:\/\/www.europesays.com\/fr\/wp-json\/wp\/v2\/media?parent=432692"}],"wp:term":[{"taxonomy":"category","embeddable":true,"href":"https:\/\/www.europesays.com\/fr\/wp-json\/wp\/v2\/categories?post=432692"},{"taxonomy":"post_tag","embeddable":true,"href":"https:\/\/www.europesays.com\/fr\/wp-json\/wp\/v2\/tags?post=432692"}],"curies":[{"name":"wp","href":"https:\/\/api.w.org\/{rel}","templated":true}]}}