{"id":432697,"date":"2025-10-02T03:30:35","date_gmt":"2025-10-02T03:30:35","guid":{"rendered":"https:\/\/www.europesays.com\/fr\/432697\/"},"modified":"2025-10-02T03:30:35","modified_gmt":"2025-10-02T03:30:35","slug":"peripherique-parisien-a-50-km-h-un-an-apres-les-bienfaits-escomptes-se-sont-ils-realises-liberation","status":"publish","type":"post","link":"https:\/\/www.europesays.com\/fr\/432697\/","title":{"rendered":"P\u00e9riph\u00e9rique parisien \u00e0 50 km\/h : un an apr\u00e8s, les bienfaits escompt\u00e9s se sont-ils r\u00e9alis\u00e9s ? &#8211; Lib\u00e9ration"},"content":{"rendered":"<ol>\n<li><a href=\"https:\/\/news.google.com\/rss\/articles\/CBMi9wFBVV95cUxNZ0lkeHFrTWtNT2xldHBFSWJER0JNV3Q1THItbElFbzJUNGdLTDRPX2xBNDBiUlRZRnBNRWY4cUxYSFdna0gtemQxZm5MOElDMXF5QjZ4bGstZDBLNU1oa1doV3pHRVJlTmZUMFY0SmJUN2pQOHpvWFFNaGRXYWh4cndEenhIaU1DWlZkeVVqUFducXZYOEVrS0hEVkl4X2NYcWxhWUtwMGpLblkzSWEtaTRHMjRzT3U4NFA3Yml6NGdDRXhLUTNQR1NMOEd6RHE5V0JMWktRMWtlYzMtTU9pcUhGUEczQTA3ZEhlNF9objJzZ0c2QWNV?oc=5\" target=\"_blank\" rel=\"noopener\">P\u00e9riph\u00e9rique parisien \u00e0 50 km\/h : un an apr\u00e8s, les bienfaits escompt\u00e9s se sont-ils r\u00e9alis\u00e9s ?<\/a>&nbsp;&nbsp;Lib\u00e9ration<\/li>\n<li><a href=\"https:\/\/news.google.com\/rss\/articles\/CBMi8wFBVV95cUxQUEFzR2lqdkVwUzRfNFhGM2xTVDJrMGhDTVI5Sjd2bllVTXJjSE92U192UlN6MHltaTlHS0RSQUl5ZjgtMWZBWERUcWlxZHFZbWRsR1R1TlpUcUZYLW1yZE90Z0Z3a0c4NDYyU1pvTmFVdkZsWVgwRDJWSElzVVVqcWFZclR4QTVSbTVHc0s4SFdlaWtKeXQ4SGJWZVgyQnJaVzNZN1FnQ1dfbDljUjBoMUZmZHRMT0RoNHFxU3NIR2szenhjSGlhdl9TdG90YWh0WDRBRWc3TElVdFZzQkJRdHhJN1ZDV013MmkzcUFmV3hXbEU?oc=5\" target=\"_blank\" rel=\"noopener\">Moins de circulation, de pollution et de bruit : les premiers effets estim\u00e9s du p\u00e9riph\u00e9rique parisien \u00e0 50 kilom\u00e8tres-heure<\/a>&nbsp;&nbsp;Le Monde.fr<\/li>\n<li><a href=\"https:\/\/news.google.com\/rss\/articles\/CBMirgFBVV95cUxPSnNpZnI0TEFJX1A3NWFOLU9HOEpqX3JTVG1SRkd2MWhGX1NOR0wzdm5VWXpKNWJQV3lvOEEydDRnOHdxS1BEakdnWlBmSVQxeGJZWG9BSVlaVERhYXQ3aThBeVI1dEc3dWNxRm5wUVc4REtPd29WNjA4VWdINnVtS0N1Z09DQVZhYm8wdTZuNEVsbEtoR182N1NyQ2l2OUJvRDRyZXFKNktmUUN6X3c?oc=5\" target=\"_blank\" rel=\"noopener\">P\u00e9riph\u00e9rique parisien \u00e0 50 km\/h : quel impact sur la qualit\u00e9 de l\u2019air?<\/a>&nbsp;&nbsp;Le Figaro<\/li>\n<li><a href=\"https:\/\/news.google.com\/rss\/articles\/CBMingJBVV95cUxNOTZPYmZ5aXhxclpta0FUaC1BYk1sRU05UzU0d1lUdlhmZ3o5UzQ3Y3ZuZmFFR1FOQk9CTFJpRy11cGtISjFOaXBTczE5X3o0MDNveXBQMkdwSi1QUGhXUmt4U01uLVlCTkNpX2ppMmVFOWVRNjI4TlNPU1ZqUUNsRVVVS3d4MmFuZktZdTFTd3h6dklfOE5HaXZLVWg4Z1NEYktwSkdnZHFFemc3T1NyYU15ZU84NjVLTlJBM2VnT0hjQTRLcGVtTW1uRk16WDhxUGxyMVgtSHNYYmZ5ajhFdXI5QXIzU0xvSmt6Mm1WUkkxbVoyYWktSUhlUk05X095UHM1ck5CaS1rUi10d1UzeUhxU09mWkJTWkRla0xB?oc=5\" target=\"_blank\" rel=\"noopener\">Municipales \u00e0 Paris : \u00ab boulevard paysager \u00bb, piste cyclable, marathon\u2026 Ce que les candidats r\u00e9servent au p\u00e9riph<\/a>&nbsp;&nbsp;Le Parisien<\/li>\n<li><a href=\"https:\/\/news.google.com\/rss\/articles\/CBMi2gFBVV95cUxORHVLSVlyTDdaUGZ4SEhJaGF1SThPRWZWUzBtMFVxZ2xxcDZZZGQ1eXlzS283WXJPOXdzc2JKMlJwWVBFakZQdjZ1Y1FwekhmMGtTYjIzeFIwb3h5MGU1VFd5RzZDT1BXWDdOVWNUdnRuZEpNMVdVbWd2ZUxpOVlQT2g5ajVZX09ockZnWDVBRWtBSXFmQXNKSzVwV2k1WHFMYTdRVU5tVmlOSEJ1VVl4WFp2RlVkRUxqeEpRaHhKNEY3S0lrb1ZVV3ZQMmZwbGhrUW5kakVVV2hxZw?oc=5\" target=\"_blank\" rel=\"noopener\">P\u00e9riph\u00e9rique \u00e0 50 km\/h : un effet non n\u00e9gligeable sur le trafic et la pollution de l&rsquo;air<\/a>&nbsp;&nbsp;Les Echos<\/li>\n<\/ol>\n","protected":false},"excerpt":{"rendered":"P\u00e9riph\u00e9rique parisien \u00e0 50 km\/h : un an apr\u00e8s, les bienfaits escompt\u00e9s se sont-ils r\u00e9alis\u00e9s ?&nbsp;&nbsp;Lib\u00e9ration Moins de&hellip;\n","protected":false},"author":2,"featured_media":432698,"comment_status":"","ping_status":"","sticky":false,"template":"","format":"standard","meta":{"footnotes":""},"categories":[2],"tags":[11,413,1011,27,662,12,626,25,5009],"class_list":{"0":"post-432697","1":"post","2":"type-post","3":"status-publish","4":"format-standard","5":"has-post-thumbnail","7":"category-actualites","8":"tag-actualites","9":"tag-ca-va-mieux-lisant","10":"tag-fr","11":"tag-france","12":"tag-ile-de-france","13":"tag-news","14":"tag-paris","15":"tag-republique-francaise","16":"tag-securite-routiere"},"share_on_mastodon":{"url":"https:\/\/pubeurope.com\/@fr\/115302460583618562","error":""},"_links":{"self":[{"href":"https:\/\/www.europesays.com\/fr\/wp-json\/wp\/v2\/posts\/432697","targetHints":{"allow":["GET"]}}],"collection":[{"href":"https:\/\/www.europesays.com\/fr\/wp-json\/wp\/v2\/posts"}],"about":[{"href":"https:\/\/www.europesays.com\/fr\/wp-json\/wp\/v2\/types\/post"}],"author":[{"embeddable":true,"href":"https:\/\/www.europesays.com\/fr\/wp-json\/wp\/v2\/users\/2"}],"replies":[{"embeddable":true,"href":"https:\/\/www.europesays.com\/fr\/wp-json\/wp\/v2\/comments?post=432697"}],"version-history":[{"count":0,"href":"https:\/\/www.europesays.com\/fr\/wp-json\/wp\/v2\/posts\/432697\/revisions"}],"wp:featuredmedia":[{"embeddable":true,"href":"https:\/\/www.europesays.com\/fr\/wp-json\/wp\/v2\/media\/432698"}],"wp:attachment":[{"href":"https:\/\/www.europesays.com\/fr\/wp-json\/wp\/v2\/media?parent=432697"}],"wp:term":[{"taxonomy":"category","embeddable":true,"href":"https:\/\/www.europesays.com\/fr\/wp-json\/wp\/v2\/categories?post=432697"},{"taxonomy":"post_tag","embeddable":true,"href":"https:\/\/www.europesays.com\/fr\/wp-json\/wp\/v2\/tags?post=432697"}],"curies":[{"name":"wp","href":"https:\/\/api.w.org\/{rel}","templated":true}]}}