{"id":432710,"date":"2025-10-02T03:42:37","date_gmt":"2025-10-02T03:42:37","guid":{"rendered":"https:\/\/www.europesays.com\/fr\/432710\/"},"modified":"2025-10-02T03:42:37","modified_gmt":"2025-10-02T03:42:37","slug":"ces-photographes-passionnes-durbex-qui-explorent-des-lieux-abandonnes","status":"publish","type":"post","link":"https:\/\/www.europesays.com\/fr\/432710\/","title":{"rendered":"ces photographes passionn\u00e9s d&rsquo;urbex qui explorent des lieux abandonn\u00e9s"},"content":{"rendered":"<p>L&rsquo;urbex, une discipline \u00e0 part enti\u00e8re pour Raven Xplore et Lambert P\u00eacheur. Pour ces aventuriers et explorateurs,\u00a0les lieux abandonn\u00e9s sont devenus de v\u00e9ritables lieux de rendez-vous, o\u00f9 le pass\u00e9 se m\u00eale au pr\u00e9sent. Si la plupart aime capturer l&rsquo;instant dans des photos ou parfois des vid\u00e9os, chacun sait la principale r\u00e8gle\u00a0: rester discret et respecter le lieu.\u00a0<\/p>\n","protected":false},"excerpt":{"rendered":"L&rsquo;urbex, une discipline \u00e0 part enti\u00e8re pour Raven Xplore et Lambert P\u00eacheur. Pour ces aventuriers et explorateurs,\u00a0les lieux&hellip;\n","protected":false},"author":2,"featured_media":432711,"comment_status":"","ping_status":"","sticky":false,"template":"","format":"standard","meta":{"footnotes":""},"categories":[1358],"tags":[1348,1384,1385,3600,1386,58,3602,10174,59,2271,1011,27,2798,1757],"class_list":{"0":"post-432710","1":"post","2":"type-post","3":"status-publish","4":"format-standard","5":"has-post-thumbnail","7":"category-arts-et-design","8":"tag-arts","9":"tag-arts-and-design","10":"tag-arts-et-design","11":"tag-bar-le-duc","12":"tag-design","13":"tag-divertissement","14":"tag-edition-bar-le-duc","15":"tag-edition-verdun","16":"tag-entertainment","17":"tag-exposition-arts-plastiques","18":"tag-fr","19":"tag-france","20":"tag-galerie-photo","21":"tag-insolite"},"share_on_mastodon":{"url":"https:\/\/pubeurope.com\/@fr\/115302507741392303","error":""},"_links":{"self":[{"href":"https:\/\/www.europesays.com\/fr\/wp-json\/wp\/v2\/posts\/432710","targetHints":{"allow":["GET"]}}],"collection":[{"href":"https:\/\/www.europesays.com\/fr\/wp-json\/wp\/v2\/posts"}],"about":[{"href":"https:\/\/www.europesays.com\/fr\/wp-json\/wp\/v2\/types\/post"}],"author":[{"embeddable":true,"href":"https:\/\/www.europesays.com\/fr\/wp-json\/wp\/v2\/users\/2"}],"replies":[{"embeddable":true,"href":"https:\/\/www.europesays.com\/fr\/wp-json\/wp\/v2\/comments?post=432710"}],"version-history":[{"count":0,"href":"https:\/\/www.europesays.com\/fr\/wp-json\/wp\/v2\/posts\/432710\/revisions"}],"wp:featuredmedia":[{"embeddable":true,"href":"https:\/\/www.europesays.com\/fr\/wp-json\/wp\/v2\/media\/432711"}],"wp:attachment":[{"href":"https:\/\/www.europesays.com\/fr\/wp-json\/wp\/v2\/media?parent=432710"}],"wp:term":[{"taxonomy":"category","embeddable":true,"href":"https:\/\/www.europesays.com\/fr\/wp-json\/wp\/v2\/categories?post=432710"},{"taxonomy":"post_tag","embeddable":true,"href":"https:\/\/www.europesays.com\/fr\/wp-json\/wp\/v2\/tags?post=432710"}],"curies":[{"name":"wp","href":"https:\/\/api.w.org\/{rel}","templated":true}]}}