{"id":432714,"date":"2025-10-02T03:44:11","date_gmt":"2025-10-02T03:44:11","guid":{"rendered":"https:\/\/www.europesays.com\/fr\/432714\/"},"modified":"2025-10-02T03:44:11","modified_gmt":"2025-10-02T03:44:11","slug":"patrick-cohen-marche-sur-les-plates-bandes-dun","status":"publish","type":"post","link":"https:\/\/www.europesays.com\/fr\/432714\/","title":{"rendered":"Patrick Cohen marche sur les plates bandes d\u2019un &#8230;"},"content":{"rendered":"<p>EN BREF<\/p>\n<ul class=\"bloc_resume_post_list\">\n<li>Le 1er octobre, Patrick Cohen, Darius Rochebin, C\u00e9cile<br \/>\nOllivier, Evelyne Dh\u00e9liat, Camille Lacourt et Alice Detollenaere<br \/>\n\u00e9taient invit\u00e9s dans C \u00e0 vous sur France 5.<\/li>\n<li>Patrick Cohen a rectifi\u00e9 une information sur un sondage<br \/>\nconcernant l\u00a0\u00bbex\u00e9cution provisoire, cr\u00e9ant un l\u00e9ger malaise en<br \/>\nplateau.<\/li>\n<li>Des tensions sont apparues entre les chroniqueurs et<br \/>\nAnne-\u00c9lisabeth Lemoine face \u00e0 des r\u00e9sultats de sondage<br \/>\ninattendus.<\/li>\n<\/ul>\n<p>Patrick Cohen a-t-il prononc\u00e9 la phrase de trop dans <a href=\"https:\/\/www.telestar.fr\/actu_tv\/c-a-vous-anne-elisabeth-lemoine-choquee-par-lavis-de-son-propre-public-1740195\" target=\"_blank\" rel=\"noopener\"><br \/>\nC \u00e0 vous<\/a> ? Le 1er octobre, le journaliste Darius Rochebin, la<br \/>\ngrand reporter police-justice C\u00e9cile Ollivier, et <strong>Evelyne<br \/>\nDh\u00e9liat, Camille Lacourt\u00a0<\/strong>et\u00a0<strong>Alice<br \/>\nDetollenaere<\/strong> \u00e9taient notamment invit\u00e9s sur France 5. Aux<br \/>\nc\u00f4t\u00e9s des chroniqueurs, ils ont livr\u00e9 leurs analyses sur le monde<br \/>\nactuel, tout en ne manquant pas de s&rsquo;adonner au jeu de la<br \/>\npromotion.<\/p>\n<p>Et le jeu des rivalit\u00e9s ? Celui-ci est r\u00e9serv\u00e9 aux chroniqueurs.<br \/>\nLors de sa chronique, Lorrain S\u00e9n\u00e9chal a \u00e9voqu\u00e9 la condamnation de<br \/>\n<a href=\"https:\/\/www.telestar.fr\/people\/karine-le-marchand-au-secours-de-nicolas-sarkozy-pascal-praud-na-quun-mot-a-la-bouche-1740122\" target=\"_blank\" rel=\"noopener\"><br \/>\nNicolas Sarkozy<\/a>. L&rsquo;\u00e9poux de <a href=\"https:\/\/www.closermag.fr\/people\/beaucoup-plus-agressif-le-geste-de-colere-froide-de-carla-bruni-pas-loin-de-devenir-mythique-3583829\" target=\"_blank\" rel=\"noopener\"><br \/>\nCarla Bruni<\/a> ayant fait appel de sa condamnation, il sera<br \/>\nnormalement (re)jug\u00e9 en mars au tribunal de Paris avant le 25 mars<br \/>\n2026. En plateau, <strong>le chroniqueur a cit\u00e9 un r\u00e9cent<br \/>\nsondage.<\/strong> \u00ab\u00a0Selon une large majorit\u00e9 de fran\u00e7ais,<br \/>\nl&rsquo;ex\u00e9cution de cette r\u00e8gle est juste\u00a0\u00bb, a-t-il affirm\u00e9 \u00e0 propos<br \/>\nde l&rsquo;ex\u00e9cution provisoire de l&rsquo;ancien pr\u00e9sident.<\/p>\n<p>Patrick Cohen : \u00ab\u00a0C&rsquo;est bien \u00e7a, j&rsquo;ai bien compris, hein<br \/>\n?\u00a0\u00bb<\/p>\n<p><a href=\"https:\/\/www.telestar.fr\/actu_tv\/trois-fois-dans-un-mcdo-pascal-praud-ne-retient-pas-ses-coups-contre-un-journaliste-et-ce-nest-pas-patrick-cohen-1739517\" target=\"_blank\" rel=\"noopener\"><br \/>\nPatrick Cohen<\/a> est alors intervenu. \u00ab\u00a0Pr\u00e9cision importante :<br \/>\nles 6 fran\u00e7ais sur 10, c&rsquo;est la r\u00e8gle en g\u00e9n\u00e9ral\u00a0\u00bb, a-t-il jug\u00e9<br \/>\nbon de rectifier. Il tenait \u00e0 pr\u00e9ciser que le sondage concernait<br \/>\nl&rsquo;ex\u00e9cution provisoire, et non l&rsquo;ex\u00e9cution provisoire appliqu\u00e9e<br \/>\nsp\u00e9cifiquement \u00e0 Nicolas Sarkozy. <strong>\u00ab\u00a0C&rsquo;est bien \u00e7a, j&rsquo;ai<br \/>\nbien compris hein ?\u00a0\u00bb<\/strong> a-t-il insist\u00e9. <strong>L\u00e9ger<br \/>\nmalaise en plateau.<\/strong> En effet, Lorrain ne semblait pas<br \/>\nvraiment au courant de l&rsquo;information qu&rsquo;il venait de<br \/>\n(ba)lancer&#8230;<\/p>\n<p>\u00ab\u00a0A priori, ouais&#8230; Je sais pas, faudrait que je regarde,<br \/>\nfaudrait que je me replonge dans le d\u00e9tail\u00a0\u00bb, a-t-il mollement<br \/>\nr\u00e9pondu. \u00ab\u00a0Ils consid\u00e8rent la r\u00e8gle juste ! Pas sp\u00e9cifiquement<br \/>\ndans le cas de Nicolas Sarkozy !\u00a0\u00bb a clarifi\u00e9 <a href=\"https:\/\/www.telestar.fr\/actu_tv\/c-a-vous-des-reves-erotiques-anne-elisabeth-lemoine-cherche-intensement-bertrand-chameroy-et-ne-le-trouve-pas-forcement-1729949\" target=\"_blank\" rel=\"noopener\"><br \/>\nBabeth<\/a>. \u00ab\u00a0Je suis pas s\u00fbr, faudrait que je v\u00e9rifie&#8230; 72%<br \/>\nsont choqu\u00e9s des attaques contre les magistrats !\u00a0\u00bb a embray\u00e9<br \/>\nle chroniqueur. <strong>\u00ab\u00a0Non, je crois pas. Oui, c&rsquo;est \u00e7a<br \/>\n!\u00a0\u00bb<\/strong> a encha\u00een\u00e9 Patrick Cohen. \u00ab\u00a0Bon, on est<br \/>\nd&rsquo;accords, en tout cas !\u00a0\u00bb a conclu Lorrain S\u00e9n\u00e9chal. Un<br \/>\naccord, certes, mais une <strong>tension soudaine<\/strong> et un<br \/>\nmalaise tout \u00e0 fait palpables \u00e0 l&rsquo;\u00e9cran&#8230;<\/p>\n<p>Tensions palpable avec Anne-\u00c9lisabeth<br \/>\nLemoine dans C \u00e0 vous<\/p>\n<p>Plus t\u00f4t dans l&rsquo;\u00e9mission, <a href=\"https:\/\/www.telestar.fr\/actu_tv\/anne-elisabeth-lemoine-ecorche-le-nom-dune-legende-de-roland-garros-et-ca-vire-en-humour-pipi-caca-1725814\" target=\"_blank\" rel=\"noopener\"><br \/>\nAnne-\u00c9lisabeth Lemoine<\/a> s&rsquo;est montr\u00e9e choqu\u00e9e par l&rsquo;avis de son<br \/>\npropre public. <a href=\"https:\/\/www.telestar.fr\/actu_tv\/c-a-vous-oh-taisez-vous-emilie-tran-nguyen-stoppee-net-par-un-invite-1737612\" data-mrf-link=\"https:\/\/www.telestar.fr\/actu_tv\/c-a-vous-oh-taisez-vous-emilie-tran-nguyen-stoppee-net-par-un-invite-1737612\" target=\"_blank\" rel=\"noopener\"><br \/>\n\u00c9milie Tran Nguyen<\/a> avait soumis les t\u00e9l\u00e9spectateurs \u00e0 un<br \/>\n<strong>sondage sur la f\u00e9minisation de la devise du<br \/>\nPanth\u00e9on<\/strong>. \u00ab\u00a0J&rsquo;imagine qu&rsquo;ils sont pour !\u00a0\u00bb, avait<br \/>\nlanc\u00e9 la pr\u00e9sentatrice de France 5, confiante.<\/p>\n<p>Tout faux ! \u00c0 son immense surprise, \u00c9milie Tran Nguyen l&rsquo;a<br \/>\ninform\u00e9e que les t\u00e9l\u00e9spectateurs \u00e9taient contre \u00ab\u00a0en masse\u00a0\u00bb. Une<br \/>\n\u00e9mission pleine de surprises.<\/p>\n","protected":false},"excerpt":{"rendered":"EN BREF Le 1er octobre, Patrick Cohen, Darius Rochebin, C\u00e9cile Ollivier, Evelyne Dh\u00e9liat, Camille Lacourt et Alice Detollenaere&hellip;\n","protected":false},"author":2,"featured_media":432715,"comment_status":"","ping_status":"","sticky":false,"template":"","format":"standard","meta":{"footnotes":""},"categories":[1356],"tags":[548,5632,58,59,1011,27,13960,252,1364],"class_list":{"0":"post-432714","1":"post","2":"type-post","3":"status-publish","4":"format-standard","5":"has-post-thumbnail","7":"category-television","8":"tag-article-simple","9":"tag-c-a-vous","10":"tag-divertissement","11":"tag-entertainment","12":"tag-fr","13":"tag-france","14":"tag-patrick-cohen","15":"tag-television","16":"tag-tv"},"share_on_mastodon":{"url":"https:\/\/pubeurope.com\/@fr\/115302515749947469","error":""},"_links":{"self":[{"href":"https:\/\/www.europesays.com\/fr\/wp-json\/wp\/v2\/posts\/432714","targetHints":{"allow":["GET"]}}],"collection":[{"href":"https:\/\/www.europesays.com\/fr\/wp-json\/wp\/v2\/posts"}],"about":[{"href":"https:\/\/www.europesays.com\/fr\/wp-json\/wp\/v2\/types\/post"}],"author":[{"embeddable":true,"href":"https:\/\/www.europesays.com\/fr\/wp-json\/wp\/v2\/users\/2"}],"replies":[{"embeddable":true,"href":"https:\/\/www.europesays.com\/fr\/wp-json\/wp\/v2\/comments?post=432714"}],"version-history":[{"count":0,"href":"https:\/\/www.europesays.com\/fr\/wp-json\/wp\/v2\/posts\/432714\/revisions"}],"wp:featuredmedia":[{"embeddable":true,"href":"https:\/\/www.europesays.com\/fr\/wp-json\/wp\/v2\/media\/432715"}],"wp:attachment":[{"href":"https:\/\/www.europesays.com\/fr\/wp-json\/wp\/v2\/media?parent=432714"}],"wp:term":[{"taxonomy":"category","embeddable":true,"href":"https:\/\/www.europesays.com\/fr\/wp-json\/wp\/v2\/categories?post=432714"},{"taxonomy":"post_tag","embeddable":true,"href":"https:\/\/www.europesays.com\/fr\/wp-json\/wp\/v2\/tags?post=432714"}],"curies":[{"name":"wp","href":"https:\/\/api.w.org\/{rel}","templated":true}]}}