{"id":432720,"date":"2025-10-02T03:48:24","date_gmt":"2025-10-02T03:48:24","guid":{"rendered":"https:\/\/www.europesays.com\/fr\/432720\/"},"modified":"2025-10-02T03:48:24","modified_gmt":"2025-10-02T03:48:24","slug":"octobre-rose-un-mois-pour-sensibiliser-a-limportance-du-depistage-du-cancer-du-sein","status":"publish","type":"post","link":"https:\/\/www.europesays.com\/fr\/432720\/","title":{"rendered":"Octobre rose : un mois pour sensibiliser \u00e0 l&rsquo;importance du d\u00e9pistage du cancer du sein"},"content":{"rendered":"<tr>\n<td>sensibilisation au d\u00e9pistage du cancer du sein\u00a0<\/td>\n<td>Foulillouse<\/td>\n<td>12\/10\/2025<\/td>\n<td>\u00a0<\/td>\n<td>Sensibilisation au DOCS<\/td>\n<td>tous public\u00a0<\/td>\n<\/tr>\n<tr>\n<td>Sensibilisation octobre rose<\/td>\n<td>Cr\u00e9dit Agricole St-Etienne<\/td>\n<td>01\/10\/2025<\/td>\n<td>11h45-14h00<\/td>\n<td>ateliers sur le d\u00e9pistage du cancer du sein mais aussi sur les perturbateurs endocriens<\/td>\n<td>Salari\u00e9s<\/td>\n<\/tr>\n<tr>\n<td>Sensibilisation octobre rose<\/td>\n<td>STAS<\/td>\n<td>01\/10\/2025<\/td>\n<td>11h30-14h00<\/td>\n<td>stand sur l&rsquo;autosurveillance et le d\u00e9pistage organis\u00e9 du sein<\/td>\n<td>Salari\u00e9s<\/td>\n<\/tr>\n<tr>\n<td>Sensibilisation octobre rose<\/td>\n<td>Mairie de Firminy<\/td>\n<td>01\/10\/2025<\/td>\n<td>8h30<\/td>\n<td>information sur le d\u00e9pistage organis\u00e9 du cancer du sein<\/td>\n<td>\u00e9lus<\/td>\n<\/tr>\n<tr>\n<td>Forum Sant\u00e9\u00a0<\/td>\n<td>Hippodrome de Feurs<\/td>\n<td>02\/10\/2025<\/td>\n<td>9h00-17h00<\/td>\n<td>stand sur l&rsquo;autosurveillance mais aussi sur les facteurs de risques et facteurs protecteurs<\/td>\n<td>Grand public<\/td>\n<\/tr>\n<tr>\n<td>jorun\u00e9e d\u00e9pistages<\/td>\n<td>CS Bourgogne Roanne<\/td>\n<td>02\/10\/2025<\/td>\n<td>10h-18h<\/td>\n<td>stand sur les facteurs de risques et facteurs protecteurs<\/td>\n<td>Grand public<\/td>\n<\/tr>\n<tr>\n<td>Projection d&rsquo;un film<\/td>\n<td>cin\u00e9ma Chazelles sur Lyon<\/td>\n<td>02\/10\/2025<\/td>\n<td>\u00a0<\/td>\n<td>participation au d\u00e9bat<\/td>\n<td>Lyc\u00e9ens &#8211; Grand public<\/td>\n<\/tr>\n<tr>\n<td>octobre rose<\/td>\n<td>Clinique mutualiste<\/td>\n<td>03\/10\/2025<\/td>\n<td>matin<\/td>\n<td>atelier pour les patients<\/td>\n<td>Patients- Grand public<\/td>\n<\/tr>\n<tr>\n<td>Sensibilisation octobre rose<\/td>\n<td>D\u00e9cathlon Steel<\/td>\n<td>03\/10\/2025<\/td>\n<td>19h30<\/td>\n<td>stand<\/td>\n<td>Grand public<\/td>\n<\/tr>\n<tr>\n<td>Spectacle<\/td>\n<td>Firminy<\/td>\n<td>03\/10\/2025<\/td>\n<td>19h00<\/td>\n<td>\u00a0<\/td>\n<td>Grand public<\/td>\n<\/tr>\n<tr>\n<td>journ\u00e9e sant\u00e9 des femmes<\/td>\n<td>Bourg-Argental<\/td>\n<td>04\/10\/2025<\/td>\n<td>9h30-17h30<\/td>\n<td>stand sur l&rsquo;auto surveillance, les facteurs de risques et facteurs protecteurs<\/td>\n<td>grand public<\/td>\n<\/tr>\n<tr>\n<td>Saint\u00e9 rose<\/td>\n<td>St-Etienne<\/td>\n<td>05\/10\/2025<\/td>\n<td>10h00<\/td>\n<td>stand d&rsquo;information<\/td>\n<td>Grand public<\/td>\n<\/tr>\n<tr>\n<td>Sensibilisation octobre rose<\/td>\n<td>Petit d\u00e9jeuner FACE Loire<\/td>\n<td>07\/10\/2025<\/td>\n<td>8h30-11h30<\/td>\n<td>conf\u00e9rence et atelier sur l&rsquo;autosurveillance<\/td>\n<td>Salari\u00e9s et chefs d&rsquo;entreprises<\/td>\n<\/tr>\n<tr>\n<td>Sensibilisation octobre rose<\/td>\n<td>Casino<\/td>\n<td>07\/10\/2025<\/td>\n<td>9h00-14h00<\/td>\n<td>ateliers sur l&rsquo;auto surveillance et le d\u00e9pistage organis\u00e9 du cancer du sein<\/td>\n<td>Salari\u00e9s\u00a0<\/td>\n<\/tr>\n<tr>\n<td>OCTOBRE ROSE<\/td>\n<td>campus manufacture<\/td>\n<td>07\/10\/2025<\/td>\n<td>13h30-17h30<\/td>\n<td>stand sur les facteurs de risques et facteurs protecteurs<\/td>\n<td>Etudiants<\/td>\n<\/tr>\n<tr>\n<td>Sensibilisation octobre rose<\/td>\n<td>Clinique Mutualiste<\/td>\n<td>08\/10\/2025<\/td>\n<td>9h00<\/td>\n<td>stand<\/td>\n<td>Grand public<\/td>\n<\/tr>\n<tr>\n<td>Sensibilisation octobre rose<\/td>\n<td>ASSE<\/td>\n<td>08\/10\/2025<\/td>\n<td>14h-17h30<\/td>\n<td>conf\u00e9rence et ateliers (d\u00e9pistages, HPV, alimentation, CPAM, facteurs de risques, facteurs protecteurs, activit\u00e9 physique)<\/td>\n<td>Joueuses &#8211; grand public<\/td>\n<\/tr>\n<tr>\n<td>Sensibilisation octobre rose<\/td>\n<td>Lorette<\/td>\n<td>08\/10\/2025<\/td>\n<td>14h-17h<\/td>\n<td>stand sur l&rsquo;auto surveillance et le d\u00e9pistage organis\u00e9 du cancer du sein<\/td>\n<td>grans public<\/td>\n<\/tr>\n<tr>\n<td>Sensibilisation octobre rose<\/td>\n<td>Pharmacie de Pelussin\u00a0<\/td>\n<td>08\/10\/2025<\/td>\n<td>14h00<\/td>\n<td>ateliers sur les facteurs de risques et facteurs protecteurs<\/td>\n<td>Grand public<\/td>\n<\/tr>\n<tr>\n<td>Sensibilisation octobre rose<\/td>\n<td>Clinique Mutualiste<\/td>\n<td>09\/10\/2025<\/td>\n<td>9h00<\/td>\n<td>stand<\/td>\n<td>Grand public<\/td>\n<\/tr>\n<tr>\n<td>Sensibilisation octobre rose<\/td>\n<td>123 ELEC La Ricamarie<\/td>\n<td>09\/10\/2025<\/td>\n<td>11h30-13h30<\/td>\n<td>atelier sur l&rsquo;auto surveillance et le d\u00e9pistage du cancer du sein<\/td>\n<td>salari\u00e9s<\/td>\n<\/tr>\n<tr>\n<td>Sensibilisation octobre rose<\/td>\n<td>Lyc\u00e9e des Monts des lyonnais Chazelles<\/td>\n<td>09\/10\/2025<\/td>\n<td>12h30-16h30<\/td>\n<td>installation de l&rsquo;exposition itin\u00e9rante de la Ligue contre le cancer + ateliers<\/td>\n<td>Lyc\u00e9ens<\/td>\n<\/tr>\n<tr>\n<td>OCTOBRE ROSE<\/td>\n<td>campus m\u00e9decine<\/td>\n<td>09\/10\/2025<\/td>\n<td>13h30-17h30<\/td>\n<td>stand sur les facteurs de risques et facteurs protecteurs<\/td>\n<td>Etudiants<\/td>\n<\/tr>\n<tr>\n<td>ex utero pi\u00e8ce th\u00eaatre+d\u00e9bat\u00a0<\/td>\n<td>St Genest Lerpt<\/td>\n<td>09\/10\/2025<\/td>\n<td>19h00<\/td>\n<td>Particicpation du Comit\u00e9 \u00e0 la table ronde<\/td>\n<td>Grand public<\/td>\n<\/tr>\n<tr>\n<td>Sensibilisation octobre rose<\/td>\n<td>MSP St-Pierre de B\u0153uf<\/td>\n<td>09\/10\/2025<\/td>\n<td>14h \u00e0 17h<\/td>\n<td>atelier sur l&rsquo;auto surveillance et le d\u00e9pistage du cancer du sein<\/td>\n<td>grand public<\/td>\n<\/tr>\n<tr>\n<td>Sensibilisation octobre rose<\/td>\n<td>Maison sc\u00e8ne la Fouillouse<\/td>\n<td>10\/10\/2025<\/td>\n<td>15h30<\/td>\n<td>diff\u00e9rents ateliers<\/td>\n<td>Grand public<\/td>\n<\/tr>\n<tr>\n<td>Marche Les vignes en rose<\/td>\n<td>CHAVANAY<\/td>\n<td>12\/10\/2025<\/td>\n<td>8h00-12h00<\/td>\n<td>stand sur l&rsquo;auto surveillance, le d\u00e9pistage organis\u00e9 des cancers\u00a0<\/td>\n<td>Grand public<\/td>\n<\/tr>\n<tr>\n<td>Sensibilisation octobre rose<\/td>\n<td>Sigvaris St-Just St-Rambert<\/td>\n<td>13\/10\/2025<\/td>\n<td>10h-16h<\/td>\n<td>atelier sur les facteurs de risque et facteurs protecteurs<\/td>\n<td>Salari\u00e9s\u00a0<\/td>\n<\/tr>\n<tr>\n<td>Sensibilisation octobre rose<\/td>\n<td>CH de Charlieu<\/td>\n<td>13\/10\/2025<\/td>\n<td>10h00-16h30<\/td>\n<td>stand : auto surveillance, d\u00e9pistage organis\u00e9, casque de r\u00e9alit\u00e9 virtuel<\/td>\n<td>Grand public &#8211; salari\u00e9s<\/td>\n<\/tr>\n<tr>\n<td>Sensibilisation octobre rose<\/td>\n<td>Foyer de vie EHPAD Saint Just Saint Rambert<\/td>\n<td>13\/10\/2025<\/td>\n<td>14h00<\/td>\n<td>atelier<\/td>\n<td>Grand public &#8211; salari\u00e9s<\/td>\n<\/tr>\n<tr>\n<td>Sensibilisation octobre rose<\/td>\n<td>Gymnastique volontaire Veauche<\/td>\n<td>13\/10\/2025<\/td>\n<td>18h00-19h30<\/td>\n<td>stand<\/td>\n<td>Grand public<\/td>\n<\/tr>\n<tr>\n<td>Sensibilisation octobre rose<\/td>\n<td>CH Roanne<\/td>\n<td>14\/10\/2025<\/td>\n<td>journ\u00e9e<\/td>\n<td>stand \/ conf\u00e9rences<\/td>\n<td>Grand public-Salari\u00e9s<\/td>\n<\/tr>\n<tr>\n<td>Sensibilisation octobre rose<\/td>\n<td>CHU Bellevue et CHU Nord<\/td>\n<td>14\/10\/2025<\/td>\n<td>11h00-14h00<\/td>\n<td>stands sur l&rsquo;auto surveillance, le d\u00e9pistage organis\u00e9 des cancers, \u2026<\/td>\n<td>Salari\u00e9s\u00a0<\/td>\n<\/tr>\n<tr>\n<td>Sensibilisation octobre rose<\/td>\n<td>CH Claudinon Le Chambon Feugerolles<\/td>\n<td>14\/10\/2025<\/td>\n<td>13h-16h<\/td>\n<td>stand sur l&rsquo;auto surveillance, le d\u00e9pistage organis\u00e9 des cancers\u00a0<\/td>\n<td>Grand public &#8211; salari\u00e9s<\/td>\n<\/tr>\n<tr>\n<td>Sensibilisation octobre rose<\/td>\n<td>Axa Savigneux<\/td>\n<td>15\/10\/2025<\/td>\n<td>10h00-14h00<\/td>\n<td>stands sur l&rsquo;auto surveillance, le d\u00e9pistage organis\u00e9 des cancers,casque de r\u00e9alit\u00e9 virtuelle<\/td>\n<td>Grand public<\/td>\n<\/tr>\n<tr>\n<td>Sensibilisation octobre rose<\/td>\n<td>MSP Saint-Paul en Jarez<\/td>\n<td>16\/10\/2025<\/td>\n<td>14h00-17h00<\/td>\n<td>atelier<\/td>\n<td>Grand public<\/td>\n<\/tr>\n<tr>\n<td>Sensibilisation octobre rose<\/td>\n<td>STAS<\/td>\n<td>16\/10\/2025<\/td>\n<td>11h30-14h00<\/td>\n<td>stand sur l&rsquo;autosurveillance et le d\u00e9pistage organis\u00e9 du sein<\/td>\n<td>Salari\u00e9s<\/td>\n<\/tr>\n<tr>\n<td>Sensibilisation octobre rose<\/td>\n<td>SLST<\/td>\n<td>16\/10\/2025<\/td>\n<td>8h30-12h00<\/td>\n<td>stand<\/td>\n<td>Salari\u00e9s<\/td>\n<\/tr>\n<tr>\n<td>Sensibilisation octobre rose<\/td>\n<td>CHU Saint-Etienne<\/td>\n<td>16\/10\/2025<\/td>\n<td>10h00-16h00<\/td>\n<td>stands : auto-surveillance, casque de r\u00e9alit\u00e9 virtuelle, exposition, \u2026<\/td>\n<td>Grand public<\/td>\n<\/tr>\n<tr>\n<td>Sensibilisation octobre rose<\/td>\n<td>Gymnastique volontaire Veauche<\/td>\n<td>16\/10\/2025<\/td>\n<td>9h00-11h00<\/td>\n<td>stand<\/td>\n<td>Grand public\u00a0<\/td>\n<\/tr>\n<tr>\n<td>OCTOBRE ROSE<\/td>\n<td>Campus Tr\u00e9filerie<\/td>\n<td>16\/10\/2025<\/td>\n<td>13h30-16h30<\/td>\n<td>stand sur les facteurs de risques et facteurs protecteurs<\/td>\n<td>Etudiants<\/td>\n<\/tr>\n<tr>\n<td>th\u00e9\u00e2tre Orage de vivre<\/td>\n<td>Roanne<\/td>\n<td>16\/10\/2025<\/td>\n<td>19h45<\/td>\n<td>pi\u00e8ce de th\u00e9\u00e2tre et \u00e9changes<\/td>\n<td>Grand public<\/td>\n<\/tr>\n<tr>\n<td>Sensibilisation octobre rose<\/td>\n<td>MSP Balbigny<\/td>\n<td>16\/10\/2025<\/td>\n<td>14h30-15h30<\/td>\n<td>atelier sur les d\u00e9pistages<\/td>\n<td>Grand public<\/td>\n<\/tr>\n<tr>\n<td>Sensibilisation octobre rose<\/td>\n<td>Gymnastique volontaire Veauche<\/td>\n<td>17\/10\/2025<\/td>\n<td>9h00-10h00<\/td>\n<td>stand<\/td>\n<td>Grand public<\/td>\n<\/tr>\n<tr>\n<td>Sensibilisation octobre rose<\/td>\n<td>Intermarch\u00e9 Chazelles\u00a0<\/td>\n<td>17\/10\/2025<\/td>\n<td>9h00-12h00\/ 13h30-17h00<\/td>\n<td>stand<\/td>\n<td>Grand public<\/td>\n<\/tr>\n<tr>\n<td>Sensibilisation octobre rose<\/td>\n<td>March\u00e9 &#8211; Roanne<\/td>\n<td>17\/10\/2025<\/td>\n<td>9h00-14h00<\/td>\n<td>stand<\/td>\n<td>Grand public<\/td>\n<\/tr>\n<tr>\n<td>Cin\u00e9 d\u00e9bat<\/td>\n<td>Cin\u00e9ma Saint Galmier<\/td>\n<td>17\/10\/2025<\/td>\n<td>\u00a0<\/td>\n<td>projection puis d\u00e9bat<\/td>\n<td>Grand public<\/td>\n<\/tr>\n<tr>\n<td>Sensibilisation octobre rose<\/td>\n<td>March\u00e9 Saint Chamond<\/td>\n<td>18\/10\/2025<\/td>\n<td>9h00-14h00<\/td>\n<td>stand sur le d\u00e9pistage organis\u00e9 du cancer du sein<\/td>\n<td>Grand public<\/td>\n<\/tr>\n<tr>\n<td>marche<\/td>\n<td>Chazelles sur Lyon<\/td>\n<td>18\/10\/2025<\/td>\n<td>matin<\/td>\n<td>stand<\/td>\n<td>grand public<\/td>\n<\/tr>\n<tr>\n<td>marche\u00a0<\/td>\n<td>Andr\u00e9zieux Bouth\u00e9on (ch\u00e2teau)<\/td>\n<td>18\/10\/2025<\/td>\n<td>matin<\/td>\n<td>stand<\/td>\n<td>Grand Public\u00a0<\/td>\n<\/tr>\n<tr>\n<td>marche Les gazelles d&rsquo;Ance<\/td>\n<td>Saint-Anth\u00e8me<\/td>\n<td>19\/10\/2025<\/td>\n<td>9h00-12h00<\/td>\n<td>\u00a0<\/td>\n<td>Grand public<\/td>\n<\/tr>\n<tr>\n<td>Sensibilisation octobre rose<\/td>\n<td>Self CH Firminy<\/td>\n<td>20\/10\/2025<\/td>\n<td>11h00-14h00<\/td>\n<td>stand<\/td>\n<td>Salari\u00e9s<\/td>\n<\/tr>\n<tr>\n<td>Sensibilisation octobre rose<\/td>\n<td>Alph\u00e9e CHU St-ETIENNE<\/td>\n<td>21\/10\/2025<\/td>\n<td>10h00-11h30<\/td>\n<td>atelier<\/td>\n<td>Patients &#8211; psy<\/td>\n<\/tr>\n<tr>\n<td>Sensibilisation octobre rose<\/td>\n<td>March\u00e9 Neulise<\/td>\n<td>21\/10\/2025<\/td>\n<td>9h00<\/td>\n<td>stand<\/td>\n<td>Grand public<\/td>\n<\/tr>\n<tr>\n<td>Sensibilisation octobre rose<\/td>\n<td>MSP Saint Just Saint Rambert<\/td>\n<td>21\/10\/2025<\/td>\n<td>14h00-16h00<\/td>\n<td>Atelier d\u00e9pistage<\/td>\n<td>Grand public<\/td>\n<\/tr>\n<tr>\n<td>Sensibilisation octobre rose<\/td>\n<td>Maison d&rsquo;arr\u00eat la Talaudi\u00e8re<\/td>\n<td>21\/10\/2025<\/td>\n<td>14h00<\/td>\n<td>Atelier d\u00e9pistage<\/td>\n<td>D\u00e9tenues<\/td>\n<\/tr>\n<tr>\n<td>Sensibilisation octobre rose<\/td>\n<td>CEMAD<\/td>\n<td>23\/10\/2025<\/td>\n<td>9h00-12h00<\/td>\n<td>Atelier d\u00e9pistage<\/td>\n<td>salari\u00e9s<\/td>\n<\/tr>\n<tr>\n<td>Sensibilisation octobre rose<\/td>\n<td>HPL<\/td>\n<td>23\/10\/2025<\/td>\n<td>\u00a0<\/td>\n<td>stand \/ atelier patients<\/td>\n<td>Patients &#8211; salari\u00e9s<\/td>\n<\/tr>\n<tr>\n<td>Sensibilisation octobre rose<\/td>\n<td>March\u00e9 Saint Galmier<\/td>\n<td>24\/10\/2025<\/td>\n<td>14h00-17h00<\/td>\n<td>stand<\/td>\n<td>Grand public<\/td>\n<\/tr>\n<tr>\n<td>Sensibilisation octobre rose<\/td>\n<td>CS Moulin\u00a0 \u00a0\u00e0 vent\u00a0 Roanne<\/td>\n<td>28\/10\/2025<\/td>\n<td>15h00-17h00<\/td>\n<td>atelier sur les facteurs de risques et facteurs protecteurs<\/td>\n<td>Grand public<\/td>\n<\/tr>\n<tr>\n<td>Sensibilisation octobre rose<\/td>\n<td>Clinique Saint Victor\/Loire\u00a0<\/td>\n<td>28\/10\/2025<\/td>\n<td>9h-15h<\/td>\n<td>stand sur les d\u00e9pistages<\/td>\n<td>Patients\/salari\u00e9s<\/td>\n<\/tr>\n<tr>\n<td>OCTOBRE ROSE<\/td>\n<td>Campus M\u00e9tare<\/td>\n<td>30\/10\/2025<\/td>\n<td>13h30-17h30<\/td>\n<td>stand sur les facteurs de risques et facteurs protecteurs<\/td>\n<td>Etudiants<\/td>\n<\/tr>\n<tr>\n<td>Atelier de pr\u00e9vention\u00a0<\/td>\n<td>lyc\u00e9e Mauriac d&rsquo;Andr\u00e9zieux Bouth\u00e9on<\/td>\n<td>07\/10\/2025<\/td>\n<td>\u00a0<\/td>\n<td>\u00a0<\/td>\n<td>\u00a0<\/td>\n<\/tr>\n<tr>\n<td>Atelier de pr\u00e9vention\u00a0<\/td>\n<td>facult\u00e9 de m\u00e9decine (ADEMS) &#8211; St Etienne<\/td>\n<td>09\/10\/2025<\/td>\n<td>\u00a0<\/td>\n<td>\u00a0<\/td>\n<td>\u00a0<\/td>\n<\/tr>\n<tr>\n<td>Intervention aurp\u00e8s de professionnels de sant\u00e9\u00a0<\/td>\n<td>Clinique mutualiste\u00a0<\/td>\n<td>09\/10\/2025<\/td>\n<td>\u00a0<\/td>\n<td>sensibilisation au cancer du sein chez la jeune femme et pr\u00e9sentaiton des outils de Jeune&amp;Rose<\/td>\n<td>\u00a0<\/td>\n<\/tr>\n<tr>\n<td>Atelier de pr\u00e9vention &#8211; Journ\u00e9e bien \u00eatre\u00a0<\/td>\n<td>La Grand Croix<\/td>\n<td>11\/10\/2025<\/td>\n<td>\u00a0<\/td>\n<td>\u00a0<\/td>\n<td>\u00a0<\/td>\n<\/tr>\n<tr>\n<td>Atelier de pr\u00e9vention\u00a0<\/td>\n<td>lyc\u00e9e de St Honor\u00e9 d&rsquo;Urf\u00e9 &#8211; St Etienne<\/td>\n<td>13\/10\/2025<\/td>\n<td>\u00a0<\/td>\n<td>\u00a0<\/td>\n<td>\u00a0<\/td>\n<\/tr>\n<tr>\n<td>Atelier de pr\u00e9vention \u00ab\u00a0Pouet Pouet Mobil<\/td>\n<td>CHU de St Etienne\u00a0<\/td>\n<td>14\/10\/2025<\/td>\n<td>\u00a0<\/td>\n<td>pour les PDS<\/td>\n<td>\u00a0<\/td>\n<\/tr>\n<tr>\n<td>Atelier de pr\u00e9vention\u00a0<\/td>\n<td>St Chamond\u00a0<\/td>\n<td>14\/10\/2025<\/td>\n<td>\u00a0<\/td>\n<td>\u00a0<\/td>\n<td>\u00a0<\/td>\n<\/tr>\n<tr>\n<td>Atelier de pr\u00e9vention autour de notre bande dessin\u00e9n\u00e9\u00a0<\/td>\n<td>lyc\u00e9ens \u00e0 La Com\u00e8te de St Etienne<\/td>\n<td>16\/10\/2025<\/td>\n<td>\u00a0<\/td>\n<td>\u00a0<\/td>\n<td>\u00a0<\/td>\n<\/tr>\n","protected":false},"excerpt":{"rendered":"sensibilisation au d\u00e9pistage du cancer du sein\u00a0 Foulillouse 12\/10\/2025 \u00a0 Sensibilisation au DOCS tous public\u00a0 Sensibilisation octobre rose&hellip;\n","protected":false},"author":2,"featured_media":432721,"comment_status":"","ping_status":"","sticky":false,"template":"","format":"standard","meta":{"footnotes":""},"categories":[10],"tags":[6520,14754,1011,27,72,71],"class_list":{"0":"post-432720","1":"post","2":"type-post","3":"status-publish","4":"format-standard","5":"has-post-thumbnail","7":"category-sante","8":"tag-cancers","9":"tag-depistage","10":"tag-fr","11":"tag-france","12":"tag-health","13":"tag-sante"},"share_on_mastodon":{"url":"https:\/\/pubeurope.com\/@fr\/115302531471888657","error":""},"_links":{"self":[{"href":"https:\/\/www.europesays.com\/fr\/wp-json\/wp\/v2\/posts\/432720","targetHints":{"allow":["GET"]}}],"collection":[{"href":"https:\/\/www.europesays.com\/fr\/wp-json\/wp\/v2\/posts"}],"about":[{"href":"https:\/\/www.europesays.com\/fr\/wp-json\/wp\/v2\/types\/post"}],"author":[{"embeddable":true,"href":"https:\/\/www.europesays.com\/fr\/wp-json\/wp\/v2\/users\/2"}],"replies":[{"embeddable":true,"href":"https:\/\/www.europesays.com\/fr\/wp-json\/wp\/v2\/comments?post=432720"}],"version-history":[{"count":0,"href":"https:\/\/www.europesays.com\/fr\/wp-json\/wp\/v2\/posts\/432720\/revisions"}],"wp:featuredmedia":[{"embeddable":true,"href":"https:\/\/www.europesays.com\/fr\/wp-json\/wp\/v2\/media\/432721"}],"wp:attachment":[{"href":"https:\/\/www.europesays.com\/fr\/wp-json\/wp\/v2\/media?parent=432720"}],"wp:term":[{"taxonomy":"category","embeddable":true,"href":"https:\/\/www.europesays.com\/fr\/wp-json\/wp\/v2\/categories?post=432720"},{"taxonomy":"post_tag","embeddable":true,"href":"https:\/\/www.europesays.com\/fr\/wp-json\/wp\/v2\/tags?post=432720"}],"curies":[{"name":"wp","href":"https:\/\/api.w.org\/{rel}","templated":true}]}}