{"id":432726,"date":"2025-10-02T03:51:13","date_gmt":"2025-10-02T03:51:13","guid":{"rendered":"https:\/\/www.europesays.com\/fr\/432726\/"},"modified":"2025-10-02T03:51:13","modified_gmt":"2025-10-02T03:51:13","slug":"selon-des-astronomes-une-grande-vague-dorigine-inconnue-se-propage-dans-notre-galaxie","status":"publish","type":"post","link":"https:\/\/www.europesays.com\/fr\/432726\/","title":{"rendered":"Selon des astronomes, une \u00ab\u00a0grande vague\u00a0\u00bb d&rsquo;origine inconnue se propage dans notre galaxie"},"content":{"rendered":"<p class=\"mb-4 text-lg md:leading-8 break-words\">Une perturbation majeure, dont l&rsquo;origine reste pour l&rsquo;heure inexpliqu\u00e9e. D&rsquo;apr\u00e8s une \u00e9tude publi\u00e9e conjointement par des astronomes europ\u00e9ens et am\u00e9ricains, une onde gigantesque serait actuellement en train de traverser notre galaxie, d\u00e9pla\u00e7ant dans son sillage des milliers d&rsquo;astres.<\/p>\n<p class=\"mb-4 text-lg md:leading-8 break-words\">Publi\u00e9 dans la revue <a data-i13n=\"cpos:1;pos:1\" href=\"https:\/\/www.aanda.org\/articles\/aa\/full_html\/2025\/07\/aa51668-24\/aa51668-24.html\" rel=\"nofollow noopener\" target=\"_blank\" data-ylk=\"slk:Astronomy &amp; Astrophysics;cpos:1;pos:1;elm:context_link;itc:0;sec:content-canvas\" class=\"link \">Astronomy &amp; Astrophysics<\/a> et relay\u00e9 notamment par <a data-i13n=\"cpos:2;pos:1\" href=\"https:\/\/www.livescience.com\/space\/astronomy\/a-great-wave-is-rippling-through-our-galaxy-pushing-thousands-of-stars-out-of-place\" rel=\"nofollow noopener\" target=\"_blank\" data-ylk=\"slk:Live Science;cpos:2;pos:1;elm:context_link;itc:0;sec:content-canvas\" class=\"link \">Live Science<\/a>, le travail de recherche s&rsquo;appuie principalement sur les donn\u00e9es cartographiques du t\u00e9lescope spatial Gaia de l&rsquo;Agence spatiale europ\u00e9enne (ESA), <a data-i13n=\"cpos:3;pos:1\" href=\"https:\/\/fr.news.yahoo.com\/t%C3%A9lescope-gaia-mission-s-ach%C3%A8ve-151111818.html\" data-ylk=\"slk:mis \u00e0 la retraite;cpos:3;pos:1;elm:context_link;itc:0;sec:content-canvas;outcm:mb_qualified_link;_E:mb_qualified_link;ct:story;\" class=\"link  yahoo-link\" rel=\"nofollow noopener\" target=\"_blank\">mis \u00e0 la retraite<\/a> en mars dernier.<\/p>\n<p>Un \u00e9trange ph\u00e9nom\u00e8ne astronomique&#8230;<\/p>\n<p class=\"mb-4 text-lg md:leading-8 break-words\">En activit\u00e9 pendant plus de 11 ans, ce dernier n&rsquo;a cess\u00e9 de mesurer les mouvements et la vitesse de d\u00e9placement des \u00e9toiles composant la Voie lact\u00e9e, contribuant de mani\u00e8re d\u00e9cisive \u00e0 \u00e9tablir une cartographie \u00e9volutive de notre galaxie plus pr\u00e9cise que jamais.<\/p>\n<p class=\"mb-4 text-lg md:leading-8 break-words\">Comme l&rsquo;expliquent les auteurs de l&rsquo;\u00e9tude dans <a data-i13n=\"cpos:4;pos:1\" href=\"https:\/\/www.esa.int\/Science_Exploration\/Space_Science\/Gaia\/Gaia_discovers_our_galaxy_s_great_wave\" rel=\"nofollow noopener\" target=\"_blank\" data-ylk=\"slk:un communiqu\u00e9;cpos:4;pos:1;elm:context_link;itc:0;sec:content-canvas\" class=\"link \">un communiqu\u00e9<\/a>, les donn\u00e9es recueillies par Gaia ont notamment permis de confirmer la d\u00e9formation, observ\u00e9e depuis les ann\u00e9es 1950, du disque de la Voie Lact\u00e9e, mais aussi de rep\u00e9rer un \u00e9trange ph\u00e9nom\u00e8ne astronomique.<\/p>\n<p>&#8230;comparable aux ondulations provoqu\u00e9es par \u00ab\u00a0une pierre jet\u00e9e dans un \u00e9tang\u00a0\u00bb<\/p>\n<p class=\"mb-4 text-lg md:leading-8 break-words\">Apr\u00e8s avoir analys\u00e9 ces donn\u00e9es offrant une vision en trois dimensions de la Voie Lact\u00e9e, les astronomes affirment ainsi qu'\u00a0\u00bbil est d\u00e9sormais \u00e9vident qu&rsquo;une grande onde perturbe le mouvement des \u00e9toiles de notre galaxie \u00e0 des dizaines de milliers d&rsquo;ann\u00e9es-lumi\u00e8re du Soleil\u00a0\u00bb.<\/p>\n<p class=\"mb-4 text-lg md:leading-8 break-words\">\u00ab\u00a0Telle une pierre jet\u00e9e dans un \u00e9tang, provoquant des ondulations, cette onde galactique d&rsquo;\u00e9toiles s&rsquo;\u00e9tend sur une grande partie du disque externe de la Voie lact\u00e9e\u00a0\u00bb, ajoutent les chercheurs, indiquant que cette sorte de vague astronomique se d\u00e9place depuis le centre de la galaxie vers l&rsquo;ext\u00e9rieur.<\/p>\n<p>Une immense zone de la Voie Lact\u00e9e est concern\u00e9e<\/p>\n<p class=\"mb-4 text-lg md:leading-8 break-words\">D&rsquo;apr\u00e8s les observations r\u00e9alis\u00e9es gr\u00e2ce au t\u00e9lescope Gaia, cette perturbation affecterait une zone immense comprenant \u00ab\u00a0des \u00e9toiles situ\u00e9es \u00e0 au moins 30 \u00e0 65 000 ann\u00e9es-lumi\u00e8re du centre de la galaxie (\u00e0 titre de comparaison, la Voie lact\u00e9e mesure environ 100 000 ann\u00e9es-lumi\u00e8re de diam\u00e8tre)\u00a0\u00bb.<\/p>\n<p class=\"mb-4 text-lg md:leading-8 break-words\">\u00ab\u00a0Ce qui est intriguant, ce n\u2019est pas seulement l\u2019aspect visuel de la structure ondulatoire dans l\u2019espace 3D, mais aussi son comportement ondulatoire lorsque nous analysons les mouvements des \u00e9toiles qui s\u2019y trouvent\u00a0\u00bb, ajoute Eloisa Poggio, astronome italienne qui a dirig\u00e9 l&rsquo;\u00e9quipe de scientifiques charg\u00e9e de cette \u00e9tude.<\/p>\n<p class=\"mb-4 text-lg md:leading-8 break-words\">Pour illustrer ce \u00ab\u00a0comportement ondulatoire\u00a0\u00bb si sp\u00e9cifique, les chercheurs le comparent \u00e0 une \u00ab\u00a0ola\u00a0\u00bb dans un stade de football. \u00ab\u00a0\u00c9tant donn\u00e9 que les \u00e9chelles de temps galactiques sont bien plus longues que la n\u00f4tre, imaginez cette onde fig\u00e9e dans le temps, \u00e0 la mani\u00e8re dont nous observons la Voie lact\u00e9e, propose le communiqu\u00e9 de l&rsquo;ESA. Certains individus seraient debout, d&rsquo;autres seraient simplement assis (au passage de la vague), et d&rsquo;autres encore se pr\u00e9pareraient \u00e0 se lever (\u00e0 l&rsquo;approche de la vague).\u00a0\u00bb<\/p>\n<p class=\"mb-4 text-lg md:leading-8 break-words\">De la m\u00eame mani\u00e8re, les astronomes ont not\u00e9 des disparit\u00e9s dans l&rsquo;intensit\u00e9 des mouvements verticaux observ\u00e9s par Gaia. Certaines \u00e9toiles semblent ainsi \u00ab\u00a0se soulever\u00a0\u00bb davantage que d&rsquo;autres, correspondant dans l&rsquo;analogie \u00e9voqu\u00e9e plus haut aux zones des tribunes dans lesquelles les spectateurs sont d\u00e9j\u00e0 debout ou en train de se lever.<\/p>\n<p><img alt=\"La \" loading=\"lazy\" width=\"960\" height=\"544\" decoding=\"async\" data-nimg=\"1\" class=\"rounded-lg\" style=\"color:transparent\" src=\"https:\/\/www.europesays.com\/fr\/wp-content\/uploads\/2025\/10\/a2251870-9ed8-11f0-b4fb-dd828a6f789d.jpeg\"\/><\/p>\n<p>La \u00ab\u00a0grande vague\u00a0\u00bb de la Voie Lact\u00e9e repr\u00e9sent\u00e9e par les mouvements des \u00e9toiles (DR\/ESA\/Gaia\/DPAC)<\/p>\n<p>Une origine myst\u00e9rieuse<\/p>\n<p class=\"mb-4 text-lg md:leading-8 break-words\">En plus de d\u00e9crire avec pr\u00e9cision la structure et le mouvement de cette onde massive, les astronomes ont \u00e9mis l&rsquo;hypoth\u00e8se qu&rsquo;elle pourrait \u00eatre aliment\u00e9e par les gaz composant le disque de la Voie lact\u00e9e.<\/p>\n<p class=\"mb-4 text-lg md:leading-8 break-words\">L&rsquo;origine de la perturbation en cours reste en revanche un myst\u00e8re \u00e0 ce stade. \u00ab\u00a0Une collision pass\u00e9e avec une galaxie naine pourrait \u00eatre une explication possible, avance le communiqu\u00e9 de l&rsquo;ESA, mais des recherches plus approfondies sont n\u00e9cessaires.\u00a0\u00bb<\/p>\n<p>La \u00ab\u00a0grande vague\u00a0\u00bb li\u00e9e \u00e0 la \u00ab\u00a0vague de Radcliffe\u00a0\u00bb ?<\/p>\n<p class=\"mb-4 text-lg md:leading-8 break-words\">Toujours d&rsquo;apr\u00e8s les auteurs de l&rsquo;\u00e9tude, cette \u00ab\u00a0grande vague\u00a0\u00bb pourrait aussi \u00eatre directement li\u00e9e \u00e0 une autre ondulation pr\u00e9c\u00e9demment identifi\u00e9e dans la Voie Lact\u00e9e, la \u00ab\u00a0vague de Radcliffe\u00a0\u00bb. De moindre intensit\u00e9, cette derni\u00e8re a \u00e9t\u00e9 observ\u00e9e \u00e0 500 ann\u00e9es-lumi\u00e8re du Soleil et s&rsquo;\u00e9tend sur environ 9 000 ann\u00e9es-lumi\u00e8re.<\/p>\n<p class=\"mb-4 text-lg md:leading-8 break-words\">\u00ab\u00a0Cependant, l&rsquo;onde de Radcliffe est un filament beaucoup plus petit, situ\u00e9 dans une partie diff\u00e9rente du disque galactique que l&rsquo;onde \u00e9tudi\u00e9e dans nos travaux, temp\u00e8re Eloisa Poggio. Les deux ondes pourraient \u00eatre li\u00e9es, ou non. C&rsquo;est pourquoi nous aimerions approfondir nos recherches.\u00a0\u00bb<\/p>\n<p>De nouvelles donn\u00e9es \u00e0 venir<\/p>\n<p class=\"mb-4 text-lg md:leading-8 break-words\">D\u00e9sormais hors service, le t\u00e9lescope Gaia pourrait toutefois aider une ultime fois les astronomes en ce sens, en fournissant une derni\u00e8re salve de donn\u00e9es d&rsquo;ici d\u00e9cembre 2026, comme l&rsquo;annonce <a data-i13n=\"cpos:5;pos:1\" href=\"https:\/\/www.cosmos.esa.int\/web\/gaia\/data-release-4\" rel=\"nofollow noopener\" target=\"_blank\" data-ylk=\"slk:le site officiel de l&#039;ESA;cpos:5;pos:1;elm:context_link;itc:0;sec:content-canvas\" class=\"link \">le site officiel de l&rsquo;ESA<\/a>.<\/p>\n<p class=\"mb-4 text-lg md:leading-8 break-words\">\u00ab\u00a0La quatri\u00e8me publication de donn\u00e9es de Gaia, qui approche \u00e0 grands pas, fournira des informations encore plus pr\u00e9cises sur les positions et les mouvements des \u00e9toiles de la Voie lact\u00e9e, confirme Johannes Sahlmann, l&rsquo;un des responsables du projet. Cela aidera les scientifiques \u00e0 \u00e9tablir des cartes encore plus pr\u00e9cises et, par cons\u00e9quent, \u00e0 approfondir notre compr\u00e9hension des caract\u00e9ristiques de notre galaxie.\u00a0\u00bb<\/p>\n","protected":false},"excerpt":{"rendered":"Une perturbation majeure, dont l&rsquo;origine reste pour l&rsquo;heure inexpliqu\u00e9e. D&rsquo;apr\u00e8s une \u00e9tude publi\u00e9e conjointement par des astronomes europ\u00e9ens&hellip;\n","protected":false},"author":2,"featured_media":432727,"comment_status":"","ping_status":"","sticky":false,"template":"","format":"standard","meta":{"footnotes":""},"categories":[7],"tags":[56061,1011,27,56060,56062,43,40,41,39,42,44,56059],"class_list":{"0":"post-432726","1":"post","2":"type-post","3":"status-publish","4":"format-standard","5":"has-post-thumbnail","7":"category-sciences-et-technologies","8":"tag-astronomes","9":"tag-fr","10":"tag-france","11":"tag-la-voie","12":"tag-notre-galaxie","13":"tag-science","14":"tag-science-and-technology","15":"tag-sciences","16":"tag-sciences-et-technologies","17":"tag-technologies","18":"tag-technology","19":"tag-voie-lactee"},"share_on_mastodon":{"url":"https:\/\/pubeurope.com\/@fr\/115302543624395854","error":""},"_links":{"self":[{"href":"https:\/\/www.europesays.com\/fr\/wp-json\/wp\/v2\/posts\/432726","targetHints":{"allow":["GET"]}}],"collection":[{"href":"https:\/\/www.europesays.com\/fr\/wp-json\/wp\/v2\/posts"}],"about":[{"href":"https:\/\/www.europesays.com\/fr\/wp-json\/wp\/v2\/types\/post"}],"author":[{"embeddable":true,"href":"https:\/\/www.europesays.com\/fr\/wp-json\/wp\/v2\/users\/2"}],"replies":[{"embeddable":true,"href":"https:\/\/www.europesays.com\/fr\/wp-json\/wp\/v2\/comments?post=432726"}],"version-history":[{"count":0,"href":"https:\/\/www.europesays.com\/fr\/wp-json\/wp\/v2\/posts\/432726\/revisions"}],"wp:featuredmedia":[{"embeddable":true,"href":"https:\/\/www.europesays.com\/fr\/wp-json\/wp\/v2\/media\/432727"}],"wp:attachment":[{"href":"https:\/\/www.europesays.com\/fr\/wp-json\/wp\/v2\/media?parent=432726"}],"wp:term":[{"taxonomy":"category","embeddable":true,"href":"https:\/\/www.europesays.com\/fr\/wp-json\/wp\/v2\/categories?post=432726"},{"taxonomy":"post_tag","embeddable":true,"href":"https:\/\/www.europesays.com\/fr\/wp-json\/wp\/v2\/tags?post=432726"}],"curies":[{"name":"wp","href":"https:\/\/api.w.org\/{rel}","templated":true}]}}