{"id":432728,"date":"2025-10-02T03:52:13","date_gmt":"2025-10-02T03:52:13","guid":{"rendered":"https:\/\/www.europesays.com\/fr\/432728\/"},"modified":"2025-10-02T03:52:13","modified_gmt":"2025-10-02T03:52:13","slug":"wall-street-termine-en-hausse-malgre-le-rapport-adp-et-le-shutdown-01-10-2025-a-2316","status":"publish","type":"post","link":"https:\/\/www.europesays.com\/fr\/432728\/","title":{"rendered":"Wall Street termine en hausse malgr\u00e9 le rapport ADP et le \u00ab\u00a0shutdown\u00a0\u00bb &#8211; 01\/10\/2025 \u00e0 23:16"},"content":{"rendered":"<p>        <img fetchpriority=\"high\" decoding=\"async\" src=\"https:\/\/www.europesays.com\/fr\/wp-content\/uploads\/2025\/10\/ac243eebe78a299ffcc5ba1cf66f55e7-760x508.jpg\" alt=\"Wall Street termine en hausse malgr\u00e9 le rapport ADP et le &quot;shutdown&quot;\" loading=\"eager\" width=\"760\" height=\"508\" style=\"max-width: 100%!important; height: auto;\"\/><\/p>\n<p class=\"c-image-news__legend\">Wall Street termine en hausse malgr\u00e9 le rapport ADP et le \u00ab\u00a0shutdown\u00a0\u00bb<\/p>\n<p>\n par Sin\u00e9ad Carew et Niket  Nishant\n<\/p>\n<p>\n La Bourse de New York a fini en hausse mercredi, port\u00e9e notamment par le secteur de la sant\u00e9 malgr\u00e9 la publication d&rsquo;une enqu\u00eate faisant \u00e9tat d&rsquo;une destruction surprise des emplois aux Etats-Unis et l&rsquo;incertitude qui r\u00e8gne au lendemain du \u00ab\u00a0shutdown\u00a0\u00bb de l&rsquo;administration am\u00e9ricaine.\n<\/p>\n<p>\n L&rsquo;indice Dow Jones a gagn\u00e9 0,09%, ou 43,21 points, \u00e0 46.441,10 points.0,34%     Le Standard &amp; Poor&rsquo;s 500, plus large, a pris 22,74 points, soit \u00e0 6.711,20 points.    Le Nasdaq Composite a avanc\u00e9 de son c\u00f4t\u00e9 de 95,15 points, soit 0,42% \u00e0 22.755,157 points.\n<\/p>\n<p>\n L&rsquo;enqu\u00eate mensuelle du cabinet ADP a montr\u00e9 que le secteur priv\u00e9 aux Etats-Unis avait, contre toute attente, d\u00e9truit 32.000 postes en septembre, tandis que le chiffre du mois d&rsquo;ao\u00fbt a \u00e9t\u00e9 r\u00e9vis\u00e9 pour afficher -3.000, contre +54.000 initialement estim\u00e9.\n<\/p>\n<p>\n Cette statistique confirme les craintes d&rsquo;un ralentissement du march\u00e9 du travail alors que la publication vendredi de l&rsquo;indicateur mensuel du d\u00e9partement du Travail sur les cr\u00e9ations d&#8217;emplois, le taux de ch\u00f4mage et l&rsquo;\u00e9volution des salaires sont d\u00e9sormais menac\u00e9s par une \u00e9ventuelle prolongation du \u00ab\u00a0shutdown\u00a0\u00bb.\n<\/p>\n<p>\n Alors que Wall Street avait ouvert en baisse, les march\u00e9s sont revenus dans le vert en cours de s\u00e9ance, le compartiment de la sant\u00e9, port\u00e9 par les laboratoires pharmaceutiques, est celui des onze secteurs majeurs du S&amp;P-500 qui a le plus progress\u00e9.\n<\/p>\n<p>\n \u00ab\u00a0La journ\u00e9e d&rsquo;hier a \u00e9t\u00e9 un catalyseur pour le secteur de la sant\u00e9\u00a0\u00bb, a d\u00e9clar\u00e9 Lara Castleton, responsable de la construction et de la strat\u00e9gie de portefeuille pour les Etats-Unis chez Janus Henderson Investors.\n<\/p>\n<p>\n Les entreprises du secteur pharmaceutique ont progress\u00e9 apr\u00e8s l&rsquo;annonce mardi du pr\u00e9sident am\u00e9ricain Donald Trump d&rsquo;un accord avec Pfizer sur la baisse des prix de tous ses m\u00e9dicaments vendus dans le cadre du programme d&rsquo;assurance maladie \u00ab\u00a0Medicaid\u00a0\u00bb aux Etats-Unis.\n<\/p>\n<p>\n Le secteur de la technologie a \u00e9galement progress\u00e9.\n<\/p>\n<p>\n Aux valeurs, AESa bondi apr\u00e8s que le Financial Times a rapport\u00e9 mardi que Global Infrastructure Partners, d\u00e9tenu par BlackRock, \u00e9tait sur le point de conclure un accord de 38 milliards de dollars pour acqu\u00e9rir le fournisseur de services publics.\n<\/p>\n<p>\n Corteva a baiss\u00e9 apr\u00e8s avoir annonc\u00e9 mercredi qu&rsquo;elle allait scinder ses activit\u00e9s semences et pesticides en deux soci\u00e9t\u00e9s distinctes cot\u00e9es en Bourse.\n<\/p>\n<p>\n Pour d&rsquo;autres informations, veuillez cliquer sur les codes       suivants:                                          NYSE Nasdaq     R\u00e9sum\u00e9 synth\u00e9tique du march\u00e9&#8230;&#8230;&#8230;..      25 plus forts volumes&#8230;&#8230;&#8230;&#8230;&#8230;&#8230;      Plus fortes hausses en %&#8230;&#8230;&#8230;&#8230;&#8230;      Plus fortes baisses en %&#8230;&#8230;&#8230;&#8230;&#8230;      Guide des indices boursiers am\u00e9ricains&#8230;.     Statistiques du march\u00e9&#8230;&#8230;&#8230;&#8230;&#8230;&#8230;&#8230;.     Emprunt de r\u00e9f\u00e9rence \u00e0 10 ans &#8230;&#8230;&#8230;&#8230;..     Guide des indices sectoriels am\u00e9ricains&#8230;     Guide des march\u00e9s actions am\u00e9ricains&#8230;&#8230;     Indices Dow Jones&#8230;&#8230;&#8230;&#8230;&#8230;&#8230;&#8230;&#8230;..     Indices S&amp;P&#8230;&#8230;&#8230;&#8230;&#8230;..     Valeurs ex-dividende&#8230;&#8230;&#8230;&#8230;&#8230;&#8230;&#8230;&#8230;&#8230;     Pr\u00e9visions pour le Dow Jones et le S&amp;P ..\n<\/p>\n<p>\n (Avec Stephen Culp et Sukriti Gupta ; version fran\u00e7aise Camille Raynaud)<\/p>\n","protected":false},"excerpt":{"rendered":"Wall Street termine en hausse malgr\u00e9 le rapport ADP et le \u00ab\u00a0shutdown\u00a0\u00bb par Sin\u00e9ad Carew et Niket Nishant&hellip;\n","protected":false},"author":2,"featured_media":432729,"comment_status":"","ping_status":"","sticky":false,"template":"","format":"standard","meta":{"footnotes":""},"categories":[6],"tags":[400,398,408,35,405,33,34,1011,27,403,402,399,404,401,406,407],"class_list":{"0":"post-432728","1":"post","2":"type-post","3":"status-publish","4":"format-standard","5":"has-post-thumbnail","7":"category-economie","8":"tag-action-cac-40","9":"tag-bourse-de-paris","10":"tag-boursorama","11":"tag-business","12":"tag-cotations","13":"tag-economie","14":"tag-economy","15":"tag-fr","16":"tag-france","17":"tag-indices-devises","18":"tag-investir","19":"tag-investissement","20":"tag-marche-boursier","21":"tag-sicav","22":"tag-trackers","23":"tag-warrants"},"share_on_mastodon":{"url":"https:\/\/pubeurope.com\/@fr\/115302547319998003","error":""},"_links":{"self":[{"href":"https:\/\/www.europesays.com\/fr\/wp-json\/wp\/v2\/posts\/432728","targetHints":{"allow":["GET"]}}],"collection":[{"href":"https:\/\/www.europesays.com\/fr\/wp-json\/wp\/v2\/posts"}],"about":[{"href":"https:\/\/www.europesays.com\/fr\/wp-json\/wp\/v2\/types\/post"}],"author":[{"embeddable":true,"href":"https:\/\/www.europesays.com\/fr\/wp-json\/wp\/v2\/users\/2"}],"replies":[{"embeddable":true,"href":"https:\/\/www.europesays.com\/fr\/wp-json\/wp\/v2\/comments?post=432728"}],"version-history":[{"count":0,"href":"https:\/\/www.europesays.com\/fr\/wp-json\/wp\/v2\/posts\/432728\/revisions"}],"wp:featuredmedia":[{"embeddable":true,"href":"https:\/\/www.europesays.com\/fr\/wp-json\/wp\/v2\/media\/432729"}],"wp:attachment":[{"href":"https:\/\/www.europesays.com\/fr\/wp-json\/wp\/v2\/media?parent=432728"}],"wp:term":[{"taxonomy":"category","embeddable":true,"href":"https:\/\/www.europesays.com\/fr\/wp-json\/wp\/v2\/categories?post=432728"},{"taxonomy":"post_tag","embeddable":true,"href":"https:\/\/www.europesays.com\/fr\/wp-json\/wp\/v2\/tags?post=432728"}],"curies":[{"name":"wp","href":"https:\/\/api.w.org\/{rel}","templated":true}]}}