{"id":432730,"date":"2025-10-02T03:53:11","date_gmt":"2025-10-02T03:53:11","guid":{"rendered":"https:\/\/www.europesays.com\/fr\/432730\/"},"modified":"2025-10-02T03:53:11","modified_gmt":"2025-10-02T03:53:11","slug":"deux-morts-dans-une-tentative-de-prise-dassaut-dun-poste-de-gendarmerie","status":"publish","type":"post","link":"https:\/\/www.europesays.com\/fr\/432730\/","title":{"rendered":"deux morts dans une tentative de \u00abprise d\u2019assaut\u00bb d\u2019un poste de gendarmerie"},"content":{"rendered":"<p>Les faits se sont produits dans un contexte de violences \u00e0 travers le pays, o\u00f9 se d\u00e9roulent par ailleurs des protestations pacifiques pour de meilleurs syst\u00e8mes \u00e9ducatif et de sant\u00e9.<\/p>\n<p class=\"fig-paragraph\">Au\u00a0<a href=\"https:\/\/www.lefigaro.fr\/tag\/maroc\" target=\"_blank\" rel=\"sponsored noopener\" data-gtm-custom-categorie=\"navigation\" data-gtm-custom-action=\"crossclick\" data-gtm-custom-label=\"Contextuel\" data-gtm-event=\"customEventSPE\">Maroc<\/a>, deux personnes ont \u00e9t\u00e9 abattues mercredi soir par des gendarmes au Maroc alors qu\u2019elles tentaient \u00abde prendre d\u2019assaut\u00bb une brigade, au deuxi\u00e8me jour de violences en marge d\u2019un\u00a0<a href=\"http:\/\/www.lefigaro.fr\/international\/maroc-nouvelles-interpellations-lors-de-manifestations-pour-le-deuxieme-jour-consecutif-20250928\" target=\"_blank\" data-fig-type=\"NewsFlash\" rel=\"noopener\" data-gtm-custom-categorie=\"navigation\" data-gtm-custom-action=\"crossclick\" data-gtm-custom-label=\"Contextuel\" data-gtm-event=\"customEventSPE\" data-fig-domain=\"LEFIGARO\">mouvement pacifique pour de meilleurs syst\u00e8mes \u00e9ducatif et de sant\u00e9<\/a>.<\/p>\n<p class=\"fig-paragraph\">Il s\u2019agit de l\u2019incident le plus grave depuis le d\u00e9but des protestations impuls\u00e9es samedi par un collectif de jeunes baptis\u00e9e GenZ 212, dont les initiateurs sont inconnus. Pour la premi\u00e8re fois, les manifestations ont \u00e9t\u00e9 autoris\u00e9es. Elles ont rassembl\u00e9 des centaines de manifestants \u00e0 Casablanca (ouest), Tanger ou T\u00e9touan (nord), avec les slogans \u00abLe peuple veut la chute de la corruption\u00bb et \u00abLibert\u00e9, dignit\u00e9 et justice sociale\u00bb. Les protestataires \u00e0 Casablanca ont \u00e9galement demand\u00e9 le \u00abd\u00e9part\u00bb du chef du gouvernement Aziz Akhannouch, ont constat\u00e9 des journalistes de l\u2019AFP.<\/p>\n<p>                                    <a class=\"fig-a11y-skip a11y-hidden\" href=\"#fig-a11y-skip-main-inarticle\"><br \/>\n        Passer la publicit\u00e9<br \/>\n    <\/a><\/p>\n<p class=\"fig-paragraph\">Mais pour la deuxi\u00e8me soir\u00e9e cons\u00e9cutive, des violences ont par ailleurs frapp\u00e9 le pays. \u00c0 Lqlia\u00e2, pr\u00e8s d\u2019Agadir (sud), les gendarmes \u00abont \u00e9t\u00e9 contraints de faire usage de leurs armes de service, dans le cadre de la l\u00e9gitime d\u00e9fense, pour repousser une attaque et une prise d\u2019assaut men\u00e9es par des groupes d\u2019individus\u00bb, ont indiqu\u00e9 les autorit\u00e9s locales cit\u00e9es par l\u2019agence MAP.<\/p>\n<p>Actes de vandalisme<\/p>\n<p class=\"fig-paragraph\">Deux personnes ont trouv\u00e9 la mort et d\u2019autres ont \u00e9t\u00e9 bless\u00e9es, a ajout\u00e9 cette source. Munis d\u2019armes blanches, les assaillants avaient mis le feu \u00e0 un v\u00e9hicule et \u00e0 une partie du b\u00e2timent avant de prendre d\u2019assaut la brigade dans une \u00abtentative de vol de munitions, de mat\u00e9riels et d\u2019armes de service\u00bb, a-t-il \u00e9t\u00e9 ajout\u00e9.<\/p>\n<p class=\"fig-paragraph\">\u00c0 Sal\u00e9, ville voisine de la capitale Rabat, des personnes cagoul\u00e9es ont par ailleurs incendi\u00e9 deux voitures de police et une agence bancaire sans scander de slogans, a constat\u00e9 un journaliste de l\u2019AFP. Des personnes ont \u00e9galement incendi\u00e9 des bureaux au si\u00e8ge de la commune rurale de Sidi Bibi, pr\u00e8s d\u2019Agadir dans le sud, d\u2019apr\u00e8s des m\u00e9dias locaux.<\/p>\n<p class=\"fig-paragraph\">Des actes de vandalisme ont aussi \u00e9t\u00e9 commis dans des petites villes comme Kel\u00e2at M\u2019Gouna (sud) qui ne faisaient pas partie des localit\u00e9s de manifestations d\u00e9sign\u00e9es par le collectif GenZ 212, selon les m\u00eames sources.<\/p>\n<p>400 interpellations<\/p>\n<p class=\"fig-paragraph\">Mardi soir, des manifestations non autoris\u00e9es avaient d\u00e9j\u00e0 donn\u00e9 lieu \u00e0 des heurts avec les forces de l\u2019ordre dans des villes comme Oujda (est) et Inzegane, en banlieue d\u2019Agadir (sud).<\/p>\n<p>                                    <a class=\"fig-a11y-skip a11y-hidden\" href=\"#fig-a11y-skip-main-inarticle_mtf\"><br \/>\n        Passer la publicit\u00e9<br \/>\n    <\/a><\/p>\n<p class=\"fig-paragraph\">Suite \u00e0 ces violences, qui ont fait pr\u00e8s de 300 bless\u00e9s, en majorit\u00e9 dans les rangs des forces de l\u2019ordre, plus de 400 personnes ont \u00e9t\u00e9 interpell\u00e9es, a indiqu\u00e9 Rachid El Khalfi, porte-parole du minist\u00e8re de l\u2019Int\u00e9rieur. Lequel a pr\u00e9cis\u00e9 que plus de 140 v\u00e9hicules de la police et 20 voitures de particuliers avaient \u00e9t\u00e9 incendi\u00e9s et que les manifestants ont \u00e9galement pris d\u2019assaut des administrations, des agences bancaires et commerces, notamment \u00e0 Inzegane et Oujda.<\/p>\n<p class=\"fig-paragraph\">\u00c0 Rabat, le parquet a d\u00e9cid\u00e9 mercredi qu\u2019un deuxi\u00e8me groupe de 97 personnes, dont trois ont \u00e9t\u00e9 plac\u00e9es en d\u00e9tention, allait \u00eatre jug\u00e9es, a d\u00e9clar\u00e9 \u00e0 l\u2019AFP leur avocate Souad Brahma, pr\u00e9cisant que la date de leur proc\u00e8s n\u2019a pas encore \u00e9t\u00e9 fix\u00e9e. Un premier groupe de 37 personnes, dont trois plac\u00e9es en d\u00e9tention, doit \u00eatre jug\u00e9 \u00e0 partir du 7 octobre, selon Me Brahma.<\/p>\n<p class=\"fig-paragraph\">Le groupement GenZ 212 est apparu r\u00e9cemment via des appels \u00e0 manifester sur des r\u00e9seaux sociaux comme Discord. Il se d\u00e9crit comme un \u00abespace de discussion\u00bb sur \u00abdes questions qui concernent tous les citoyens, comme la sant\u00e9, l\u2019\u00e9ducation et la lutte contre la corruption\u00bb, et affirme rejeter \u00abla violence\u00bb et agir par \u00abamour de la patrie et du roi\u00bb Mohammed VI.<\/p>\n<p class=\"fig-paragraph\">Au Maroc, les in\u00e9galit\u00e9s sociales restent un probl\u00e8me majeur avec de fortes disparit\u00e9s r\u00e9gionales et un foss\u00e9 entre les secteurs public et priv\u00e9.<\/p>\n","protected":false},"excerpt":{"rendered":"Les faits se sont produits dans un contexte de violences \u00e0 travers le pays, o\u00f9 se d\u00e9roulent par&hellip;\n","protected":false},"author":2,"featured_media":432731,"comment_status":"","ping_status":"","sticky":false,"template":"","format":"standard","meta":{"footnotes":""},"categories":[5],"tags":[11,1011,27,14,2223,12,28],"class_list":{"0":"post-432730","1":"post","2":"type-post","3":"status-publish","4":"format-standard","5":"has-post-thumbnail","7":"category-international","8":"tag-actualites","9":"tag-fr","10":"tag-france","11":"tag-international","12":"tag-maroc","13":"tag-news","14":"tag-world"},"share_on_mastodon":{"url":"https:\/\/pubeurope.com\/@fr\/115302551081481284","error":""},"_links":{"self":[{"href":"https:\/\/www.europesays.com\/fr\/wp-json\/wp\/v2\/posts\/432730","targetHints":{"allow":["GET"]}}],"collection":[{"href":"https:\/\/www.europesays.com\/fr\/wp-json\/wp\/v2\/posts"}],"about":[{"href":"https:\/\/www.europesays.com\/fr\/wp-json\/wp\/v2\/types\/post"}],"author":[{"embeddable":true,"href":"https:\/\/www.europesays.com\/fr\/wp-json\/wp\/v2\/users\/2"}],"replies":[{"embeddable":true,"href":"https:\/\/www.europesays.com\/fr\/wp-json\/wp\/v2\/comments?post=432730"}],"version-history":[{"count":0,"href":"https:\/\/www.europesays.com\/fr\/wp-json\/wp\/v2\/posts\/432730\/revisions"}],"wp:featuredmedia":[{"embeddable":true,"href":"https:\/\/www.europesays.com\/fr\/wp-json\/wp\/v2\/media\/432731"}],"wp:attachment":[{"href":"https:\/\/www.europesays.com\/fr\/wp-json\/wp\/v2\/media?parent=432730"}],"wp:term":[{"taxonomy":"category","embeddable":true,"href":"https:\/\/www.europesays.com\/fr\/wp-json\/wp\/v2\/categories?post=432730"},{"taxonomy":"post_tag","embeddable":true,"href":"https:\/\/www.europesays.com\/fr\/wp-json\/wp\/v2\/tags?post=432730"}],"curies":[{"name":"wp","href":"https:\/\/api.w.org\/{rel}","templated":true}]}}