{"id":432751,"date":"2025-10-02T04:04:17","date_gmt":"2025-10-02T04:04:17","guid":{"rendered":"https:\/\/www.europesays.com\/fr\/432751\/"},"modified":"2025-10-02T04:04:17","modified_gmt":"2025-10-02T04:04:17","slug":"greve-du-2-octobre-quelles-perturbations-a-prevoir-ce-jeudi-a-rouen-et-dieppe","status":"publish","type":"post","link":"https:\/\/www.europesays.com\/fr\/432751\/","title":{"rendered":"Gr\u00e8ve du 2\u00a0octobre. Quelles perturbations \u00e0 pr\u00e9voir ce jeudi \u00e0 Rouen et Dieppe\u00a0?"},"content":{"rendered":"<p melodystyle=\"texte\">Apr\u00e8s les mobilisations des <a href=\"https:\/\/www.tendanceouest.com\/actualite-431943-bloquons-tout-le-10-septembre-quelles-sont-les-perturbations-a-prevoir-sur-le-reseau-de-transport-rouennais\" target=\"_blank\" rel=\"nofollow noopener\">mercredis 10<\/a> et <a href=\"https:\/\/www.tendanceouest.com\/actualite-432199-greve-du-18-septembre-manifestations-perturbations-ce-qui-est-prevu-au-havre-et-dans-le-pays-de-caux\" target=\"_blank\" rel=\"nofollow noopener\">jeudi 18\u00a0septembre<\/a>, l&rsquo;intersyndicale\u00a0appelle \u00e0 une nouvelle journ\u00e9e de gr\u00e8ve jeudi 2\u00a0octobre. Des perturbations sont \u00e0 pr\u00e9voir \u00e0 Rouen et \u00e0 Dieppe except\u00e9 au niveau des transports en commun et du r\u00e9seau ferroviaire.<\/p>\n<p melodystyle=\"texte\">\u2022<b> A lire aussi.<\/b>\u00a0<a href=\"https:\/\/www.tendanceouest.com\/actualite-432190-mouvement-de-greve-quelles-perturbations-jeudi-18-septembre-a-rouen-et-dieppe\" target=\"_blank\" rel=\"nofollow noopener\">Mouvement de gr\u00e8ve. Quelles perturbations jeudi 18\u00a0septembre \u00e0 Rouen et Dieppe\u00a0?<\/a><\/p>\n<p>Des perturbations dans les \u00e9coles rouennaises et dieppoises<\/p>\n<p melodystyle=\"texte\">Des perturbations sont annonc\u00e9es au sein des \u00e9coles municipales et des services p\u00e9riscolaires. Du c\u00f4t\u00e9 des maternelles \u00e0 <a href=\"https:\/\/rouen.fr\/breve\/2025\/09\/perturbations-dans-ecoles-municipales-jeudi-2-octobre-2025\" target=\"_blank\" rel=\"nofollow noopener\">Rouen<\/a>, 13 \u00e9tablissements sont concern\u00e9s et \u00e0 <a href=\"https:\/\/www.facebook.com\/photo\/?fbid=1105821701703636&amp;set=pcb.1105821871703619&amp;locale=fr_FR\" target=\"_blank\" rel=\"nofollow noopener\">Dieppe<\/a>, ils sont 9. Au niveau des \u00e9coles \u00e9l\u00e9mentaires, 14 sont aussi perturb\u00e9es et elles sont 9 \u00e0 Dieppe. A noter \u00e9galement que la cr\u00e8che dieppoise Le Toboggan sera ferm\u00e9e.<\/p>\n<p>Prudence sur les routes<\/p>\n<p melodystyle=\"texte\">Soyez vigilants sur les routes. Les syndicats\u00a0comptent\u00a0se r\u00e9unir \u00e0 Rouen au niveau du cours Clemenceau, d\u00e8s 10h. A Dieppe, ce sera \u00e0 10h30, place Pierre-Semard, \u00e0 hauteur de la gare. Des perturbations sont donc \u00e0 pr\u00e9voir.<\/p>\n","protected":false},"excerpt":{"rendered":"Apr\u00e8s les mobilisations des mercredis 10 et jeudi 18\u00a0septembre, l&rsquo;intersyndicale\u00a0appelle \u00e0 une nouvelle journ\u00e9e de gr\u00e8ve jeudi 2\u00a0octobre.&hellip;\n","protected":false},"author":2,"featured_media":432752,"comment_status":"","ping_status":"","sticky":false,"template":"","format":"standard","meta":{"footnotes":""},"categories":[9587],"tags":[1111,11,1777,674,1011,27,12,5161,25,9590],"class_list":{"0":"post-432751","1":"post","2":"type-post","3":"status-publish","4":"format-standard","5":"has-post-thumbnail","7":"category-rouen","8":"tag-actu","9":"tag-actualites","10":"tag-eu","11":"tag-europe","12":"tag-fr","13":"tag-france","14":"tag-news","15":"tag-normandie","16":"tag-republique-francaise","17":"tag-rouen"},"share_on_mastodon":{"url":"https:\/\/pubeurope.com\/@fr\/115302594268500411","error":""},"_links":{"self":[{"href":"https:\/\/www.europesays.com\/fr\/wp-json\/wp\/v2\/posts\/432751","targetHints":{"allow":["GET"]}}],"collection":[{"href":"https:\/\/www.europesays.com\/fr\/wp-json\/wp\/v2\/posts"}],"about":[{"href":"https:\/\/www.europesays.com\/fr\/wp-json\/wp\/v2\/types\/post"}],"author":[{"embeddable":true,"href":"https:\/\/www.europesays.com\/fr\/wp-json\/wp\/v2\/users\/2"}],"replies":[{"embeddable":true,"href":"https:\/\/www.europesays.com\/fr\/wp-json\/wp\/v2\/comments?post=432751"}],"version-history":[{"count":0,"href":"https:\/\/www.europesays.com\/fr\/wp-json\/wp\/v2\/posts\/432751\/revisions"}],"wp:featuredmedia":[{"embeddable":true,"href":"https:\/\/www.europesays.com\/fr\/wp-json\/wp\/v2\/media\/432752"}],"wp:attachment":[{"href":"https:\/\/www.europesays.com\/fr\/wp-json\/wp\/v2\/media?parent=432751"}],"wp:term":[{"taxonomy":"category","embeddable":true,"href":"https:\/\/www.europesays.com\/fr\/wp-json\/wp\/v2\/categories?post=432751"},{"taxonomy":"post_tag","embeddable":true,"href":"https:\/\/www.europesays.com\/fr\/wp-json\/wp\/v2\/tags?post=432751"}],"curies":[{"name":"wp","href":"https:\/\/api.w.org\/{rel}","templated":true}]}}