{"id":432753,"date":"2025-10-02T04:05:14","date_gmt":"2025-10-02T04:05:14","guid":{"rendered":"https:\/\/www.europesays.com\/fr\/432753\/"},"modified":"2025-10-02T04:05:14","modified_gmt":"2025-10-02T04:05:14","slug":"une-canalisation-endommagee-par-un-engin-de-chantier","status":"publish","type":"post","link":"https:\/\/www.europesays.com\/fr\/432753\/","title":{"rendered":"une canalisation endommag\u00e9e par un engin de chantier"},"content":{"rendered":"<p melodystyle=\"texte\">Mercredi 1er\u00a0octobre, \u00e0 15h40, les sapeurs-pompiers de Seine-Maritime ont \u00e9t\u00e9 appel\u00e9s pour une fuite de gaz <a href=\"https:\/\/www.google.com\/maps\/place\/Rue+des+Hallettes,+76000+Rouen\/@49.445051,1.1198477,15.5z\/data=!4m6!3m5!1s0x47e0dc1f5d5859ed:0xd01e3f2f861ed01b!8m2!3d49.4450363!4d1.126358!16s%2Fg%2F1wz51_lx?entry=ttu&amp;g_ep=EgoyMDI1MDkyOC4wIKXMDSoASAFQAw%3D%3D\" target=\"_blank\" rel=\"nofollow noopener\">rue des Halettes<\/a>, \u00e0 Rouen. L&rsquo;alerte a imm\u00e9diatement d\u00e9clench\u00e9 une proc\u00e9dure Gaz renforc\u00e9e (proc\u00e9dure de coupure du r\u00e9seau de gaz).<\/p>\n<p melodystyle=\"texte\"><b>\u2022 A lire aussi.<\/b> <a href=\"https:\/\/www.lecourriercauchois.fr\/actualite-389920-bolbec-pourquoi-46-personnes-ont-ete-evacuees-en-urgence-de-l-institution-medico-sociale\" target=\"_blank\" rel=\"nofollow noopener\">Bolbec. Pourquoi 46 personnes ont \u00e9t\u00e9 \u00e9vacu\u00e9es en urgence de l&rsquo;Institution m\u00e9dico-sociale<\/a><\/p>\n<p>Une canalisation endommag\u00e9e<\/p>\n<p melodystyle=\"texte\">A\u00a0leur arriv\u00e9e, les secours ont constat\u00e9 qu&rsquo;une canalisation de gaz de 63mm, sous pression de 4 bars, avait \u00e9t\u00e9 endommag\u00e9e par un engin de chantier sur la voie publique. Treize sapeurs-pompiers et trois engins ont \u00e9t\u00e9 mobilis\u00e9s, aux c\u00f4t\u00e9s des \u00e9quipes de GRDF.<\/p>\n<p>S\u00e9curisation du p\u00e9rim\u00e8tre<\/p>\n<p melodystyle=\"texte\">Les pompiers ont \u00e9tabli un p\u00e9rim\u00e8tre de s\u00e9curit\u00e9 de 100 m\u00e8tres, ordonn\u00e9 le confinement des habitants \u00e0 proximit\u00e9 et mis en place une protection hydraulique. Aucun bless\u00e9 n&rsquo;\u00e9tait \u00e0 d\u00e9plorer.<\/p>\n<p melodystyle=\"texte\"><b>\u2022 A lire aussi.<\/b> <a href=\"https:\/\/www.lecourriercauchois.fr\/actualite-389726-info-trafic-la-d143-coupee-pres-de-duclair-apres-un-choc-entre-deux-poids-lourds\" target=\"_blank\" rel=\"nofollow noopener\">La D143 coup\u00e9e pr\u00e8s de Duclair apr\u00e8s un choc entre deux poids lourds<\/a><\/p>\n<p>Fuite ma\u00eetris\u00e9e<\/p>\n<p melodystyle=\"texte\">A\u00a017h, la fuite avait \u00e9t\u00e9 stopp\u00e9e par \u00e9crasement. GRDF proc\u00e9dait encore aux r\u00e9parations, un seul abonn\u00e9 \u00e9tant priv\u00e9 de gaz. L&rsquo;intervention des sapeurs-pompiers touchait \u00e0 sa fin, sans victime \u00e0 signaler.<\/p>\n","protected":false},"excerpt":{"rendered":"Mercredi 1er\u00a0octobre, \u00e0 15h40, les sapeurs-pompiers de Seine-Maritime ont \u00e9t\u00e9 appel\u00e9s pour une fuite de gaz rue des&hellip;\n","protected":false},"author":2,"featured_media":432754,"comment_status":"","ping_status":"","sticky":false,"template":"","format":"standard","meta":{"footnotes":""},"categories":[9587],"tags":[1111,11,1777,674,1011,27,12,5161,25,9590],"class_list":{"0":"post-432753","1":"post","2":"type-post","3":"status-publish","4":"format-standard","5":"has-post-thumbnail","7":"category-rouen","8":"tag-actu","9":"tag-actualites","10":"tag-eu","11":"tag-europe","12":"tag-fr","13":"tag-france","14":"tag-news","15":"tag-normandie","16":"tag-republique-francaise","17":"tag-rouen"},"share_on_mastodon":{"url":"https:\/\/pubeurope.com\/@fr\/115302598214620402","error":""},"_links":{"self":[{"href":"https:\/\/www.europesays.com\/fr\/wp-json\/wp\/v2\/posts\/432753","targetHints":{"allow":["GET"]}}],"collection":[{"href":"https:\/\/www.europesays.com\/fr\/wp-json\/wp\/v2\/posts"}],"about":[{"href":"https:\/\/www.europesays.com\/fr\/wp-json\/wp\/v2\/types\/post"}],"author":[{"embeddable":true,"href":"https:\/\/www.europesays.com\/fr\/wp-json\/wp\/v2\/users\/2"}],"replies":[{"embeddable":true,"href":"https:\/\/www.europesays.com\/fr\/wp-json\/wp\/v2\/comments?post=432753"}],"version-history":[{"count":0,"href":"https:\/\/www.europesays.com\/fr\/wp-json\/wp\/v2\/posts\/432753\/revisions"}],"wp:featuredmedia":[{"embeddable":true,"href":"https:\/\/www.europesays.com\/fr\/wp-json\/wp\/v2\/media\/432754"}],"wp:attachment":[{"href":"https:\/\/www.europesays.com\/fr\/wp-json\/wp\/v2\/media?parent=432753"}],"wp:term":[{"taxonomy":"category","embeddable":true,"href":"https:\/\/www.europesays.com\/fr\/wp-json\/wp\/v2\/categories?post=432753"},{"taxonomy":"post_tag","embeddable":true,"href":"https:\/\/www.europesays.com\/fr\/wp-json\/wp\/v2\/tags?post=432753"}],"curies":[{"name":"wp","href":"https:\/\/api.w.org\/{rel}","templated":true}]}}