{"id":432755,"date":"2025-10-02T04:06:36","date_gmt":"2025-10-02T04:06:36","guid":{"rendered":"https:\/\/www.europesays.com\/fr\/432755\/"},"modified":"2025-10-02T04:06:36","modified_gmt":"2025-10-02T04:06:36","slug":"echirolles-jean-marc-genereux-ce-samedi-a-la-salle-des-fetes-pour-deux-stages-de-danse","status":"publish","type":"post","link":"https:\/\/www.europesays.com\/fr\/432755\/","title":{"rendered":"\u00c9chirolles. Jean-Marc G\u00e9n\u00e9reux ce samedi \u00e0 la salle des f\u00eates pour deux stages de danse"},"content":{"rendered":"<p>Effectuer quelques pas de tango argentin ou danser un \u00e9nergique jive avec Jean-Marc G\u00e9n\u00e9reux\u00a0? \u00c7a, on ach\u00e8te\u00a0! Et ce sera possible ce samedi 4\u00a0octobre, puisque le danseur de salon et chor\u00e9graphe canadien, membre du jury de l\u2019\u00e9mission Danse avec les stars , animera deux stages de danse, tango et jive (45 minutes pour chaque discipline), dans la salle des f\u00eates d\u2019\u00c9chirolles. Un moment inoubliable pour les amoureux de la danse (et de l\u2019\u00e9mission t\u00e9l\u00e9vis\u00e9e), agr\u00e9ment\u00e9 de la pr\u00e9sence de Miss Is\u00e8re 2025, Margaux Bescond.<\/p>\n<p class=\"note\">Samedi 4\u00a0octobre, de 15\u00a0h \u00e0 17\u00a0h \u00e0 la salle des f\u00eates d\u2019\u00c9chirolles. 20\u00a0\u20ac \u00e9l\u00e8ves Id\u00e9ale Danse, 35\u00a0\u20ac ext\u00e9rieurs, 10\u00a0\u20ac spectateurs. Inscriptions sur <a href=\"https:\/\/www.helloasso.com\/associations\/ideale-danse\/evenements\/stage-avec-jean-marc-genereux\" title=\"www.helloasso.com\" target=\"_blank\" rel=\"noopener\">www.helloasso.com\/associations\/ideale-danse\/evenements\/stage-avec-jean-marc-genereux<\/a><\/p>\n","protected":false},"excerpt":{"rendered":"Effectuer quelques pas de tango argentin ou danser un \u00e9nergique jive avec Jean-Marc G\u00e9n\u00e9reux\u00a0? \u00c7a, on ach\u00e8te\u00a0! Et&hellip;\n","protected":false},"author":2,"featured_media":432756,"comment_status":"","ping_status":"","sticky":false,"template":"","format":"standard","meta":{"footnotes":""},"categories":[9566],"tags":[1111,11,2430,1687,9852,9853,112,1777,674,1011,27,2731,12,25],"class_list":{"0":"post-432755","1":"post","2":"type-post","3":"status-publish","4":"format-standard","5":"has-post-thumbnail","7":"category-grenoble","8":"tag-actu","9":"tag-actualites","10":"tag-auvergne-rhone-alpes","11":"tag-culture-loisirs","12":"tag-echirolles","13":"tag-echirolles-bassin","14":"tag-edition-grenoble-agglomeration","15":"tag-eu","16":"tag-europe","17":"tag-fr","18":"tag-france","19":"tag-grenoble","20":"tag-news","21":"tag-republique-francaise"},"share_on_mastodon":{"url":"https:\/\/pubeurope.com\/@fr\/115302602160806797","error":""},"_links":{"self":[{"href":"https:\/\/www.europesays.com\/fr\/wp-json\/wp\/v2\/posts\/432755","targetHints":{"allow":["GET"]}}],"collection":[{"href":"https:\/\/www.europesays.com\/fr\/wp-json\/wp\/v2\/posts"}],"about":[{"href":"https:\/\/www.europesays.com\/fr\/wp-json\/wp\/v2\/types\/post"}],"author":[{"embeddable":true,"href":"https:\/\/www.europesays.com\/fr\/wp-json\/wp\/v2\/users\/2"}],"replies":[{"embeddable":true,"href":"https:\/\/www.europesays.com\/fr\/wp-json\/wp\/v2\/comments?post=432755"}],"version-history":[{"count":0,"href":"https:\/\/www.europesays.com\/fr\/wp-json\/wp\/v2\/posts\/432755\/revisions"}],"wp:featuredmedia":[{"embeddable":true,"href":"https:\/\/www.europesays.com\/fr\/wp-json\/wp\/v2\/media\/432756"}],"wp:attachment":[{"href":"https:\/\/www.europesays.com\/fr\/wp-json\/wp\/v2\/media?parent=432755"}],"wp:term":[{"taxonomy":"category","embeddable":true,"href":"https:\/\/www.europesays.com\/fr\/wp-json\/wp\/v2\/categories?post=432755"},{"taxonomy":"post_tag","embeddable":true,"href":"https:\/\/www.europesays.com\/fr\/wp-json\/wp\/v2\/tags?post=432755"}],"curies":[{"name":"wp","href":"https:\/\/api.w.org\/{rel}","templated":true}]}}