{"id":432763,"date":"2025-10-02T04:12:18","date_gmt":"2025-10-02T04:12:18","guid":{"rendered":"https:\/\/www.europesays.com\/fr\/432763\/"},"modified":"2025-10-02T04:12:18","modified_gmt":"2025-10-02T04:12:18","slug":"a-strasbourg-la-communication-maladroite-des-verts-au-pouvoir","status":"publish","type":"post","link":"https:\/\/www.europesays.com\/fr\/432763\/","title":{"rendered":"\u00c0 Strasbourg, la communication maladroite des Verts au pouvoir"},"content":{"rendered":"<p>Est-ce une maladresse de plus, ou la derni\u00e8re \u00e9lucubration d&rsquo;une frange conservatrice de son opposition ? Dans sa toute r\u00e9cente campagne de promotion, \u00e0 l&rsquo;occasion de la journ\u00e9e internationale des personnes \u00e2g\u00e9es des Nations Unies (1er octobre), la mairie de <a href=\"https:\/\/latribune.fr\/regions\/grand-est\/a-strasbourg-le-tramway-met-les-ecologistes-sous-pression-1014633.html\" target=\"_blank\" rel=\"nofollow noopener\">Strasbourg<\/a> a affich\u00e9 le portrait de Nacera, 66 ans. Son sourire \u00e9clatant et le hijab, qu&rsquo;elle porte jaune vif, ont d\u00e9clench\u00e9 la foudre de commentateurs mal intentionn\u00e9s. La maire \u00e9cologiste Jeanne Barseghian a \u00e9t\u00e9 accus\u00e9e de \u00ab client\u00e9lisme \u00bb et de \u00ab polarisation \u00bb. <\/p>\n<p>\u00ab Des femmes comme Zohra ont gard\u00e9 nos enfants, nettoy\u00e9 nos \u00e9coles, accompagn\u00e9 nos a\u00een\u00e9s. Les afficher fi\u00e8rement en ville, ce n&rsquo;est pas faire pol\u00e9mique, c&rsquo;est rendre justice \u00bb, a d\u00e9fendu Syamak Agha Babaei, premier adjoint de Jeanne Barseghian, dans son \u00e9lan humaniste.<\/p>\n<p>\u00c9lue en 2020, on l&rsquo;a jug\u00e9e d&#8217;embl\u00e9e novice en politique, malgr\u00e9 six ann\u00e9es d&rsquo;engagement au conseil municipal. Jeanne Barseghian a pr\u00f4n\u00e9 une \u00e9cologie pragmatique et des am\u00e9nagements du quotidien, mais rat\u00e9 son projet l&rsquo;extension du tramway sur six kilom\u00e8tres vers la banlieue nord, rejet\u00e9 en d\u00e9cembre 2024 par la commission d&rsquo;enqu\u00eate.\u00a0<\/p>\n<p>En cinq ans, la mairie n&rsquo;a pas port\u00e9 d&rsquo;annonce d&rsquo;envergure dans le d\u00e9veloppement \u00e9conomique de Strasbourg. Au contraire : <a href=\"https:\/\/latribune.fr\/economie\/union-europeenne\/huawei-l-affaire-qui-ranime-les-scandales-de-corruption-en-europe-1020968.html\" target=\"_blank\" rel=\"nofollow noopener\">Huawei<\/a>, le g\u00e9ant chinois des t\u00e9l\u00e9coms, est all\u00e9 installer son usine de relais 5 G (500 emplois) \u00e0 Brumath, en lointaine banlieue. Adidas a annonc\u00e9 la fermeture de son si\u00e8ge social : 140 emplois rejoindront Paris. L&rsquo;ex-usine <a href=\"https:\/\/latribune.fr\/entreprises-finance\/industrie\/automobile\/droits-de-douane-en-pleine-guerre-commerciale-general-motors-abaisse-ses-previsions-2025-1023997.html\" target=\"_blank\" rel=\"nofollow noopener\">General Motors<\/a>, 1 200 emplois dans les ann\u00e9es 2010, est d\u00e9sormais moribonde et menac\u00e9e de fermeture.<\/p>\n<p>Candidate \u00e0 sa r\u00e9\u00e9lection aux municipales de 2026, Jeanne Barseghian ne part pas favorite. Un sondage Ifop rendu public le 12 septembre la place en difficult\u00e9 derri\u00e8re Catherine Trautmann (PS), l&rsquo;ancienne maire (1989 et 1995) qui ne cache plus ses envies de \u00ab comeback \u00bb, et le R\u00e9publicain Jean-Philippe Vetter.\u00a0<\/p>\n<p><img alt=\"Sondage Ifop pour les municipales \u00e0 Strasbourg.\" fetchpriority=\"auto\" loading=\"lazy\" decoding=\"async\" data-nimg=\"fill\" class=\"TwicCore_img__i9TC1\" style=\"position:absolute;height:100%;width:100%;left:0;top:0;right:0;bottom:0;color:transparent\"   src=\"https:\/\/www.europesays.com\/fr\/wp-content\/uploads\/2025\/10\/sondage-ifop-pour-les-municipales-a-strasbourg-1759337562_6483d2d85dd864883d2d85dd80c83dv_.jpg\"\/>Sondage Ifop pour les municipales \u00e0 Strasbourg. (Cr\u00e9dits : LTD\/DR)<\/p>\n<p>Derni\u00e8re maladresse en date : critiqu\u00e9e sur l&rsquo;accumulation des chantiers de voirie en cours, Jeanne Barseghian n&rsquo;a pas su retourner la communication en sa faveur. Malgr\u00e9 un point presse relat\u00e9 sans contradiction dans la presse locale, fin septembre. Jeanne Barseghian n&rsquo;a pas trouv\u00e9 les arguments face \u00e0 l&rsquo;opposition qui l&rsquo;accuse de \u00ab bunk\u00e9riser \u00bb la ville, et d&rsquo;en interdire l&rsquo;acc\u00e8s aux voitures. \u00ab Les chantiers structurants seront termin\u00e9s fin novembre \u00bb, a-t-elle pr\u00e9venu. Mais ces chantiers d&rsquo;envergure (r\u00e9seaux de chaleur, am\u00e9lioration du r\u00e9seau de pistes cyclables) ont mal \u00e9t\u00e9 expliqu\u00e9s aux Strasbourgeois.\u00a0<\/p>\n<p>Est-ce d\u00fb \u00e0 l&rsquo;absence d&rsquo;un \u00ab spin doctor \u00bb, qui aurait su mettre en coh\u00e9rence la communication et rattraper des menues maladresses ? La droite n&rsquo;a cess\u00e9 d&rsquo;alimenter des pol\u00e9miques sur la s\u00e9curit\u00e9, le commerce, la propret\u00e9. Les opposants se sont m\u00eame appropri\u00e9 le th\u00e8me du v\u00e9lo, cher aux Verts, en tournant en d\u00e9rision un am\u00e9nagement mal compris : dans le quartier de la Robertsau, les voitures doivent d\u00e9sormais se croiser sur une voie unique, tandis que les cyclistes disposent d&rsquo;un espace surdimensionn\u00e9, \u00e0 double sens. Les \u00e9cologistes ont encore six mois pour convaincre.<\/p>\n","protected":false},"excerpt":{"rendered":"Est-ce une maladresse de plus, ou la derni\u00e8re \u00e9lucubration d&rsquo;une frange conservatrice de son opposition ? Dans sa&hellip;\n","protected":false},"author":2,"featured_media":432764,"comment_status":"","ping_status":"","sticky":false,"template":"","format":"standard","meta":{"footnotes":""},"categories":[2820],"tags":[17,1111,11,536,154,1777,674,1011,27,775,3102,56063,12,27573,25,640,11001],"class_list":{"0":"post-432763","1":"post","2":"type-post","3":"status-publish","4":"format-standard","5":"has-post-thumbnail","7":"category-strasbourg","8":"tag-17","9":"tag-actu","10":"tag-actualites","11":"tag-communication","12":"tag-des","13":"tag-eu","14":"tag-europe","15":"tag-fr","16":"tag-france","17":"tag-grand-est","18":"tag-la-tribune-dimanche","19":"tag-maladroite","20":"tag-news","21":"tag-pouvoir","22":"tag-republique-francaise","23":"tag-strasbourg","24":"tag-verts"},"share_on_mastodon":{"url":"https:\/\/pubeurope.com\/@fr\/115302626225443841","error":""},"_links":{"self":[{"href":"https:\/\/www.europesays.com\/fr\/wp-json\/wp\/v2\/posts\/432763","targetHints":{"allow":["GET"]}}],"collection":[{"href":"https:\/\/www.europesays.com\/fr\/wp-json\/wp\/v2\/posts"}],"about":[{"href":"https:\/\/www.europesays.com\/fr\/wp-json\/wp\/v2\/types\/post"}],"author":[{"embeddable":true,"href":"https:\/\/www.europesays.com\/fr\/wp-json\/wp\/v2\/users\/2"}],"replies":[{"embeddable":true,"href":"https:\/\/www.europesays.com\/fr\/wp-json\/wp\/v2\/comments?post=432763"}],"version-history":[{"count":0,"href":"https:\/\/www.europesays.com\/fr\/wp-json\/wp\/v2\/posts\/432763\/revisions"}],"wp:featuredmedia":[{"embeddable":true,"href":"https:\/\/www.europesays.com\/fr\/wp-json\/wp\/v2\/media\/432764"}],"wp:attachment":[{"href":"https:\/\/www.europesays.com\/fr\/wp-json\/wp\/v2\/media?parent=432763"}],"wp:term":[{"taxonomy":"category","embeddable":true,"href":"https:\/\/www.europesays.com\/fr\/wp-json\/wp\/v2\/categories?post=432763"},{"taxonomy":"post_tag","embeddable":true,"href":"https:\/\/www.europesays.com\/fr\/wp-json\/wp\/v2\/tags?post=432763"}],"curies":[{"name":"wp","href":"https:\/\/api.w.org\/{rel}","templated":true}]}}