{"id":432769,"date":"2025-10-02T04:15:28","date_gmt":"2025-10-02T04:15:28","guid":{"rendered":"https:\/\/www.europesays.com\/fr\/432769\/"},"modified":"2025-10-02T04:15:28","modified_gmt":"2025-10-02T04:15:28","slug":"des-travaux-dentretien-pour-les-grues-titan-jaune-et-grise-patrimoine-nantais","status":"publish","type":"post","link":"https:\/\/www.europesays.com\/fr\/432769\/","title":{"rendered":"Des travaux d\u2019entretien pour les grues Titan jaune et grise, patrimoine nantais"},"content":{"rendered":"<p>Elles font partie du patrimoine de Nantes. Comme l\u2019embl\u00e9matique <a href=\"https:\/\/nantes.maville.com\/actu\/actudet_-reportage.-a-nantes-comment-le-lieu-unique-est-devenu-l-empreinte-de-la-ville-_8-4785550_actu.Htm\" target=\"_self\" rel=\"noopener\">usine LU<\/a>, <a href=\"https:\/\/nantes.maville.com\/actu\/actudet_-nantes.-la-ville-veut-donner-un-coup-de-neuf-a-la-manu_52716-3956791_actu.Htm\" target=\"_self\" rel=\"noopener\">la Manu<\/a> ou <a href=\"https:\/\/nantes.maville.com\/info\/info-locale\/manufacture-des-tabacs-une-reconversion-reussie-1352179\" target=\"_self\" rel=\"noopener\">les Batignolles, haut lieu de la m\u00e9moire ouvri\u00e8re nantaise<\/a>. <a href=\"https:\/\/nantes.maville.com\/actu\/actudet_-des-travaux-a-deux-millions-d-euros-pour-chacune-des-deux-grues-de-l-ile-de-nantes-_8-6564302_actu.Htm\" target=\"_self\" rel=\"noopener\">Les grues Titan, la jaune et la grise, sont indissociables de l\u2019histoire de Nantes, de son riche pass\u00e9 industriel.<\/a> Elles sont d\u2019ailleurs class\u00e9es au titre des monuments historiques, depuis 2005 pour la grue grise, depuis mai\u00a02024 pour la jaune. Nantes poss\u00e8de m\u00eame trois des cinq grues fran\u00e7aises prot\u00e9g\u00e9es au titre des monuments historiques, Nice et Brest poss\u00e9dant les deux autres.<\/p>\n<p>Mais les deux grandes dames d\u2019acier donnent des signes de fatigue ind\u00e9niables et ont m\u00eame provoqu\u00e9 quelques sueurs froides encore r\u00e9cemment, en octobre\u00a02023 notamment. Le 29\u00a0de ce mois-l\u00e0, en raison des forts coups de vent qui balayaient la ville, <a href=\"https:\/\/nantes.maville.com\/actu\/actudet_-apres-la-tempete-des-morceaux-de-la-grue-jaune-sur-l-ile-de-nantes-menacent-de-tomber-_52716-6020760_actu.Htm\" target=\"_self\" rel=\"noopener\">un morceau de m\u00e9tal de la grue jaune est tomb\u00e9 sur l\u2019espace public.<\/a> Personne n\u2019avait \u00e9t\u00e9 bless\u00e9, mais un p\u00e9rim\u00e8tre de s\u00e9curit\u00e9 avait \u00e9t\u00e9 imm\u00e9diatement mis en place par Nantes m\u00e9tropole.<\/p>\n<p>Des fragilit\u00e9s constat\u00e9es<\/p>\n<p>Quelques jours apr\u00e8s, les 8, 9 et 10\u00a0novembre, des cordistes de l\u2019entreprise Altitude 44\u00a0avaient inspect\u00e9 la grue pour v\u00e9rifier son \u00e9tat, notamment les parties corrod\u00e9es. Dans la foul\u00e9e de cette intervention, un diagnostic plus complet avait \u00e9t\u00e9 r\u00e9alis\u00e9 sur les deux monstres d\u2019acier pour d\u00e9terminer la nature des op\u00e9rations de restauration \u00e0 effectuer. Verdict\u00a0? Des fragilit\u00e9s existent bel et bien, sur plusieurs parties des grues, en particulier les fl\u00e8ches et les chemins d\u2019acc\u00e8s.<\/p>\n<p>D\u00e8s cet automne, un nouveau cycle d\u2019entretien, d\u2019une dur\u00e9e de deux mois, va d\u00e9marrer, sur les grues grise et jaune, mais aussi <a href=\"https:\/\/nantes.maville.com\/actu\/actudet_-reportage.-la-grue-noire-symbole-portuaire-du-bas-chantenay-a-nantes-revient-apres-un-lifting-xxl-_8-5874538_actu.Htm\" target=\"_self\" rel=\"noopener\">la noire, dont la restauration est termin\u00e9e depuis 2023.<\/a> Un p\u00e9rim\u00e8tre de s\u00e9curit\u00e9 sera dress\u00e9 autour des grues. Les travaux s\u2019\u00e9l\u00e8vent \u00e0 plus de 110\u00a0000\u00a0\u20ac et sont accompagn\u00e9s par la Drac.<\/p>\n<p>\u00a0<\/p>\n","protected":false},"excerpt":{"rendered":"Elles font partie du patrimoine de Nantes. Comme l\u2019embl\u00e9matique usine LU, la Manu ou les Batignolles, haut lieu&hellip;\n","protected":false},"author":2,"featured_media":432770,"comment_status":"","ping_status":"","sticky":false,"template":"","format":"standard","meta":{"footnotes":""},"categories":[2818],"tags":[1111,11,2956,1777,674,1011,27,56066,56064,10998,4715,766,12,2551,2636,25,56065,2086],"class_list":{"0":"post-432769","1":"post","2":"type-post","3":"status-publish","4":"format-standard","5":"has-post-thumbnail","7":"category-nantes","8":"tag-actu","9":"tag-actualites","10":"tag-entretien","11":"tag-eu","12":"tag-europe","13":"tag-fr","14":"tag-france","15":"tag-grise","16":"tag-grues","17":"tag-jaune","18":"tag-nantais","19":"tag-nantes","20":"tag-news","21":"tag-patrimoine","22":"tag-pays-de-la-loire","23":"tag-republique-francaise","24":"tag-titan","25":"tag-travaux"},"share_on_mastodon":{"url":"https:\/\/pubeurope.com\/@fr\/115302637407659420","error":""},"_links":{"self":[{"href":"https:\/\/www.europesays.com\/fr\/wp-json\/wp\/v2\/posts\/432769","targetHints":{"allow":["GET"]}}],"collection":[{"href":"https:\/\/www.europesays.com\/fr\/wp-json\/wp\/v2\/posts"}],"about":[{"href":"https:\/\/www.europesays.com\/fr\/wp-json\/wp\/v2\/types\/post"}],"author":[{"embeddable":true,"href":"https:\/\/www.europesays.com\/fr\/wp-json\/wp\/v2\/users\/2"}],"replies":[{"embeddable":true,"href":"https:\/\/www.europesays.com\/fr\/wp-json\/wp\/v2\/comments?post=432769"}],"version-history":[{"count":0,"href":"https:\/\/www.europesays.com\/fr\/wp-json\/wp\/v2\/posts\/432769\/revisions"}],"wp:featuredmedia":[{"embeddable":true,"href":"https:\/\/www.europesays.com\/fr\/wp-json\/wp\/v2\/media\/432770"}],"wp:attachment":[{"href":"https:\/\/www.europesays.com\/fr\/wp-json\/wp\/v2\/media?parent=432769"}],"wp:term":[{"taxonomy":"category","embeddable":true,"href":"https:\/\/www.europesays.com\/fr\/wp-json\/wp\/v2\/categories?post=432769"},{"taxonomy":"post_tag","embeddable":true,"href":"https:\/\/www.europesays.com\/fr\/wp-json\/wp\/v2\/tags?post=432769"}],"curies":[{"name":"wp","href":"https:\/\/api.w.org\/{rel}","templated":true}]}}