{"id":432775,"date":"2025-10-02T04:18:11","date_gmt":"2025-10-02T04:18:11","guid":{"rendered":"https:\/\/www.europesays.com\/fr\/432775\/"},"modified":"2025-10-02T04:18:11","modified_gmt":"2025-10-02T04:18:11","slug":"la-meteo-a-bordeaux-du-jeudi-2-octobre-2025","status":"publish","type":"post","link":"https:\/\/www.europesays.com\/fr\/432775\/","title":{"rendered":"La m\u00e9t\u00e9o \u00e0 Bordeaux du jeudi 2 octobre 2025"},"content":{"rendered":"<p><strong>Pr\u00e9visions M\u00e9t\u00e9o \u00e0 Bordeaux demain<\/strong><\/p>\n<p>Le pourcentage d&rsquo;hygrom\u00e9trie augmentera demain sur la ville, avec le passage de pr\u00e9cipitations \u00e9parses. Le climat avoisinera les 19\u00b0C. Un vent bienveillant limit\u00e9 \u00e0 11 km\/h soufflera. Dans la matin\u00e9e, le champ nuageux laissera de temps en temps de la place au beau temps. La temp\u00e9rature ext\u00e9rieure \u00e9galera les 19\u00b0C. Demain apr\u00e8s-midi, quelques pluies sporadiques feront leur arriv\u00e9e. Les temp\u00e9ratures seront de 21\u00b0C, soit au-dessus des normales de saison. Demain soir, le thermom\u00e8tre atteindra 18\u00b0C environ.<\/p>\n<p><strong>M\u00e9t\u00e9o \u00e0 Bordeaux pour les prochains jours<\/strong><\/p>\n","protected":false},"excerpt":{"rendered":"Pr\u00e9visions M\u00e9t\u00e9o \u00e0 Bordeaux demain Le pourcentage d&rsquo;hygrom\u00e9trie augmentera demain sur la ville, avec le passage de pr\u00e9cipitations&hellip;\n","protected":false},"author":2,"featured_media":432776,"comment_status":"","ping_status":"","sticky":false,"template":"","format":"standard","meta":{"footnotes":""},"categories":[2817],"tags":[1111,11,1997,1777,674,1011,27,12,2219,25],"class_list":{"0":"post-432775","1":"post","2":"type-post","3":"status-publish","4":"format-standard","5":"has-post-thumbnail","7":"category-bordeaux","8":"tag-actu","9":"tag-actualites","10":"tag-bordeaux","11":"tag-eu","12":"tag-europe","13":"tag-fr","14":"tag-france","15":"tag-news","16":"tag-nouvelle-aquitaine","17":"tag-republique-francaise"},"share_on_mastodon":{"url":"https:\/\/pubeurope.com\/@fr\/115302649268356285","error":""},"_links":{"self":[{"href":"https:\/\/www.europesays.com\/fr\/wp-json\/wp\/v2\/posts\/432775","targetHints":{"allow":["GET"]}}],"collection":[{"href":"https:\/\/www.europesays.com\/fr\/wp-json\/wp\/v2\/posts"}],"about":[{"href":"https:\/\/www.europesays.com\/fr\/wp-json\/wp\/v2\/types\/post"}],"author":[{"embeddable":true,"href":"https:\/\/www.europesays.com\/fr\/wp-json\/wp\/v2\/users\/2"}],"replies":[{"embeddable":true,"href":"https:\/\/www.europesays.com\/fr\/wp-json\/wp\/v2\/comments?post=432775"}],"version-history":[{"count":0,"href":"https:\/\/www.europesays.com\/fr\/wp-json\/wp\/v2\/posts\/432775\/revisions"}],"wp:featuredmedia":[{"embeddable":true,"href":"https:\/\/www.europesays.com\/fr\/wp-json\/wp\/v2\/media\/432776"}],"wp:attachment":[{"href":"https:\/\/www.europesays.com\/fr\/wp-json\/wp\/v2\/media?parent=432775"}],"wp:term":[{"taxonomy":"category","embeddable":true,"href":"https:\/\/www.europesays.com\/fr\/wp-json\/wp\/v2\/categories?post=432775"},{"taxonomy":"post_tag","embeddable":true,"href":"https:\/\/www.europesays.com\/fr\/wp-json\/wp\/v2\/tags?post=432775"}],"curies":[{"name":"wp","href":"https:\/\/api.w.org\/{rel}","templated":true}]}}