{"id":432786,"date":"2025-10-02T04:25:11","date_gmt":"2025-10-02T04:25:11","guid":{"rendered":"https:\/\/www.europesays.com\/fr\/432786\/"},"modified":"2025-10-02T04:25:11","modified_gmt":"2025-10-02T04:25:11","slug":"le-depistage-du-cancer-du-sein-en-net-recul-dans-le-rhone","status":"publish","type":"post","link":"https:\/\/www.europesays.com\/fr\/432786\/","title":{"rendered":"le d\u00e9pistage du cancer du sein en net recul dans le Rh\u00f4ne"},"content":{"rendered":"<p>La campagne Octobre Rose est l\u2019occasion de faire le point chaque ann\u00e9e sur le d\u00e9pistage organis\u00e9 du cancer du sein chez les femmes \u00e2g\u00e9es de 50 \u00e0 74 ans.\u00a0En Auvergne Rh\u00f4ne-Alpes, le taux de d\u00e9pistage du cancer du sein est stable, pass\u00e9 de 51,6\u00a0% en 2022-2023 \u00e0 51,7\u00a0% en 2023-2024 mais cette moyenne cache des disparit\u00e9s entre les d\u00e9partements o\u00f9 ce taux augmente et ceux o\u00f9 il diminue.<\/p>\n<p>C\u2019est en particulier le cas du d\u00e9partement du Rh\u00f4ne qui enregistre la plus grande baisse (-1,9 point) pour atteindre un taux de participation de seulement 48,5\u00a0% soit le 2e\u00a0 taux le plus bas au niveau r\u00e9gional derri\u00e8re l\u2019Ard\u00e8che alors que l\u2019objectif est d\u2019atteindre 70\u00a0%\u00a0! Jusque-l\u00e0, le Rh\u00f4ne <a href=\"https:\/\/www.auvergne-rhone-alpes.ars.sante.fr\/octobre-rose-un-mois-pour-sensibiliser-limportance-du-depistage-du-cancer-du-sein\" target=\"_blank\" rel=\"nofollow noopener\">se situait autour des 50\u00a0%,<\/a> passant tout juste cette barre l\u2019an pass\u00e9.<\/p>\n<p>  Comment trouver le centre le plus proche de chez soi\u00a0?<\/p>\n<p>Pour promouvoir le d\u00e9pistage, le centre de coordination ARA a mis en place une carte interactive pour trouver le centre de radiologie le plus proche de chez soi pour r\u00e9aliser une mammographie\u00a0: <a href=\"https:\/\/www.depistagecanceraura.fr\/rendez-vous-mammographie\/\" target=\"_blank\" rel=\"nofollow noopener\">www.depistagecanceraura.fr\/rendez-vous-mammographie<\/a><\/p>\n<p>Des manifestations sont organis\u00e9es tout au long du mois d\u2019octobre parmi lesquelles un stand d\u2019information de France Travail (2\u00a0octobre) et la CPAM \u00e0 la Part-Dieu, un forum des cancers \u00e0 D\u00e9cines (9\u00a0octobre), une marche \u00e0 Rillieux-la-Pape (10\u00a0octobre), des spectacles \u00e0 Lyon 8e\u00a0 et Mornant\u2026<\/p>\n<p class=\"note\">Programme complet sur <a href=\"https:\/\/www.auvergne-rhone-alpes.ars.sante.fr\/octobre-rose-un-mois-pour-sensibiliser-limportance-du-depistage-du-cancer-du-sein\" target=\"_blank\" rel=\"nofollow noopener\">www.auvergne-rhone-alpes.sante.ars.fr<\/a><\/p>\n","protected":false},"excerpt":{"rendered":"La campagne Octobre Rose est l\u2019occasion de faire le point chaque ann\u00e9e sur le d\u00e9pistage organis\u00e9 du cancer&hellip;\n","protected":false},"author":2,"featured_media":432787,"comment_status":"","ping_status":"","sticky":false,"template":"","format":"standard","meta":{"footnotes":""},"categories":[1889],"tags":[1111,11,2430,2757,1777,674,107,1011,27,2428,2756,12,25,2429,71],"class_list":{"0":"post-432786","1":"post","2":"type-post","3":"status-publish","4":"format-standard","5":"has-post-thumbnail","7":"category-lyon","8":"tag-actu","9":"tag-actualites","10":"tag-auvergne-rhone-alpes","11":"tag-edition-lyon-villeurbanne","12":"tag-eu","13":"tag-europe","14":"tag-fil-info","15":"tag-fr","16":"tag-france","17":"tag-lyon","18":"tag-lyon-bassin","19":"tag-news","20":"tag-republique-francaise","21":"tag-rhone","22":"tag-sante"},"share_on_mastodon":{"url":"https:\/\/pubeurope.com\/@fr\/115302676831752264","error":""},"_links":{"self":[{"href":"https:\/\/www.europesays.com\/fr\/wp-json\/wp\/v2\/posts\/432786","targetHints":{"allow":["GET"]}}],"collection":[{"href":"https:\/\/www.europesays.com\/fr\/wp-json\/wp\/v2\/posts"}],"about":[{"href":"https:\/\/www.europesays.com\/fr\/wp-json\/wp\/v2\/types\/post"}],"author":[{"embeddable":true,"href":"https:\/\/www.europesays.com\/fr\/wp-json\/wp\/v2\/users\/2"}],"replies":[{"embeddable":true,"href":"https:\/\/www.europesays.com\/fr\/wp-json\/wp\/v2\/comments?post=432786"}],"version-history":[{"count":0,"href":"https:\/\/www.europesays.com\/fr\/wp-json\/wp\/v2\/posts\/432786\/revisions"}],"wp:featuredmedia":[{"embeddable":true,"href":"https:\/\/www.europesays.com\/fr\/wp-json\/wp\/v2\/media\/432787"}],"wp:attachment":[{"href":"https:\/\/www.europesays.com\/fr\/wp-json\/wp\/v2\/media?parent=432786"}],"wp:term":[{"taxonomy":"category","embeddable":true,"href":"https:\/\/www.europesays.com\/fr\/wp-json\/wp\/v2\/categories?post=432786"},{"taxonomy":"post_tag","embeddable":true,"href":"https:\/\/www.europesays.com\/fr\/wp-json\/wp\/v2\/tags?post=432786"}],"curies":[{"name":"wp","href":"https:\/\/api.w.org\/{rel}","templated":true}]}}