{"id":432792,"date":"2025-10-02T04:29:13","date_gmt":"2025-10-02T04:29:13","guid":{"rendered":"https:\/\/www.europesays.com\/fr\/432792\/"},"modified":"2025-10-02T04:29:13","modified_gmt":"2025-10-02T04:29:13","slug":"municipales-a-paris-chikirou-pressentie-mais-pas-officiellement-candidate-actualites-2","status":"publish","type":"post","link":"https:\/\/www.europesays.com\/fr\/432792\/","title":{"rendered":"Municipales \u00e0 Paris: Chikirou pressentie mais pas (officiellement) candidate : Actualit\u00e9s"},"content":{"rendered":"<p class=\"lead \">Mais o\u00f9 est pass\u00e9e Sophia Chikirou? Alors que tous les candidats \u00e0 l&rsquo;\u00e9lection municipale de 2026 \u00e0 Paris sont d\u00e9j\u00e0 connus, les Insoumis n&rsquo;ont pas encore officiellement d\u00e9sign\u00e9 leur champion pour la capitale. Mais le doute semble peu permis autour de sa candidature.<\/p>\n<p class=\"lead \">La France insoumise a d\u00e9j\u00e0 pr\u00e9venu qu&rsquo;elle se pr\u00e9senterait seule \u00e0 Paris et resterait loin des tractations entre le Parti socialiste, les Ecologistes et le Parti communiste, en vue d&rsquo;une union d\u00e8s le premier tour.<\/p>\n<p class=\"lead \">Ayant bien observ\u00e9 les sondages qui donnent une candidature Insoumise aux alentours de 15%, Ecologistes et communistes ne souhaitent pas insulter l&rsquo;avenir et totalement fermer la porte \u00e0 LFI, \u00e0 l&rsquo;inverse des socialistes, dont le divorce avec la formation de Jean-Luc M\u00e9lenchon est d\u00e9j\u00e0 act\u00e9. <\/p>\n<p class=\"lead \">Et si dans la plupart des grandes villes, les t\u00eates de liste LFI commencent \u00e0 \u00eatre connues pour ce scrutin des 15 et 22 mars, \u00e0 Paris une opacit\u00e9 demeure toujours.<\/p>\n<p class=\"lead \">\u00ab\u00a0Le calendrier pr\u00e9voit une d\u00e9signation dans la premi\u00e8re quinzaine d&rsquo;octobre\u00a0\u00bb, indique sobrement La France insoumise. <\/p>\n<p class=\"lead \">\u00ab\u00a0A Paris, on s&rsquo;oriente vers cinq candidats pressentis. Nos cinq d\u00e9put\u00e9s\u00a0\u00bb, commente le coordinateur du mouvement Manuel Bompard. <\/p>\n<p class=\"lead \">A savoir Aymeric Caron, Rodrigo Arenas, Dani\u00e8le Obono, Sarah Legrain et Sophia Chikirou &#8211; qui si\u00e8ge \u00e9galement au Conseil r\u00e9gional d&rsquo;\u00cele-de-France.<\/p>\n<p class=\"lead \">Mais si le premier si\u00e8ge au groupe LFI \u00e0 l&rsquo;Assembl\u00e9e, il n&rsquo;est pas membre du parti. Et le deuxi\u00e8me n&rsquo;est pas proche de la direction.  <\/p>\n<p class=\"lead \">\u00ab\u00a0On sait que \u00e7a sera Chikirou, c&rsquo;est un secret de polichinelle\u00a0\u00bb assure un fin connaisseur de l&rsquo;\u00e9cosyst\u00e8me Insoumis qui ne voit Sarah Legrain que comme \u00ab\u00a0un plan B\u00a0\u00bb. <\/p>\n<p class=\"lead \">\u00ab\u00a0Pour Paris il faut une personnalit\u00e9 m\u00e9diatique. Il y aura de la baston et Sophia sait y faire\u00a0\u00bb, indique de son c\u00f4t\u00e9 le d\u00e9put\u00e9 LFI Antoine L\u00e9aument, membre de la direction du mouvement de Jean-Luc M\u00e9lenchon.<\/p>\n<p class=\"lead \">&#8211; \u00ab\u00a0D\u00e9gager le PS\u00a0\u00bb &#8211;<\/p>\n<p class=\"lead \">De la \u00ab\u00a0baston\u00a0\u00bb, il risque en effet d&rsquo;y en avoir vu la personnalit\u00e9 clivante de Sophia Chikirou.<\/p>\n<p class=\"lead \">Proche de Jean-Luc M\u00e9lenchon &#8211; elle est d\u00e9crite comme sa compagne &#8211; la d\u00e9put\u00e9e de Paris, \u00e9lue dans les 11e et 20e arrondissement de la capitale, a l&rsquo;habitude des pol\u00e9miques. <\/p>\n<p class=\"lead \">Comme quand elle a dit ne pas consid\u00e9rer la Chine comme une dictature ou quand elle avait trait\u00e9 les membres de la r\u00e9daction du M\u00e9dia, qu&rsquo;elle dirigeait, de \u00ab\u00a0tafioles de merde\u00a0\u00bb.<\/p>\n<p class=\"lead \">Surtout, elle a \u00e9t\u00e9 mise en examen il y a un an pour escroquerie aggrav\u00e9e et abus de biens sociaux dans l&rsquo;enqu\u00eate sur les comptes de campagne 2017 du candidat \u00e0 la pr\u00e9sidentielle Jean-Luc M\u00e9lenchon<\/p>\n<p class=\"lead \">\u00ab\u00a0Les affaires judiciaires, ce n&rsquo;est pas un param\u00e8tre. On a la conscience tr\u00e8s tranquille\u00a0\u00bb, assure Manuel Bompard.<\/p>\n<p class=\"lead \">Des affaires qui n&#8217;emp\u00eachent pas non plus Rachida Dati de se pr\u00e9senter \u00e0 la mairie de Paris avec l&rsquo;investiture des LR, alors qu&rsquo;elle sera jug\u00e9e en septembre 2026 pour corruption et trafic d&rsquo;influence devant le tribunal.<\/p>\n<p class=\"lead \">Des comparaisons sont r\u00e9guli\u00e8rement effectu\u00e9es entre ces deux enfants d&rsquo;immigr\u00e9s, connues pour leur franc-parler et qui ont grandi dans des milieux populaires avant de r\u00e9ussir en politique.<\/p>\n<p class=\"lead \">A cause de son style, Rachida Dati est d&rsquo;ailleurs plut\u00f4t appr\u00e9ci\u00e9e par les Insoumis, qui l&rsquo;avaient invit\u00e9e \u00e0 leurs universit\u00e9s d&rsquo;\u00e9t\u00e9 en 2022.<\/p>\n<p class=\"lead \">Apr\u00e8s avoir \u00e9t\u00e9 exclue du PS en 2007, Sophia Chikirou avait rejoint La Gauche Moderne, un parti social-lib\u00e9ral, tr\u00e8s vite soutien de Nicolas Sarkozy.   <\/p>\n<p class=\"lead \">\u00ab\u00a0Il y aura une alliance objective entre Dati et Chikirou\u00a0\u00bb, croit savoir un cadre parisien de Renaissance. \u00ab\u00a0Elle ne tapera que sur le PS et les Ecolos\u00a0\u00bb, projette-t-il. <\/p>\n<p class=\"lead \">\u00ab\u00a0LFI a vraiment envie de d\u00e9gager le PS. Ils tuent la gauche \u00e0 Paris, et ils la reconstruisent pendant six ans\u00a0\u00bb, indique de son c\u00f4t\u00e9 un proche de la candidate des R\u00e9publicains.<\/p>\n<p class=\"lead \">Des discussions sont actuellement en cours entre socialistes, Ecologistes et communistes et pourraient aboutir \u00e0 la mi-octobre, selon une source chez les Ecologistes.<\/p>\n<p class=\"lead \">Faute d&rsquo;accord sur une union, il est probable que la gauche se pr\u00e9sente \u00e9parpill\u00e9e en trois listes au premier tour: une liste PS, une liste LFI et une liste r\u00e9unissant les Ecologistes, le PCF et l&rsquo;Apr\u00e8s, le parti des ex-Insoumis.<\/p>\n<p class=\"small font-weight-bold text-gray3 \"> publi\u00e9 le 2 octobre \u00e0 05h14, AFP<\/p>\n<p>                             Partager<\/p>\n","protected":false},"excerpt":{"rendered":"Mais o\u00f9 est pass\u00e9e Sophia Chikirou? Alors que tous les candidats \u00e0 l&rsquo;\u00e9lection municipale de 2026 \u00e0 Paris&hellip;\n","protected":false},"author":2,"featured_media":432793,"comment_status":"","ping_status":"","sticky":false,"template":"","format":"standard","meta":{"footnotes":""},"categories":[1888],"tags":[11910,5734,1111,1928,11,1927,1777,674,1011,27,780,3554,12,1926,626,1925,3848,316,25],"class_list":{"0":"post-432792","1":"post","2":"type-post","3":"status-publish","4":"format-standard","5":"has-post-thumbnail","7":"category-paris","8":"tag-lections","9":"tag-5734","10":"tag-actu","11":"tag-actu-paris","12":"tag-actualites","13":"tag-actualites-paris","14":"tag-eu","15":"tag-europe","16":"tag-fr","17":"tag-france","18":"tag-lfi","19":"tag-municipales","20":"tag-news","21":"tag-news-paris","22":"tag-paris","23":"tag-paris-news","24":"tag-partis","25":"tag-politique","26":"tag-republique-francaise"},"share_on_mastodon":{"url":"https:\/\/pubeurope.com\/@fr\/115302692509993789","error":""},"_links":{"self":[{"href":"https:\/\/www.europesays.com\/fr\/wp-json\/wp\/v2\/posts\/432792","targetHints":{"allow":["GET"]}}],"collection":[{"href":"https:\/\/www.europesays.com\/fr\/wp-json\/wp\/v2\/posts"}],"about":[{"href":"https:\/\/www.europesays.com\/fr\/wp-json\/wp\/v2\/types\/post"}],"author":[{"embeddable":true,"href":"https:\/\/www.europesays.com\/fr\/wp-json\/wp\/v2\/users\/2"}],"replies":[{"embeddable":true,"href":"https:\/\/www.europesays.com\/fr\/wp-json\/wp\/v2\/comments?post=432792"}],"version-history":[{"count":0,"href":"https:\/\/www.europesays.com\/fr\/wp-json\/wp\/v2\/posts\/432792\/revisions"}],"wp:featuredmedia":[{"embeddable":true,"href":"https:\/\/www.europesays.com\/fr\/wp-json\/wp\/v2\/media\/432793"}],"wp:attachment":[{"href":"https:\/\/www.europesays.com\/fr\/wp-json\/wp\/v2\/media?parent=432792"}],"wp:term":[{"taxonomy":"category","embeddable":true,"href":"https:\/\/www.europesays.com\/fr\/wp-json\/wp\/v2\/categories?post=432792"},{"taxonomy":"post_tag","embeddable":true,"href":"https:\/\/www.europesays.com\/fr\/wp-json\/wp\/v2\/tags?post=432792"}],"curies":[{"name":"wp","href":"https:\/\/api.w.org\/{rel}","templated":true}]}}