{"id":432796,"date":"2025-10-02T04:31:09","date_gmt":"2025-10-02T04:31:09","guid":{"rendered":"https:\/\/www.europesays.com\/fr\/432796\/"},"modified":"2025-10-02T04:31:09","modified_gmt":"2025-10-02T04:31:09","slug":"en-seine-et-marne-une-oeuvre-de-1000-heures-signee-herve-denis","status":"publish","type":"post","link":"https:\/\/www.europesays.com\/fr\/432796\/","title":{"rendered":"en Seine-et-Marne, une \u0153uvre de 1000 heures sign\u00e9e Herv\u00e9 Denis"},"content":{"rendered":"<p>            Par<br \/>\n        <strong><br \/>\n            <a href=\"https:\/\/actu.fr\/auteur\/journaliste-br\" title=\"Consulter tous les articles de R\u00e9daction Coulommiers\" target=\"_blank\" rel=\"noopener\">R\u00e9daction Coulommiers<\/a><br \/>\n        <\/strong><\/p>\n<p>        Publi\u00e9 le<\/p>\n<p>            2 oct. 2025 \u00e0 5h50        <\/p>\n<p data-end=\"655\">Ancien pr\u00e9sident et professeur de judo \u00e0 <a href=\"https:\/\/www.ville-mouroux.fr\/\" target=\"_blank\" rel=\"noopener\">Mouroux<\/a>, pr\u00e8s de <a href=\"https:\/\/www.coulommiers.fr\/\" target=\"_blank\" rel=\"noopener\">Coulommiers<\/a> (S<a href=\"https:\/\/seine-et-marne.fr\/fr\" target=\"_blank\" rel=\"noopener\">eine-et-Marne<\/a>) membre de la<a href=\"http:\/\/www.choralecapella.fr\/\" target=\"_blank\" rel=\"noopener\"> chorale Capella de Coulommiers<\/a>, Herv\u00e9 Denis est un homme de d\u00e9fis. Depuis quelques ann\u00e9es, il s\u2019est lanc\u00e9 dans un projet artistique hors du commun : repr\u00e9senter des monuments embl\u00e9matiques de Paris, dans des dimensions spectaculaires. Pendant la p\u00e9riode du covid-19, il r\u00e9alise une Tour Eiffel de 3,30 m\u00e8tres, toujours visible sur le toit de son garage \u00e0 Boissy-le-Ch\u00e2tel. \u00a0\u00bb Le d\u00e9but d\u2019une jolie histoire avec les monuments parisiens , r\u00e9sume-t-il.<\/p>\n<p data-end=\"1266\" class=\" wall-content\">Apr\u00e8s cette prouesse, il s\u2019attaque \u00e0 une \u0153uvre encore plus ambitieuse : une reproduction de Notre-Dame de Paris. \u00a0\u00bb Elle a \u00e9t\u00e9 r\u00e9alis\u00e9e en zinc, avec des chutes de mes travaux sur les toits parisiens. Je suis couvreur de m\u00e9tier. Pour la structure int\u00e9rieure, c\u2019est du bois\u00a0\u00bb, explique-t-il.<\/p>\n<p>Un travail collectif<\/p>\n<p data-end=\"1266\" class=\" wall-content\">Cette cr\u00e9ation est le fruit d\u2019un travail collectif : 800 heures pour Herv\u00e9 Denis, 200 heures consacr\u00e9es aux vitraux et \u00e0 l\u2019\u00e9clairage int\u00e9rieur par l\u2019artiste mourousien Fr\u00e9d\u00e9ric Sommer, tandis que Thomas Lozano, chef de ch\u0153ur de Capella, a apport\u00e9 sa contribution gr\u00e2ce \u00e0 des impressions 3D de gargouilles et chim\u00e8res.<\/p>\n<p data-end=\"1585\" class=\" wall-content\">Le projet ne s\u2019arr\u00eate pas l\u00e0. Le Briard ambitionne de compl\u00e9ter un triptyque compos\u00e9 de la Tour Eiffel, de Notre-Dame et de l\u2019Arc de Triomphe. Parall\u00e8lement, il cultive une autre passion : l\u2019origami. Girafe, \u00e9l\u00e9phant, panth\u00e8re noire, tortue ou dragon\u2026 Herv\u00e9 Denis explore sans cesse de nouvelles formes artistiques.<\/p>\n<p data-end=\"2073\" class=\" wall-content\">Son travail a r\u00e9cemment \u00e9t\u00e9 mis en lumi\u00e8re lors des Journ\u00e9es du Patrimoine \u00e0 la<a href=\"https:\/\/www.coulommiers.fr\/loisirs\/culture\/micro-folie\/\" target=\"_blank\" rel=\"noopener\"> Micro-Folie de Coulommiers. <\/a>Sa cath\u00e9drale, inspir\u00e9e de Notre-Dame, y a suscit\u00e9 l\u2019admiration.<\/p>\n<p>Votre r\u00e9gion, votre actu !<\/p>\n<p>Recevez chaque jour les infos qui comptent pour vous.<\/p>\n<p>\t<a href=\"https:\/\/actu.fr\/newsletter\" class=\"ac-btn ac-btn--corner ac-btn--medium ac-btn--blue800\" target=\"_blank\" rel=\"noopener\">S&rsquo;incrire<\/a><\/p>\n<p data-end=\"2073\" class=\" wall-content\">Elle sera de nouveau expos\u00e9e en octobre \u00e0 la mairie de<a href=\"https:\/\/www.boissy-le-chatel.com\/\" target=\"_blank\" rel=\"noopener\"> Boissy-le-Ch\u00e2tel.<\/a> \u00a0\u00bb J\u2019ai eu de tr\u00e8s bons retours lors des Journ\u00e9es du Patrimoine \u00ab\u00a0, confie l\u2019artiste, heureux de voir son \u0153uvre trouver un \u00e9cho local. Une reconnaissance \u00e0 la hauteur d\u2019un projet colossal, qui aura n\u00e9cessit\u00e9 pr\u00e8s de 1 000 heures de travail.<\/p>\n<p class=\" wall-content\">Personnalisez votre actualit\u00e9 en ajoutant vos villes et m\u00e9dias en favori avec <a href=\"https:\/\/moncompte.actu.fr\" title=\"D\u00e9couvez Mon Actu\" rel=\"nofollow noopener\" data-trk=\"{&quot;cta&quot;:{&quot;action&quot;:&quot;https:\\\/\\\/moncompte.actu.fr&quot;,&quot;category&quot;:&quot;mon compte&quot;,&quot;from&quot;:&quot;article footer&quot;,&quot;name&quot;:&quot;Mon actu&quot;,&quot;type&quot;:&quot;cta&quot;}}\" target=\"_blank\">Mon Actu<\/a>.<\/p>\n","protected":false},"excerpt":{"rendered":"Par R\u00e9daction Coulommiers Publi\u00e9 le 2 oct. 2025 \u00e0 5h50 Ancien pr\u00e9sident et professeur de judo \u00e0 Mouroux,&hellip;\n","protected":false},"author":2,"featured_media":432797,"comment_status":"","ping_status":"","sticky":false,"template":"","format":"standard","meta":{"footnotes":""},"categories":[1888],"tags":[11,1777,674,1011,27,12,3341,626,2551,25,104,7184],"class_list":{"0":"post-432796","1":"post","2":"type-post","3":"status-publish","4":"format-standard","5":"has-post-thumbnail","7":"category-paris","8":"tag-actualites","9":"tag-eu","10":"tag-europe","11":"tag-fr","12":"tag-france","13":"tag-news","14":"tag-notre-dame-de-paris","15":"tag-paris","16":"tag-patrimoine","17":"tag-republique-francaise","18":"tag-societe","19":"tag-tour-eiffel"},"share_on_mastodon":{"url":"https:\/\/pubeurope.com\/@fr\/115302700414503237","error":""},"_links":{"self":[{"href":"https:\/\/www.europesays.com\/fr\/wp-json\/wp\/v2\/posts\/432796","targetHints":{"allow":["GET"]}}],"collection":[{"href":"https:\/\/www.europesays.com\/fr\/wp-json\/wp\/v2\/posts"}],"about":[{"href":"https:\/\/www.europesays.com\/fr\/wp-json\/wp\/v2\/types\/post"}],"author":[{"embeddable":true,"href":"https:\/\/www.europesays.com\/fr\/wp-json\/wp\/v2\/users\/2"}],"replies":[{"embeddable":true,"href":"https:\/\/www.europesays.com\/fr\/wp-json\/wp\/v2\/comments?post=432796"}],"version-history":[{"count":0,"href":"https:\/\/www.europesays.com\/fr\/wp-json\/wp\/v2\/posts\/432796\/revisions"}],"wp:featuredmedia":[{"embeddable":true,"href":"https:\/\/www.europesays.com\/fr\/wp-json\/wp\/v2\/media\/432797"}],"wp:attachment":[{"href":"https:\/\/www.europesays.com\/fr\/wp-json\/wp\/v2\/media?parent=432796"}],"wp:term":[{"taxonomy":"category","embeddable":true,"href":"https:\/\/www.europesays.com\/fr\/wp-json\/wp\/v2\/categories?post=432796"},{"taxonomy":"post_tag","embeddable":true,"href":"https:\/\/www.europesays.com\/fr\/wp-json\/wp\/v2\/tags?post=432796"}],"curies":[{"name":"wp","href":"https:\/\/api.w.org\/{rel}","templated":true}]}}