{"id":432798,"date":"2025-10-02T04:32:11","date_gmt":"2025-10-02T04:32:11","guid":{"rendered":"https:\/\/www.europesays.com\/fr\/432798\/"},"modified":"2025-10-02T04:32:11","modified_gmt":"2025-10-02T04:32:11","slug":"a-un-an-de-son-ouverture-la-future-gare-de-villiers-champigny-bry-a-boucle-ses-travaux","status":"publish","type":"post","link":"https:\/\/www.europesays.com\/fr\/432798\/","title":{"rendered":"\u00e0 un an de son ouverture, la future gare de Villiers-Champigny-Bry a boucl\u00e9 ses travaux"},"content":{"rendered":"<p>            Par<br \/>\n        <strong><br \/>\n            <a href=\"https:\/\/actu.fr\/auteur\/redaction-paris\" title=\"Consulter tous les articles de R\u00e9daction Paris\" target=\"_blank\" rel=\"noopener\">R\u00e9daction Paris<\/a><br \/>\n        <\/strong><\/p>\n<p>        Publi\u00e9 le<\/p>\n<p>            2 oct. 2025 \u00e0 6h06        <\/p>\n<p>Elle est attendue par les habitants du <a href=\"https:\/\/actu.fr\/ile-de-france\/val-de-marne_94\" target=\"_blank\" rel=\"noopener\">Val-de-Marne<\/a>. \u00c0 un an de son ouverture, <strong>la gare de la ligne 15 de Villiers-Champigny-Bry<\/strong> \u2013 du nom des trois communes qu\u2019elle desservira \u2013 endosse le r\u00f4le de pionni\u00e8re dans le <a href=\"https:\/\/actu.fr\/tag\/grand-paris-express\" target=\"_blank\" rel=\"noopener\">Grand Paris Express<\/a> (GPE). D\u2019apr\u00e8s la <strong>Soci\u00e9t\u00e9 des Grands Projets<\/strong> (SGP), il s\u2019agit de la <strong>premi\u00e8re station<\/strong> \u00e0 avoir \u00e9t\u00e9 <strong>enti\u00e8rement habill\u00e9e<\/strong>, du mobilier aux escaliers m\u00e9caniques, en passant par les locaux occup\u00e9s par les agents techniques. Un nouveau palier franchi, avant la mise en service du tron\u00e7on sud entre <a href=\"https:\/\/actu.fr\/ile-de-france\/puteaux_92062\/ile-de-france-revolutionnaire-incroyable-quand-la-ligne-15-du-metro-impressionne-les-reseaux-sociaux_62003883.html\" target=\"_blank\" rel=\"noopener\">Pont-de-S\u00e8vres et Noisy-Champs<\/a> fin 2026.<\/p>\n<p>Place aux essais \u00e0 100\u2009%<\/p>\n<p class=\" wall-content\">Les images d\u00e9voil\u00e9es par la SGP montrent l\u2019am\u00e9nagement du site, \u00e9quip\u00e9 de mobilier, de points de vente, d\u2019ascenseurs, mais aussi des panneaux signal\u00e9tiques. Ainsi se terminent les travaux dans cet espace de 6\u2009500 m\u00e8tres carr\u00e9s qui sera fr\u00e9quent\u00e9 chaque jour par <strong>55\u2009000 voyageurs<\/strong>, et reli\u00e9 au <a href=\"https:\/\/actu.fr\/tag\/rer-e\" target=\"_blank\" rel=\"noopener\">RER E<\/a> et \u00e0 la ligne P du Transilien, exploit\u00e9s par la <a href=\"https:\/\/actu.fr\/tag\/sncf\" target=\"_blank\" rel=\"noopener\">SNCF<\/a>. Les usagers de la ligne 15 pourront \u00e9galement rejoindre le <a href=\"https:\/\/actu.fr\/ile-de-france\/champigny-sur-marne_94017\/val-marne-altival-cest-parti-lenquete-publique_27625154.html\" target=\"_blank\" rel=\"noopener\">r\u00e9seau de bus Altival.<\/a><\/p>\n<p class=\" wall-content\">D\u00e9sormais pourvue de ses plus beaux habits, la gare va se consacrer aux <strong>essais en conditions r\u00e9elles<\/strong>. Comme actu Paris avait pu le constater en avril dernier, des tests sont effectu\u00e9s dans les rames et la gare pour s\u2019assurer de leur bon fonctionnement. La conduite des trains fait l\u2019objet d\u2019un usage manuel \u00e0 diff\u00e9rentes vitesses, indique la SGP sur son <a href=\"https:\/\/www.grandparisexpress.fr\/ligne-15\" target=\"_blank\" rel=\"noopener\">site<\/a>. Cette phase doit conduire in fine \u00e0 <strong>l\u2019automatisation totale<\/strong> du m\u00e9tro.<\/p>\n<p>    <img   decoding=\"async\" loading=\"lazy\" src=\"https:\/\/www.europesays.com\/fr\/wp-content\/uploads\/2025\/10\/quai-960x640.jpg\" alt=\"Les quais habill\u00e9s de la gare, avec des places assises et une fresque artistique. \" width=\"960\" height=\"640\"\/><br \/>\n    Les quais habill\u00e9s de la gare, avec des places assises et une fresque artistique. (\u00a9Richez_Associ\u00e9s\/Bastien Andr\u00e9\/Soci\u00e9t\u00e9 des grands projets)<\/p>\n<p class=\" wall-content\">Le <strong>poste de commandement centralis\u00e9<\/strong> (PCC) s\u2019est d\u00e9j\u00e0 greff\u00e9 \u00e0 la gare. Les agents pr\u00e9sents \u00e0 son bord surveillent les essais et \u00e9valuent la qualit\u00e9 des infrastructures in situ. Lors de la mise en service du r\u00e9seau, ce grand centre aura une vue sur toutes les gares et tous les trains de la ligne 15. Au total, cela repr\u00e9sente <strong>75 kilom\u00e8tres<\/strong> et <strong>45 villes<\/strong> travers\u00e9es. Plus d\u20191,5 millions de voyageurs circuleront sur cette ligne et 108 trains seront d\u00e9ploy\u00e9s.<\/p>\n<p class=\" wall-content\">Le co\u00fbt du projet est de <strong>319\u00a0millions d\u2019euros<\/strong>, selon la SNCF. Le <a href=\"https:\/\/actu.fr\/politique\/il-faut-etre-plus-efficient-en-difficulte-financiere-le-val-de-marne-assume-la-fusion-de-creches_62595117.html\" target=\"_blank\" rel=\"noopener\">d\u00e9partement<\/a> du Val-de-Marne a r\u00e9cemment annonc\u00e9 que sa commission permanente avait approuv\u00e9 le financement de la nouvelle gare \u00e0 hauteur de 38\u00a0millions d\u2019euros.<\/p>\n<p class=\" wall-content\">Personnalisez votre actualit\u00e9 en ajoutant vos villes et m\u00e9dias en favori avec <a href=\"https:\/\/moncompte.actu.fr\" title=\"D\u00e9couvez Mon Actu\" rel=\"nofollow noopener\" data-trk=\"{&quot;cta&quot;:{&quot;action&quot;:&quot;https:\\\/\\\/moncompte.actu.fr&quot;,&quot;category&quot;:&quot;mon compte&quot;,&quot;from&quot;:&quot;article footer&quot;,&quot;name&quot;:&quot;Mon actu&quot;,&quot;type&quot;:&quot;cta&quot;}}\" target=\"_blank\">Mon Actu<\/a>.<\/p>\n","protected":false},"excerpt":{"rendered":"Par R\u00e9daction Paris Publi\u00e9 le 2 oct. 2025 \u00e0 6h06 Elle est attendue par les habitants du Val-de-Marne.&hellip;\n","protected":false},"author":2,"featured_media":432799,"comment_status":"","ping_status":"","sticky":false,"template":"","format":"standard","meta":{"footnotes":""},"categories":[1888],"tags":[11,1777,674,1011,27,12284,4047,12,626,25,104,2086],"class_list":{"0":"post-432798","1":"post","2":"type-post","3":"status-publish","4":"format-standard","5":"has-post-thumbnail","7":"category-paris","8":"tag-actualites","9":"tag-eu","10":"tag-europe","11":"tag-fr","12":"tag-france","13":"tag-grand-paris-express","14":"tag-metro","15":"tag-news","16":"tag-paris","17":"tag-republique-francaise","18":"tag-societe","19":"tag-travaux"},"share_on_mastodon":{"url":"https:\/\/pubeurope.com\/@fr\/115302704808673164","error":""},"_links":{"self":[{"href":"https:\/\/www.europesays.com\/fr\/wp-json\/wp\/v2\/posts\/432798","targetHints":{"allow":["GET"]}}],"collection":[{"href":"https:\/\/www.europesays.com\/fr\/wp-json\/wp\/v2\/posts"}],"about":[{"href":"https:\/\/www.europesays.com\/fr\/wp-json\/wp\/v2\/types\/post"}],"author":[{"embeddable":true,"href":"https:\/\/www.europesays.com\/fr\/wp-json\/wp\/v2\/users\/2"}],"replies":[{"embeddable":true,"href":"https:\/\/www.europesays.com\/fr\/wp-json\/wp\/v2\/comments?post=432798"}],"version-history":[{"count":0,"href":"https:\/\/www.europesays.com\/fr\/wp-json\/wp\/v2\/posts\/432798\/revisions"}],"wp:featuredmedia":[{"embeddable":true,"href":"https:\/\/www.europesays.com\/fr\/wp-json\/wp\/v2\/media\/432799"}],"wp:attachment":[{"href":"https:\/\/www.europesays.com\/fr\/wp-json\/wp\/v2\/media?parent=432798"}],"wp:term":[{"taxonomy":"category","embeddable":true,"href":"https:\/\/www.europesays.com\/fr\/wp-json\/wp\/v2\/categories?post=432798"},{"taxonomy":"post_tag","embeddable":true,"href":"https:\/\/www.europesays.com\/fr\/wp-json\/wp\/v2\/tags?post=432798"}],"curies":[{"name":"wp","href":"https:\/\/api.w.org\/{rel}","templated":true}]}}