{"id":432806,"date":"2025-10-02T04:36:12","date_gmt":"2025-10-02T04:36:12","guid":{"rendered":"https:\/\/www.europesays.com\/fr\/432806\/"},"modified":"2025-10-02T04:36:12","modified_gmt":"2025-10-02T04:36:12","slug":"presse-par-lextreme-droite-keir-starmer-va-mettre-fin-au-regroupement-familial","status":"publish","type":"post","link":"https:\/\/www.europesays.com\/fr\/432806\/","title":{"rendered":"Press\u00e9 par l\u2019extr\u00eame droite, Keir Starmer va mettre fin au regroupement familial"},"content":{"rendered":"<p><a href=\"https:\/\/www.20minutes.fr\/monde\/royaume-uni\/4172918-20250913-londres-raciste-veux-retrouver-pays-110-000-personnes-reunies-appel-extreme-droite\" target=\"_blank\" class=\"c-link c-link--is-underlined\" rel=\"noopener\">La pression de l\u2019extr\u00eame droite<\/a> est en train de se faire sentir dans la politique du <a href=\"https:\/\/www.20minutes.fr\/monde\/4171525-20250905-royaume-uni-pourquoi-gouvernement-starmer-fait-objet-large-remaniement\" target=\"_blank\" class=\"c-link c-link--is-underlined\" rel=\"noopener\">Premier ministre travailliste britannique Keir Starmer<\/a>. Le Royaume-Uni va ainsi annoncer ce jeudi un plan pour mettre fin \u00e0 un m\u00e9canisme permettant aux membres des familles de r\u00e9fugi\u00e9s d\u00e9j\u00e0 install\u00e9s dans le pays de les rejoindre.<\/p>\n<p>Alors que les demandes de regroupement familial avaient d\u00e9j\u00e0 \u00e9t\u00e9 suspendues le mois dernier, le Premier ministre travailliste Keir Starmer doit pr\u00e9senter un plan pour supprimer d\u00e9finitivement le programme lors du sommet des dirigeants de <a href=\"https:\/\/www.20minutes.fr\/monde\/ukraine\/4175842-20250930-guerre-ukraine-mur-antidrones-voulu-union-europeenne-necessite-illusion\" target=\"_blank\" class=\"c-link c-link--is-underlined\" rel=\"noopener\">l\u2019Union europ\u00e9enne<\/a> \u00e0 Copenhague.<\/p>\n<p>Reform UK en plein essor<\/p>\n<p>\u00ab\u00a0Ces r\u00e9formes fondamentales seront la base d\u2019un syst\u00e8me plus \u00e9quitable o\u00f9 [\u2026] le chemin vers la r\u00e9gularisation devrait \u00eatre plus long et m\u00e9rit\u00e9 gr\u00e2ce \u00e0 une contribution au pays,\u00a0\u00bb a d\u00e9clar\u00e9 le gouvernement britannique mercredi soir. Le gouvernement travailliste de Keir Starmer tente ainsi de raffermir sa position face \u00e0 des niveaux record d\u2019immigration l\u00e9gale et irr\u00e9guli\u00e8re, pour contrer la mont\u00e9e du parti d\u2019extr\u00eame droite anti-immigration Reform UK et apaiser un d\u00e9bat national houleux.<\/p>\n<\/p>\n<p>Selon les chiffres du minist\u00e8re de l\u2019Int\u00e9rieur, pr\u00e8s de 21.000 visas de regroupement familial de r\u00e9fugi\u00e9s ont \u00e9t\u00e9 d\u00e9livr\u00e9s dans l\u2019ann\u00e9e pr\u00e9c\u00e9dant juin\u00a02025. La grande majorit\u00e9 a \u00e9t\u00e9 attribu\u00e9e \u00e0 des femmes et des enfants.<\/p>\n<p>Starmer veut faciliter les expulsions<\/p>\n<p>Dans le cadre de ce changement de politique, les personnes ayant obtenu le statut de r\u00e9fugi\u00e9 ne b\u00e9n\u00e9ficieront plus automatiquement du regroupement familial, a annonc\u00e9 le gouvernement. \u00ab\u00a0Le Royaume-Uni continuera \u00e0 jouer son r\u00f4le en accueillant de v\u00e9ritables r\u00e9fugi\u00e9s fuyant les pers\u00e9cutions. Mais [\u2026] il n\u2019y aura pas de ticket gagnant pour s\u2019\u00e9tablir au Royaume-Uni, les gens devront le m\u00e9riter\u00a0\u00bb, a ajout\u00e9 Keir Starmer. Son gouvernement a \u00e9galement d\u00e9clar\u00e9 vouloir changer l\u2019interpr\u00e9tation de la l\u00e9gislation sur les droits humains afin de faciliter les expulsions.<\/p>\n<p><a href=\"https:\/\/www.20minutes.fr\/monde\/royaume-uni\/\" target=\"_blank\" class=\"c-link c-btn c-btn--primary\" rel=\"noopener\">Notre dossier sur le Royaume-Uni<\/a><\/p>\n<p>Plus de 111.000 personnes ont demand\u00e9 l\u2019asile au Royaume-Uni entre juin\u00a02024 et juin\u00a02025, le nombre le plus \u00e9lev\u00e9 jamais enregistr\u00e9 depuis les premi\u00e8res statistiques en\u00a02001, selon les derni\u00e8res donn\u00e9es du Home Office. Par ailleurs, plus de 33.000 personnes sont arriv\u00e9es ill\u00e9galement dans le pays <a href=\"https:\/\/www.20minutes.fr\/monde\/4175913-20250929-migrants-pres-400-personnes-secourues-large-cotes-francaises-week-end\" target=\"_blank\" class=\"c-link c-link--is-underlined\" rel=\"noopener\">en traversant la Manche dans des embarcations de fortune<\/a> depuis le d\u00e9but de l\u2019ann\u00e9e, un record pour cette p\u00e9riode. Au moins 27 personnes sont mortes en tentant la travers\u00e9e depuis le d\u00e9but de l\u2019ann\u00e9e, selon les donn\u00e9es officielles fran\u00e7aises.<\/p>\n<p>La voie suivie par Keir Starmer a imm\u00e9diatement inqui\u00e9t\u00e9 l\u2019association britannique Refugee Council. Elle a en effet estim\u00e9 que cette suspension allait pousser \u00ab\u00a0davantage de gens d\u00e9sesp\u00e9r\u00e9s dans les bras des passeurs\u00a0\u00bb.<\/p>\n","protected":false},"excerpt":{"rendered":"La pression de l\u2019extr\u00eame droite est en train de se faire sentir dans la politique du Premier ministre&hellip;\n","protected":false},"author":2,"featured_media":432807,"comment_status":"","ping_status":"","sticky":false,"template":"","format":"standard","meta":{"footnotes":""},"categories":[1588],"tags":[47,11,1777,674,1076,1061,6734,2581,74,12,473,1853,1851,1850,1852,133],"class_list":{"0":"post-432806","1":"post","2":"type-post","3":"status-publish","4":"format-standard","5":"has-post-thumbnail","7":"category-royaume-uni","8":"tag-actualite","9":"tag-actualites","10":"tag-eu","11":"tag-europe","12":"tag-extreme-droite","13":"tag-immigration","14":"tag-immigration-clandestine","15":"tag-keir-starmer","16":"tag-monde","17":"tag-news","18":"tag-royaume-uni","19":"tag-royaume-uni-de-grande-bretagne-et-dirlande-du-nord","20":"tag-uk","21":"tag-united-kingdom","22":"tag-united-kingdom-of-great-britain-and-northern-ireland","23":"tag-video"},"share_on_mastodon":{"url":"https:\/\/pubeurope.com\/@fr\/115302720151086894","error":""},"_links":{"self":[{"href":"https:\/\/www.europesays.com\/fr\/wp-json\/wp\/v2\/posts\/432806","targetHints":{"allow":["GET"]}}],"collection":[{"href":"https:\/\/www.europesays.com\/fr\/wp-json\/wp\/v2\/posts"}],"about":[{"href":"https:\/\/www.europesays.com\/fr\/wp-json\/wp\/v2\/types\/post"}],"author":[{"embeddable":true,"href":"https:\/\/www.europesays.com\/fr\/wp-json\/wp\/v2\/users\/2"}],"replies":[{"embeddable":true,"href":"https:\/\/www.europesays.com\/fr\/wp-json\/wp\/v2\/comments?post=432806"}],"version-history":[{"count":0,"href":"https:\/\/www.europesays.com\/fr\/wp-json\/wp\/v2\/posts\/432806\/revisions"}],"wp:featuredmedia":[{"embeddable":true,"href":"https:\/\/www.europesays.com\/fr\/wp-json\/wp\/v2\/media\/432807"}],"wp:attachment":[{"href":"https:\/\/www.europesays.com\/fr\/wp-json\/wp\/v2\/media?parent=432806"}],"wp:term":[{"taxonomy":"category","embeddable":true,"href":"https:\/\/www.europesays.com\/fr\/wp-json\/wp\/v2\/categories?post=432806"},{"taxonomy":"post_tag","embeddable":true,"href":"https:\/\/www.europesays.com\/fr\/wp-json\/wp\/v2\/tags?post=432806"}],"curies":[{"name":"wp","href":"https:\/\/api.w.org\/{rel}","templated":true}]}}