{"id":432813,"date":"2025-10-02T04:40:19","date_gmt":"2025-10-02T04:40:19","guid":{"rendered":"https:\/\/www.europesays.com\/fr\/432813\/"},"modified":"2025-10-02T04:40:19","modified_gmt":"2025-10-02T04:40:19","slug":"shein-annonce-louverture-de-magasins-permanents-en-france-une-premiere-au-monde-liberation","status":"publish","type":"post","link":"https:\/\/www.europesays.com\/fr\/432813\/","title":{"rendered":"Shein annonce l\u2019ouverture de magasins permanents en France, une premi\u00e8re au monde \u2013 Lib\u00e9ration"},"content":{"rendered":"<p class=\"sc-cPiKLX AiZTS text-element\">De l\u2019ultra-fast fashion en vente dans l\u2019un des plus prestigieux grands magasins parisiens. <a href=\"https:\/\/www.liberation.fr\/tags\/shein\/\" target=\"_blank\" rel=\"noopener\" title=\"https:\/\/www.liberation.fr\/tags\/shein\/\">Le g\u00e9ant asiatique de la mode \u00e9ph\u00e9m\u00e8re Shein<\/a> a annonc\u00e9 ce mercredi 1er octobre avoir choisi la France pour ouvrir ses premiers magasins physiques p\u00e9rennes, une premi\u00e8re mondiale pour l\u2019enseigne, sous le coup des critiques pour ses prix extr\u00eamement bas, la profusion des r\u00e9f\u00e9rences et son marketing ultra-agressif. <\/p>\n<p class=\"sc-cPiKLX AiZTS text-element\">Six boutiques devraient ouvrir \u00ab\u00e0 partir de novembre\u00bb, d\u2019abord au sein du BHV Marais \u00e0 Paris puis cinq autres \u00abprogressivement\u00bb dans des Galeries Lafayette sous franchise \u00e0 Dijon, Reims, Grenoble, Angers et Limoges, selon un communiqu\u00e9 publi\u00e9 mercredi. Shein s\u2019est alli\u00e9e pour ce faire avec la Soci\u00e9t\u00e9 des Grands Magasins (SGM), une fonci\u00e8re commerciale qui d\u00e9tient et exploite notamment le BHV Marais et des magasins Galeries Lafayette. Shein &#8211; qui emploie 16 000 personnes dans le monde et a r\u00e9alis\u00e9 23 milliards de dollars (20 milliards d\u2019euros) de chiffre d\u2019affaires en 2022 &#8211; promet \u00abla cr\u00e9ation de 200 emplois directs et indirects en France au sein de SGM\u00bb. Mercredi soir, les Galeries Lafayette ont affirm\u00e9 \u00abrefuser l\u2019installation\u00bb de Shein dans les magasins franchis\u00e9s en province. \u00abLes Galeries Lafayette tiennent \u00e0 exprimer leur profond d\u00e9saccord avec cette d\u00e9cision (de SGM) au regard du positionnement et des pratiques de cette marque d\u2019ultra-fast fashion qui est en contradiction avec leur offre et leurs valeurs\u00bb, selon un communiqu\u00e9. <\/p>\n<p class=\"sc-cPiKLX sc-crhfPb ka-DgwP kxwMat\">A lire aussi notre enqu\u00eate :<\/p>\n<p class=\"sc-cPiKLX AiZTS text-element\">Fond\u00e9 en Chine en 2012 et d\u00e9sormais bas\u00e9 \u00e0 Singapour, Shein est accus\u00e9 de pollution environnementale en raison des volumes colossaux mis sur le march\u00e9 et soup\u00e7onn\u00e9 de conditions de travail indignes \u2013 en raison de ses approvisionnements, principalement de Chine -. <a href=\"https:\/\/www.liberation.fr\/lifestyle\/mode\/le-senat-en-passe-dadopter-une-loi-contre-la-fast-fashion-visant-shein-20250610_6CWKOG77TVDA3FMAML7TK7ODVA\/\" target=\"_blank\" rel=\"noopener\" title=\"https:\/\/www.liberation.fr\/lifestyle\/mode\/le-senat-en-passe-dadopter-une-loi-contre-la-fast-fashion-visant-shein-20250610_6CWKOG77TVDA3FMAML7TK7ODVA\/\">Vis\u00e9e par la loi contre la mode ultra-\u00e9ph\u00e9m\u00e8re<\/a> et <a href=\"https:\/\/www.liberation.fr\/economie\/conso\/shein-ecope-dune-amende-record-en-france-de-40-millions-deuros-pour-des-tromperies-sur-les-prix-de-ses-produits-20250703_JXIO2NQD4NA5RMMIMJF76EB7AY\/\" target=\"_blank\" rel=\"noopener\" title=\"https:\/\/www.liberation.fr\/economie\/conso\/shein-ecope-dune-amende-record-en-france-de-40-millions-deuros-pour-des-tromperies-sur-les-prix-de-ses-produits-20250703_JXIO2NQD4NA5RMMIMJF76EB7AY\/\">ayant r\u00e9cemment \u00e9cop\u00e9e d\u2019amendes colossales en France<\/a>, Shein continue de s\u2019attirer les foudres des autorit\u00e9s et des commer\u00e7ants, du secteur textile \u00e0 la grande distribution. <\/p>\n<p class=\"sc-cPiKLX AiZTS text-element\">Avec un cynisme certain, Shein a assur\u00e9 que les ouvertures prochaines participaient d\u2019un \u00abengagement pour revitaliser les centres-villes, restaurer les grands magasins et d\u00e9velopper des opportunit\u00e9s pour le pr\u00eat-\u00e0-porter fran\u00e7ais\u00bb, d\u00e9tournant les <a href=\"https:\/\/www.liberation.fr\/economie\/apres-lannonce-du-partenariat-pimkie-shein-la-famille-mulliez-annonce-saisir-la-justice-20250918_RW7MFNYD7FE4RMTAJBAKIP3B3I\/\" target=\"_blank\" rel=\"noopener\" title=\"https:\/\/www.liberation.fr\/economie\/apres-lannonce-du-partenariat-pimkie-shein-la-famille-mulliez-annonce-saisir-la-justice-20250918_RW7MFNYD7FE4RMTAJBAKIP3B3I\/\">accusations formul\u00e9es \u00e0 son \u00e9gard par les f\u00e9d\u00e9rations du textile<\/a>, qui l\u2019accusent de porter atteinte \u00e0 ce secteur, notamment depuis <a href=\"https:\/\/www.liberation.fr\/economie\/conso\/shein-offre-ses-services-a-pimkie-dans-le-cadre-dune-nouvelle-strategie-de-partenariat-avec-des-marques-francaises-20250916_PRUNIM4CMNF5XJDJ3DQZARJBUM\/\" target=\"_blank\" rel=\"noopener\" title=\"https:\/\/www.liberation.fr\/economie\/conso\/shein-offre-ses-services-a-pimkie-dans-le-cadre-dune-nouvelle-strategie-de-partenariat-avec-des-marques-francaises-20250916_PRUNIM4CMNF5XJDJ3DQZARJBUM\/\">son partenariat avec la marque Pimkie<\/a>, qualifi\u00e9 de \u00abd\u00e9shonneur\u00bb. <\/p>\n<p class=\"sc-cPiKLX AiZTS text-element\">Le secteur reproche au mastodonte de cr\u00e9er une concurrence d\u00e9loyale vis-\u00e0-vis des entreprises du Vieux continent en ne respectant pas les normes europ\u00e9ennes en mati\u00e8re d\u2019environnement, de droits sociaux, de s\u00e9curit\u00e9 du consommateur alors qu\u2019elles y sont assujetties. Et de profiter d\u2019une mesure europ\u00e9enne <a href=\"https:\/\/www.liberation.fr\/economie\/social\/tsunami-des-petits-colis-shein-et-temu-il-y-a-un-risque-economique-et-social-majeur-20250901_L2GOFNNCC5HLJM5XMX4OPF7PZE\/\" target=\"_blank\" rel=\"noopener\" title=\"https:\/\/www.liberation.fr\/economie\/social\/tsunami-des-petits-colis-shein-et-temu-il-y-a-un-risque-economique-et-social-majeur-20250901_L2GOFNNCC5HLJM5XMX4OPF7PZE\/\">exemptant de droits de douane les petits colis<\/a>, ce qui permet \u00e0 Shein d\u2019envoyer \u00e0 peu de frais ses produits et complique le travail des douanes en mati\u00e8re de contr\u00f4le. <\/p>\n<p class=\"sc-cPiKLX AiZTS text-element\">Le pr\u00e9sident de SGM, Fr\u00e9d\u00e9ric Merlin, lui, a affirm\u00e9 ne pas mettre \u00ables clients dans des cases: un m\u00eame consommateur peut acheter une pi\u00e8ce Shein et, le m\u00eame jour, un sac de marque. C\u2019est cette libert\u00e9, ce m\u00e9lange des genres, qui fait la richesse et l\u2019avenir du grand magasin\u00bb, a-t-il d\u00e9clar\u00e9 dans le communiqu\u00e9 de presse mercredi. <\/p>\n<p class=\"sc-cPiKLX AiZTS text-element\"><b>Mise \u00e0 jour \u00e0 18h40<\/b> : ajout de la r\u00e9action des Galeries Lafayette et de la citation de Fr\u00e9d\u00e9ric Merlin. <\/p>\n","protected":false},"excerpt":{"rendered":"De l\u2019ultra-fast fashion en vente dans l\u2019un des plus prestigieux grands magasins parisiens. Le g\u00e9ant asiatique de la&hellip;\n","protected":false},"author":2,"featured_media":432814,"comment_status":"","ping_status":"","sticky":false,"template":"","format":"standard","meta":{"footnotes":""},"categories":[2],"tags":[11,764,1011,27,12,25,1104],"class_list":{"0":"post-432813","1":"post","2":"type-post","3":"status-publish","4":"format-standard","5":"has-post-thumbnail","7":"category-actualites","8":"tag-actualites","9":"tag-fast-fashion","10":"tag-fr","11":"tag-france","12":"tag-news","13":"tag-republique-francaise","14":"tag-shein"},"share_on_mastodon":{"url":"https:\/\/pubeurope.com\/@fr\/115302735816312633","error":""},"_links":{"self":[{"href":"https:\/\/www.europesays.com\/fr\/wp-json\/wp\/v2\/posts\/432813","targetHints":{"allow":["GET"]}}],"collection":[{"href":"https:\/\/www.europesays.com\/fr\/wp-json\/wp\/v2\/posts"}],"about":[{"href":"https:\/\/www.europesays.com\/fr\/wp-json\/wp\/v2\/types\/post"}],"author":[{"embeddable":true,"href":"https:\/\/www.europesays.com\/fr\/wp-json\/wp\/v2\/users\/2"}],"replies":[{"embeddable":true,"href":"https:\/\/www.europesays.com\/fr\/wp-json\/wp\/v2\/comments?post=432813"}],"version-history":[{"count":0,"href":"https:\/\/www.europesays.com\/fr\/wp-json\/wp\/v2\/posts\/432813\/revisions"}],"wp:featuredmedia":[{"embeddable":true,"href":"https:\/\/www.europesays.com\/fr\/wp-json\/wp\/v2\/media\/432814"}],"wp:attachment":[{"href":"https:\/\/www.europesays.com\/fr\/wp-json\/wp\/v2\/media?parent=432813"}],"wp:term":[{"taxonomy":"category","embeddable":true,"href":"https:\/\/www.europesays.com\/fr\/wp-json\/wp\/v2\/categories?post=432813"},{"taxonomy":"post_tag","embeddable":true,"href":"https:\/\/www.europesays.com\/fr\/wp-json\/wp\/v2\/tags?post=432813"}],"curies":[{"name":"wp","href":"https:\/\/api.w.org\/{rel}","templated":true}]}}