{"id":432816,"date":"2025-10-02T04:42:10","date_gmt":"2025-10-02T04:42:10","guid":{"rendered":"https:\/\/www.europesays.com\/fr\/432816\/"},"modified":"2025-10-02T04:42:10","modified_gmt":"2025-10-02T04:42:10","slug":"une-eclipse-exceptionnelle-arrive-en-france-du-jamais-vu-depuis-27-ans","status":"publish","type":"post","link":"https:\/\/www.europesays.com\/fr\/432816\/","title":{"rendered":"une \u00e9clipse exceptionnelle arrive en France, du jamais vu depuis 27\u00a0ans"},"content":{"rendered":"<p>\n                C&rsquo;est une occasion unique de voir le jour se muer\u00a0en cr\u00e9puscule.            <\/p>\n<p>Le souvenir du 11\u00a0ao\u00fbt 1999\u00a0reste grav\u00e9 dans la m\u00e9moire collective de nombreux Fran\u00e7ais, jour o\u00f9 l&rsquo;\u00e9clipse totale a plong\u00e9 le pays dans une obscurit\u00e9 soudaine en plein midi, offrant l&rsquo;image spectaculaire d&rsquo;un soleil noir couronn\u00e9 de lumi\u00e8re. Si d&rsquo;autres \u00e9v\u00e9nements partiels ont eu lieu depuis, aucun n&rsquo;a offert un spectacle d&rsquo;une telle ampleur. Pr\u00e8s de 27\u00a0ans apr\u00e8s ce rendez-vous c\u00e9leste m\u00e9morable, une \u00e9clipse exceptionnelle\u00a0promet d&rsquo;\u00eatre l&rsquo;\u00e9v\u00e9nement astronomique le plus spectaculaire pour l&rsquo;Hexagone avant plusieurs d\u00e9cennies. C&rsquo;est une occasion unique de voir le jour se muer\u00a0en cr\u00e9puscule.<\/p>\n<p>Cette \u00e9clipse sera \u00ab\u00a0quasi-totale\u00a0\u00bb dans certaines r\u00e9gions de France, promettant une ambiance \u00e9trange, un Soleil presque noir et un ciel aux teintes inhabituellement\u00a0m\u00e9talliques ou jaun\u00e2tres\/orang\u00e9es. Cette baisse de luminosit\u00e9 sera saisissante, donnant l&rsquo;impression d&rsquo;un coucher de soleil pr\u00e9matur\u00e9. Concr\u00e8tement, la Lune viendra recouvrir une tr\u00e8s grande partie du disque solaire. \u00c0 certains endroits de la France, le pourcentage d&rsquo;obscuration atteindra\u00a0un impressionnant 99,5\u00a0%, selon <a href=\"https:\/\/ssp.imcce.fr\/forms\/solar-eclipses\/2026-08-12\" target=\"_blank\" rel=\"noopener\">les pr\u00e9dictions<\/a>\u00a0de l&rsquo;Institut de m\u00e9canique c\u00e9leste et de calcul des \u00e9ph\u00e9m\u00e9rides (IMCCE).<\/p>\n<p>Ce ph\u00e9nom\u00e8ne aura lieu le mercredi 12\u00a0ao\u00fbt 2026, aux alentours de 20h15-20h30, juste avant le coucher du Soleil. Les zones les plus favoris\u00e9es en France seront celles situ\u00e9es dans le Sud-Ouest, le long de la c\u00f4te Atlantique, de Biarritz \u00e0 Bordeaux, en raison de leur proximit\u00e9 avec la bande de totalit\u00e9 qui passera par l&rsquo;Espagne. Pour profiter du spectacle sans danger, l&rsquo;usage de lunettes d&rsquo;\u00e9clipse certifi\u00e9es est absolument indispensable\u00a0et ce m\u00eame pour une \u00e9clipse partielle avec une forte occultation. La regarder \u00e0 l&rsquo;\u0153il nu est tr\u00e8s dangereux (risque de br\u00fblure de la r\u00e9tine) et absolument d\u00e9conseill\u00e9.<\/p>\n<p>Pour les passionn\u00e9s qui souhaiteraient observer une <a href=\"https:\/\/sante.journaldesfemmes.fr\/fiches-maladies\/2628161-eclipse-solaire-france-2023\/\" title=\"\u00e9clipse solaire\" target=\"_blank\" rel=\"noopener\">\u00e9clipse solaire<\/a> totale, il faudra se d\u00e9placer en Islande ou, plus proche, en Espagne (Bal\u00e9ares, Valladolid&#8230;). L&rsquo;Europe continentale conna\u00eetra une autre \u00e9clipse totale le 2\u00a0ao\u00fbt 2027, mais celle-ci ne sera visible en France que de mani\u00e8re partielle (environ 51\u00a0% \u00e0 Paris). Quant \u00e0 la prochaine \u00e9clipse solaire totale traversant la France m\u00e9tropolitaine, il faudra se montrer extr\u00eamement patient\u00a0car elle est pr\u00e9vue pour le 3\u00a0septembre 2081.<\/p>\n","protected":false},"excerpt":{"rendered":"C&rsquo;est une occasion unique de voir le jour se muer\u00a0en cr\u00e9puscule. Le souvenir du 11\u00a0ao\u00fbt 1999\u00a0reste grav\u00e9 dans&hellip;\n","protected":false},"author":2,"featured_media":432817,"comment_status":"","ping_status":"","sticky":false,"template":"","format":"standard","meta":{"footnotes":""},"categories":[4],"tags":[11,56072,51761,56073,56074,51763,1011,27,51989,51766,12,51767,1404,25],"class_list":{"0":"post-432816","1":"post","2":"type-post","3":"status-publish","4":"format-standard","5":"has-post-thumbnail","7":"category-france","8":"tag-actualites","9":"tag-cms-journaldesfemmes-3242926","10":"tag-controller-content","11":"tag-eclipse-solaire","12":"tag-environnement-et-climat","13":"tag-format-papier","14":"tag-fr","15":"tag-france","16":"tag-index-tag-interdit-hors-redacchef","17":"tag-les-histoires-du-jdf","18":"tag-news","19":"tag-parallaxeinfeed","20":"tag-quotidien","21":"tag-republique-francaise"},"share_on_mastodon":{"url":"https:\/\/pubeurope.com\/@fr\/115302743628738474","error":""},"_links":{"self":[{"href":"https:\/\/www.europesays.com\/fr\/wp-json\/wp\/v2\/posts\/432816","targetHints":{"allow":["GET"]}}],"collection":[{"href":"https:\/\/www.europesays.com\/fr\/wp-json\/wp\/v2\/posts"}],"about":[{"href":"https:\/\/www.europesays.com\/fr\/wp-json\/wp\/v2\/types\/post"}],"author":[{"embeddable":true,"href":"https:\/\/www.europesays.com\/fr\/wp-json\/wp\/v2\/users\/2"}],"replies":[{"embeddable":true,"href":"https:\/\/www.europesays.com\/fr\/wp-json\/wp\/v2\/comments?post=432816"}],"version-history":[{"count":0,"href":"https:\/\/www.europesays.com\/fr\/wp-json\/wp\/v2\/posts\/432816\/revisions"}],"wp:featuredmedia":[{"embeddable":true,"href":"https:\/\/www.europesays.com\/fr\/wp-json\/wp\/v2\/media\/432817"}],"wp:attachment":[{"href":"https:\/\/www.europesays.com\/fr\/wp-json\/wp\/v2\/media?parent=432816"}],"wp:term":[{"taxonomy":"category","embeddable":true,"href":"https:\/\/www.europesays.com\/fr\/wp-json\/wp\/v2\/categories?post=432816"},{"taxonomy":"post_tag","embeddable":true,"href":"https:\/\/www.europesays.com\/fr\/wp-json\/wp\/v2\/tags?post=432816"}],"curies":[{"name":"wp","href":"https:\/\/api.w.org\/{rel}","templated":true}]}}