{"id":432818,"date":"2025-10-02T04:45:23","date_gmt":"2025-10-02T04:45:23","guid":{"rendered":"https:\/\/www.europesays.com\/fr\/432818\/"},"modified":"2025-10-02T04:45:23","modified_gmt":"2025-10-02T04:45:23","slug":"ou-va-le-rugby-feminin-francais-apres-sa-coupe-du-monde-ratee","status":"publish","type":"post","link":"https:\/\/www.europesays.com\/fr\/432818\/","title":{"rendered":"O\u00f9 va le rugby f\u00e9minin fran\u00e7ais apr\u00e8s sa Coupe du monde rat\u00e9e?"},"content":{"rendered":"<p>            Par<br \/>\n        <strong><br \/>\n            <a href=\"https:\/\/actu.fr\/auteur\/emilie-dudonfournier\" title=\"Consulter tous les articles de Emilie Dudon-Fournier\" target=\"_blank\" rel=\"noopener\">Emilie Dudon-Fournier<\/a><br \/>\n        <\/strong><\/p>\n<p>        Publi\u00e9 le<\/p>\n<p>            1 oct. 2025 \u00e0 6h32        <\/p>\n<p>Et donc quoi, maintenant\u2009? Jamais le <strong>rugby f\u00e9minin<\/strong> n\u2019a ainsi \u00e9t\u00e9 plac\u00e9 sous les projecteurs. Jamais les stades n\u2019ont \u00e9t\u00e9 aussi pleins (plus de 440\u2009000 billets vendus, Twickenham comble pour la finale). Jamais <a href=\"https:\/\/actu.fr\/tag\/rugby-feminin\" target=\"_blank\" rel=\"noopener\">les Bleues<\/a> n\u2019ont attir\u00e9 autant de t\u00e9l\u00e9spectateurs (record battu lors de la demi-finale avec une moyenne de 3,8\u00a0millions de fans devant TF1). Jamais autant de filles n\u2019ont jou\u00e9 au rugby en France (le nombre de licenci\u00e9es a bondi de 38\u2009% depuis l\u2019an dernier, passant de 52\u2009000\u00a0\u00e0 70\u2009000). Nonobstant, <strong>le rugby f\u00e9minin est-il vraiment en train de prendre le tournant qu\u2019on lui pr\u00e9disait<\/strong> \u00e0 l\u2019occasion du <a href=\"https:\/\/actu.fr\/rugby\/coupe-du-monde\" target=\"_blank\" rel=\"noopener\">10e Mondial<\/a> de son histoire\u2009?\u00a0<\/p>\n<p class=\" wall-content\">\u00ab\u00a0Cette Coupe du monde est d\u00e9j\u00e0 un succ\u00e8s, il y a d\u00e9j\u00e0 un avant et un apr\u00e8s\u00a0\u00bb, avait affirm\u00e9 le pr\u00e9sident de la FFR Florian Grill avant la demi-finale perdue contre l\u2019Angleterre et juste apr\u00e8s avoir officialis\u00e9 le naming Axa sur le championnat d\u2019\u00c9lite 1. Le montant n\u2019a pas \u00e9t\u00e9 communiqu\u00e9 officiellement mais le patron du rugby fran\u00e7ais n\u2019avait pas h\u00e9sit\u00e9 \u00e0 parler de \u00ab\u00a0tournant historique. En professionnalisant l\u2019\u00c9lite 1, gr\u00e2ce au soutien d\u2019Axa et de Canal +, la prochaine \u00e9tape est d\u2019<strong>amener 300 \u00e0 400 filles vers la professionnalisation ou la semi-professionnalisation<\/strong>\u2009\u00bb, avait-il annonc\u00e9, alors que seulement 30\u00a0joueuses sont sous contrat avec la FFR actuellement.<\/p>\n<p>Grisez\u2009: \u00ab\u2009On n\u2019investit pas forc\u00e9ment au bon endroit ou de la bonne fa\u00e7on\u2009\u00bb<\/p>\n<p class=\" wall-content\">Les Bleues, de leur c\u00f4t\u00e9, ont reconnu un \u00ab\u00e9chec\u2009\u00bb sportif apr\u00e8s leur 4e place dans cette Coupe du monde 2025. Et si une nouvelle g\u00e9n\u00e9ration tr\u00e8s prometteuse \u00e9merge, le niveau de leur championnat est directement point\u00e9 du doigt, compar\u00e9 \u00e0 l\u2019Angleterre notamment. \u00ab\u2009Pour moi c\u2019est \u00e7a la grande diff\u00e9rence\u2009: le championnat qui est beaucoup plus attractif, il y a beaucoup de joueuses \u00e9trang\u00e8res qui viennent de partout dans le monde pour jouer en Angleterre,<strong> les clubs ont les m\u00eames infrastructures que les gar\u00e7ons<\/strong>\u2009\u00bb, expliquait sur France Info l\u2019ancienne deuxi\u00e8me ligne tricolore L\u00e9na\u00efg Corson, qui a termin\u00e9 sa carri\u00e8re aux Harlequins (2022-2023).<\/p>\n<p class=\" wall-content\">Au sortir de ce Mondial rat\u00e9,<strong> les Bleues esp\u00e8rent du changement afin de pouvoir rivaliser \u00e0 nouveau avec les \u00e9quipes du Top\u00a03,<\/strong> qu\u2019elles ont vaincues une seule fois depuis la Coupe du monde 2022 (en Nouvelle-Z\u00e9lande, 17-18 en 2023). \u00ab\u2009On fait des \u00e9tudes, on travaille \u00e0 c\u00f4t\u00e9. \u00c0 terme, il s\u2019agirait de se bouger un peu plus pour que nos clubs aient plus de moyens et que nos \u00e9quipes performent un peu plus\u00a0\u00bb, a ainsi lanc\u00e9 l\u2019aili\u00e8re Joanna Grisez sur le plateau de Stade 2\u00a0dimanche.<\/p>\n<p>\u00ab\u2009Tout le monde est un peu d\u00e9pass\u00e9 par l\u2019engouement\u2009\u00bb<\/p>\n<p class=\" wall-content\">L\u2019embl\u00e9matique demie de m\u00eal\u00e9e Pauline Bourdon-Sansus n\u2019a pas cach\u00e9 ses esp\u00e9rances au sortir de la petite finale perdue samedi soir\u2009: \u00ab\u2009J\u2019ai la sensation que les politiques ont envie vraiment que le rugby f\u00e9minin monte en puissance en France. J\u2019esp\u00e8re vraiment qu\u2019il va y avoir des moyens mis sur la table et qu\u2019on pourra <strong>essayer de rattraper l\u2019\u00e9cart avec le Canada et l\u2019Angleterre.<\/strong>\u2009\u00bb<\/p>\n<p>Votre r\u00e9gion, votre actu !<\/p>\n<p>Recevez chaque jour les infos qui comptent pour vous.<\/p>\n<p>\t<a href=\"https:\/\/actu.fr\/newsletter\" class=\"ac-btn ac-btn--corner ac-btn--medium ac-btn--blue800\" target=\"_blank\" rel=\"noopener\">S&rsquo;incrire<\/a><\/p>\n<p class=\" wall-content\">Mais sa co\u00e9quipi\u00e8re, venue du 7, s\u2019est montr\u00e9e plus circonspecte et n\u2019a pas h\u00e9sit\u00e9 \u00e0 lancer un coup de gueule, calme mais franc\u2009: \u00ab\u00a0C\u2019est une somme de beaucoup de choses\u2026 La F\u00e9d\u00e9ration nous donne les moyens, le rugby f\u00e9minin se structure de plus en plus, on a envie, mais c\u2019est encore maladroit. On n\u2019investit pas forc\u00e9ment au bon endroit ou de la bonne fa\u00e7on. <strong>Tout le monde est un peu d\u00e9pass\u00e9 par l\u2019engouement<\/strong> et je pense qu\u2019on ne fait pas forc\u00e9ment les bons choix partout.\u2009\u00bb<\/p>\n<p>    <img   decoding=\"async\" loading=\"lazy\" src=\"https:\/\/www.europesays.com\/fr\/wp-content\/uploads\/2025\/10\/marine-menager-france-rugby-960x640.jpg\" alt=\"Marine M\u00e9nager consol\u00e9e par Ga\u00eblle Mignot apr\u00e8s le dernier match de sa carri\u00e8re samedi.\" width=\"960\" height=\"640\"\/><br \/>\n    Marine M\u00e9nager consol\u00e9e par Ga\u00eblle Mignot apr\u00e8s le dernier match de sa carri\u00e8re samedi. (\u00a9Icon Sport)<\/p>\n<p class=\" wall-content\">Avec la m\u00e9diatisation et le naming Axa, l\u2019objectif de la FFR est de monter les budgets des clubs d\u2019\u00c9lite 1 aux alentours de 1,8 \u00e0 2\u00a0millions d\u2019euros, comparables \u00e0 des clubs de F\u00e9d\u00e9rale\u00a01 ou Nationale. Ils tournent aujourd\u2019hui autour des 400 \u00e0 800 000 euros. \u00ab\u2009Effectivement, il va y avoir un naming qui, je l\u2019esp\u00e8re, va amener plus de finances et nous aider \u00e0 nous structurer mais c\u2019est le chien qui se mord la queue\u2009\u00bb, reprenait la fus\u00e9e du Stade bordelais\u2009: \u00ab\u2009Ce sont<strong> des questions politiques qui sont compliqu\u00e9es<\/strong>. Effectivement, on a besoin que nos clubs aient plus de moyens mais pour cela, on a aussi besoin de plus de m\u00e9diatisation. On commence par o\u00f9\u2009?\u2009\u00bb<\/p>\n<p>Plus de matchs de rugby f\u00e9minin sur Canal +<\/p>\n<p class=\" wall-content\"><strong>Canal + diffusera 10 matchs d\u2019\u00c9lite 1 cette saison,<\/strong> contre 5 l\u2019an dernier. La revanche de la derni\u00e8re finale entre Toulouse et Bordeaux sera diffus\u00e9e en clair le 12\u00a0octobre \u00e0 18\u00a0heures, avant la rencontre de Top\u00a014 entre les deux \u00e9quipes masculines dans la soir\u00e9e. Un pas est clairement fait. Sera-t-il suffisant\u2009?<\/p>\n<p class=\" wall-content\">La France ira doucement, la FFR l\u2019a d\u00e9j\u00e0 annonc\u00e9 via son vice-pr\u00e9sident Jean-Marc Lhermet\u2009: \u00ab\u2009<strong>On aimerait aller vers un semi-professionnalisme intelligent<\/strong>\u2009: du temps pour s\u2019entra\u00eener et du temps pour son activit\u00e9 professionnelle en dehors\u2009\u00bb, avait-il d\u00e9clar\u00e9 dans Midi Olympique.\u2009\u00bb Une fois que cela sera bien ancr\u00e9, on pourra penser \u00e0 passer en 100\u2009% rugby. Mais au vu de l\u2019environnement \u00e9conomique actuel, il ne sert \u00e0 rien de laisser croire des choses qui ne sont, pour l\u2019heure, pas r\u00e9alisables. On va construire \u00e9tape par \u00e9tape. On ne veut pas du professionnalisme pr\u00e9caire.\u2009\u00bb<\/p>\n<p class=\" wall-content\">Le rugby f\u00e9minin fran\u00e7ais a quatre ans pour se (re) construire et <strong>envoyer une \u00e9quipe r\u00e9ellement capable d\u2019\u00eatre championne du monde<\/strong>. \u00ab\u2009On \u00e9choue souvent \u00e0 pas beaucoup, mais c\u2019est \u2018pas beaucoup\u2019 tout le temps\u2009\u00bb, a d\u00e9plor\u00e9 Joanna Grisez, dans une conclusion d\u00e9sol\u00e9e sur France T\u00e9l\u00e9visions. Le changement, c\u2019est maintenant.<\/p>\n<p class=\" wall-content\">Personnalisez votre actualit\u00e9 en ajoutant vos villes et m\u00e9dias en favori avec <a href=\"https:\/\/moncompte.actu.fr\" title=\"D\u00e9couvez Mon Actu\" rel=\"nofollow noopener\" data-trk=\"{&quot;cta&quot;:{&quot;action&quot;:&quot;https:\\\/\\\/moncompte.actu.fr&quot;,&quot;category&quot;:&quot;mon compte&quot;,&quot;from&quot;:&quot;article footer&quot;,&quot;name&quot;:&quot;Mon actu&quot;,&quot;type&quot;:&quot;cta&quot;}}\" target=\"_blank\">Mon Actu<\/a>.<\/p>\n","protected":false},"excerpt":{"rendered":"Par Emilie Dudon-Fournier Publi\u00e9 le 1 oct. 2025 \u00e0 6h32 Et donc quoi, maintenant\u2009? Jamais le rugby f\u00e9minin&hellip;\n","protected":false},"author":2,"featured_media":432819,"comment_status":"","ping_status":"","sticky":false,"template":"","format":"standard","meta":{"footnotes":""},"categories":[1416],"tags":[451,1011,27,479,12042,1468,60,513],"class_list":{"0":"post-432818","1":"post","2":"type-post","3":"status-publish","4":"format-standard","5":"has-post-thumbnail","7":"category-rugby","8":"tag-coupe-du-monde","9":"tag-fr","10":"tag-france","11":"tag-rugby","12":"tag-rugby-feminin","13":"tag-rugby-football","14":"tag-sports","15":"tag-xv-de-france"},"share_on_mastodon":{"url":"https:\/\/pubeurope.com\/@fr\/115302755788261523","error":""},"_links":{"self":[{"href":"https:\/\/www.europesays.com\/fr\/wp-json\/wp\/v2\/posts\/432818","targetHints":{"allow":["GET"]}}],"collection":[{"href":"https:\/\/www.europesays.com\/fr\/wp-json\/wp\/v2\/posts"}],"about":[{"href":"https:\/\/www.europesays.com\/fr\/wp-json\/wp\/v2\/types\/post"}],"author":[{"embeddable":true,"href":"https:\/\/www.europesays.com\/fr\/wp-json\/wp\/v2\/users\/2"}],"replies":[{"embeddable":true,"href":"https:\/\/www.europesays.com\/fr\/wp-json\/wp\/v2\/comments?post=432818"}],"version-history":[{"count":0,"href":"https:\/\/www.europesays.com\/fr\/wp-json\/wp\/v2\/posts\/432818\/revisions"}],"wp:featuredmedia":[{"embeddable":true,"href":"https:\/\/www.europesays.com\/fr\/wp-json\/wp\/v2\/media\/432819"}],"wp:attachment":[{"href":"https:\/\/www.europesays.com\/fr\/wp-json\/wp\/v2\/media?parent=432818"}],"wp:term":[{"taxonomy":"category","embeddable":true,"href":"https:\/\/www.europesays.com\/fr\/wp-json\/wp\/v2\/categories?post=432818"},{"taxonomy":"post_tag","embeddable":true,"href":"https:\/\/www.europesays.com\/fr\/wp-json\/wp\/v2\/tags?post=432818"}],"curies":[{"name":"wp","href":"https:\/\/api.w.org\/{rel}","templated":true}]}}