{"id":432820,"date":"2025-10-02T04:46:15","date_gmt":"2025-10-02T04:46:15","guid":{"rendered":"https:\/\/www.europesays.com\/fr\/432820\/"},"modified":"2025-10-02T04:46:15","modified_gmt":"2025-10-02T04:46:15","slug":"atp-john-isner-sur-alcaraz-oppose-a-fonseca-dans-une-nouvelle-exhibition-il-se-remplit-les-poches","status":"publish","type":"post","link":"https:\/\/www.europesays.com\/fr\/432820\/","title":{"rendered":"ATP > John Isner sur Alcaraz, oppos\u00e9 \u00e0 Fonseca dans une nouvelle exhibition : \u00ab\u00a0Il se remplit les poches\u00a0\u00bb"},"content":{"rendered":"<p>Le 8 d\u00e9cembre prochain, alors que la saison 2025 sera offi\u00adciel\u00adle\u00adment termin\u00e9e depuis deux semaines, Carlos Alcaraz s\u2019en\u00advo\u00adlera pour Miami et le LoanDepot Park, le stade de l\u2019\u00e9quipe de base\u00adball locale, les Miami Marlins, pour parti\u00adciper \u00e0 une exhi\u00adbi\u00adtion face \u00e0 la p\u00e9pite br\u00e9si\u00adlienne, Joao Fonseca.\u00a0<\/p>\n<p>Pas moins de 36 000 personnes devraient se tasser dans les tribunes pour admirer l\u2019ac\u00adtuel num\u00e9ro 1 mondial face \u00e0 l\u2019une des \u00e9toiles montantes du circuit.\u00a0<\/p>\n<p>Des billets qui risquent de partir \u00e0 vitesse grand v selon les ancien joueurs am\u00e9ri\u00adcains, John Isner, Steve Johnson et Jack Sock, qui se sont exprim\u00e9s \u00e0 ce sujet dans le dernier \u00e9pisode du podcast qu\u2019ils animent, Nothing Major. <\/p>\n<p>Johnson\u00a0: \u00ab\u202fIl est le visage du tennis. Cela ne fait aucun doute.<br \/>Isner\u00a0: <strong>Il se remplit les poches.<\/strong><br \/>Sock\u00a0: <strong>Oui, je ferais la m\u00eame chose.<\/strong><br \/>Isner\u00a0: <strong>36 000 places. Ils vont certai\u00adne\u00adment vendre tous les billets \u00e0 36 000. Je veux dire, le Hard Rock (le stade de foot\u00adball am\u00e9ri\u00adcain) est plut\u00f4t \u00e0 70 000. C\u2019est un peu diff\u00e9\u00adrent, mais 36 000 au stade de base\u00adball, ils vont le\u00a0faire.\u202f\u00bb<\/strong><\/p>\n<p class=\"post-published-date\" style=\"color: silver; font-size: 75%; text-align: left;\">Publi\u00e9 le mercredi 1 octobre 2025 \u00e0 16:16<\/p>\n","protected":false},"excerpt":{"rendered":"Le 8 d\u00e9cembre prochain, alors que la saison 2025 sera offi\u00adciel\u00adle\u00adment termin\u00e9e depuis deux semaines, Carlos Alcaraz s\u2019en\u00advo\u00adlera&hellip;\n","protected":false},"author":2,"featured_media":432821,"comment_status":"","ping_status":"","sticky":false,"template":"","format":"standard","meta":{"footnotes":""},"categories":[1415],"tags":[1744,1011,27,21365,60,1467],"class_list":{"0":"post-432820","1":"post","2":"type-post","3":"status-publish","4":"format-standard","5":"has-post-thumbnail","7":"category-tennis","8":"tag-alcaraz","9":"tag-fr","10":"tag-france","11":"tag-isner","12":"tag-sports","13":"tag-tennis"},"share_on_mastodon":{"url":"https:\/\/pubeurope.com\/@fr\/115302759340239387","error":""},"_links":{"self":[{"href":"https:\/\/www.europesays.com\/fr\/wp-json\/wp\/v2\/posts\/432820","targetHints":{"allow":["GET"]}}],"collection":[{"href":"https:\/\/www.europesays.com\/fr\/wp-json\/wp\/v2\/posts"}],"about":[{"href":"https:\/\/www.europesays.com\/fr\/wp-json\/wp\/v2\/types\/post"}],"author":[{"embeddable":true,"href":"https:\/\/www.europesays.com\/fr\/wp-json\/wp\/v2\/users\/2"}],"replies":[{"embeddable":true,"href":"https:\/\/www.europesays.com\/fr\/wp-json\/wp\/v2\/comments?post=432820"}],"version-history":[{"count":0,"href":"https:\/\/www.europesays.com\/fr\/wp-json\/wp\/v2\/posts\/432820\/revisions"}],"wp:featuredmedia":[{"embeddable":true,"href":"https:\/\/www.europesays.com\/fr\/wp-json\/wp\/v2\/media\/432821"}],"wp:attachment":[{"href":"https:\/\/www.europesays.com\/fr\/wp-json\/wp\/v2\/media?parent=432820"}],"wp:term":[{"taxonomy":"category","embeddable":true,"href":"https:\/\/www.europesays.com\/fr\/wp-json\/wp\/v2\/categories?post=432820"},{"taxonomy":"post_tag","embeddable":true,"href":"https:\/\/www.europesays.com\/fr\/wp-json\/wp\/v2\/tags?post=432820"}],"curies":[{"name":"wp","href":"https:\/\/api.w.org\/{rel}","templated":true}]}}