{"id":432822,"date":"2025-10-02T04:48:11","date_gmt":"2025-10-02T04:48:11","guid":{"rendered":"https:\/\/www.europesays.com\/fr\/432822\/"},"modified":"2025-10-02T04:48:11","modified_gmt":"2025-10-02T04:48:11","slug":"motogp-marc-marquez-se-refuse-a-faire-comme-verstappen-et-martin-question-de-maturite","status":"publish","type":"post","link":"https:\/\/www.europesays.com\/fr\/432822\/","title":{"rendered":"MotoGP Marc Marquez se refuse \u00e0 faire comme Verstappen et Martin&#8230;question de maturit\u00e9 !?"},"content":{"rendered":"<p>Comme chaque ann\u00e9e, lorsqu\u2019un pilote d\u00e9croche le titre, qu\u2019il s\u2019agisse de MotoGP ou de F1, la question se repose. A savoir, est-ce que l\u2019heureux \u00e9lu va vouloir conserver son num\u00e9ro habituel ou alors, arborer fi\u00e8rement le num\u00e9ro 1. Et dans un monde o\u00f9 les pilotes sont de plus en plus nombreux \u00e0 vouloir afficher fi\u00e8rement leur statut de meilleur pilote, Marc Marquez prend tout le monde \u00e0 contre-pied !<\/p>\n<p>MotoGP : Marc Marquez tr\u00e8s attach\u00e9 \u00e0 son 93 !<\/p>\n<p>En effet, l\u2019Espagnol a d\u00e9cid\u00e9 de conserver son mythique num\u00e9ro 93, la saison prochaine. Il n\u2019y aura donc pas de num\u00e9ro 1 chez Ducati et encore moins, sur la grille. \u201cNon, non, non.\u201d, a-t-il r\u00e9agi, interrog\u00e9 sur le sujet quelques minutes apr\u00e8s son sacre, le week-end dernier au Grand-Prix du Japon de MotoGP, \u00e0 <a href=\"https:\/\/lemagsportauto.ouest-france.fr\/tag\/motegi\/\" target=\"_blank\" rel=\"noopener\">Motegi<\/a>. \u201cLe 93 fait d\u00e9j\u00e0 partie de moi. Je ne m\u2019imagine pas piloter une moto si elle n\u2019a pas le num\u00e9ro 93.\u201d, ajoutait m\u00eame le fra\u00eechement champion du monde.<\/p>\n<blockquote class=\"twitter-tweet\">\n<p dir=\"ltr\" lang=\"en\">Marc M\u00e1rquez and <a href=\"https:\/\/twitter.com\/hashtag\/Ducati?src=hash&amp;ref_src=twsrc%5Etfw\" target=\"_blank\" rel=\"noopener\">#Ducati<\/a> are World Champions!<br \/>A victory so clear that it may have looked effortless, yet it was forged by the relentless work and commitment of an extraordinary team. Today, we celebrate it all: the race you see, and the one you don\u2019t. <a href=\"https:\/\/t.co\/yu8dXYsHTZ\">pic.twitter.com\/yu8dXYsHTZ<\/a><\/p>\n<p>\u2014 Ducati (@DucatiMotor) <a href=\"https:\/\/twitter.com\/DucatiMotor\/status\/1972587024428270040?ref_src=twsrc%5Etfw\" target=\"_blank\" rel=\"noopener\">September 29, 2025<\/a><\/p>\n<\/blockquote>\n<p>Pour rappel, les derniers champions du monde de MotoGP, Francesco Bagnaia puis, l\u2019an pass\u00e9, Jorge Martin, avaient tous d\u00e9cid\u00e9 de porter le num\u00e9ro 1. Idem, en F1, concernant le cas de Max Verstappen (contrairement \u00e0 celui de Lewis Hamilton).<\/p>\n<p>La liste des champions du monde de MotoGP<\/p>\n<p>*Saisons en cours.<\/p>\n<p>Article publi\u00e9 le 02\/10\/2025 \u00e0 5h47<\/p>\n<p>                                                            <script async src=\"https:\/\/platform.twitter.com\/widgets.js\" charset=\"utf-8\"><\/script><\/p>\n","protected":false},"excerpt":{"rendered":"Comme chaque ann\u00e9e, lorsqu\u2019un pilote d\u00e9croche le titre, qu\u2019il s\u2019agisse de MotoGP ou de F1, la question se&hellip;\n","protected":false},"author":2,"featured_media":432823,"comment_status":"","ping_status":"","sticky":false,"template":"","format":"standard","meta":{"footnotes":""},"categories":[1413],"tags":[1011,27,1461,1457,1456,1458,60],"class_list":{"0":"post-432822","1":"post","2":"type-post","3":"status-publish","4":"format-standard","5":"has-post-thumbnail","7":"category-moto","8":"tag-fr","9":"tag-france","10":"tag-marc-marquez","11":"tag-moto","12":"tag-motocycle","13":"tag-motogp","14":"tag-sports"},"share_on_mastodon":{"url":"https:\/\/pubeurope.com\/@fr\/115302767213174714","error":""},"_links":{"self":[{"href":"https:\/\/www.europesays.com\/fr\/wp-json\/wp\/v2\/posts\/432822","targetHints":{"allow":["GET"]}}],"collection":[{"href":"https:\/\/www.europesays.com\/fr\/wp-json\/wp\/v2\/posts"}],"about":[{"href":"https:\/\/www.europesays.com\/fr\/wp-json\/wp\/v2\/types\/post"}],"author":[{"embeddable":true,"href":"https:\/\/www.europesays.com\/fr\/wp-json\/wp\/v2\/users\/2"}],"replies":[{"embeddable":true,"href":"https:\/\/www.europesays.com\/fr\/wp-json\/wp\/v2\/comments?post=432822"}],"version-history":[{"count":0,"href":"https:\/\/www.europesays.com\/fr\/wp-json\/wp\/v2\/posts\/432822\/revisions"}],"wp:featuredmedia":[{"embeddable":true,"href":"https:\/\/www.europesays.com\/fr\/wp-json\/wp\/v2\/media\/432823"}],"wp:attachment":[{"href":"https:\/\/www.europesays.com\/fr\/wp-json\/wp\/v2\/media?parent=432822"}],"wp:term":[{"taxonomy":"category","embeddable":true,"href":"https:\/\/www.europesays.com\/fr\/wp-json\/wp\/v2\/categories?post=432822"},{"taxonomy":"post_tag","embeddable":true,"href":"https:\/\/www.europesays.com\/fr\/wp-json\/wp\/v2\/tags?post=432822"}],"curies":[{"name":"wp","href":"https:\/\/api.w.org\/{rel}","templated":true}]}}