{"id":432830,"date":"2025-10-02T04:52:12","date_gmt":"2025-10-02T04:52:12","guid":{"rendered":"https:\/\/www.europesays.com\/fr\/432830\/"},"modified":"2025-10-02T04:52:12","modified_gmt":"2025-10-02T04:52:12","slug":"prince-william-son-aveu-bouleversant-sur-la-reine-elizabeth-ii-lors-dune-rare-interview-tele","status":"publish","type":"post","link":"https:\/\/www.europesays.com\/fr\/432830\/","title":{"rendered":"Prince William : son aveu bouleversant sur la reine Elizabeth II lors d&rsquo;une rare interview t\u00e9l\u00e9"},"content":{"rendered":"<p>Ce n\u2019est pas tous les jours que le <a href=\"https:\/\/www.closermag.fr\/bio-people\/biographie-prince-william-112724\" target=\"_blank\" rel=\"noopener\"><br \/>\nprince William<\/a> se confie sur sa vie priv\u00e9e, mais il lui arrive<br \/>\nquand m\u00eame de s\u2019autoriser quelques confidences. \u00c0 l\u2019occasion d\u2019une<br \/>\napparition r\u00e9cente dans la s\u00e9rie documentaire The Reluctant<br \/>\nTraveler sur Apple TV+, <strong>le prince de Galles s\u2019\u00e9tait<br \/>\nlivr\u00e9 \u00e0 c\u0153ur ouvert \u00e0 Eugene Levy au sujet de la perte de sa<br \/>\ngrand-m\u00e8re<\/strong>, <a href=\"https:\/\/www.closermag.fr\/royautes\/elizabeth-ii-cette-consequence-de-sa-mort-qui-la-tracassee-jusquau-bout-face-a-ses-enfants-3488830\" target=\"_blank\" rel=\"noopener\"><br \/>\nElizabeth II<\/a>, et de son grand-p\u00e8re, le <a href=\"https:\/\/www.closermag.fr\/royautes\/prince-philip-pourquoi-son-nom-apparait-dans-de-sombres-dossiers-du-fbi-3462750\" target=\"_blank\" rel=\"noopener\"><br \/>\nprince Philip<\/a>.<\/p>\n<p><img loading=\"lazy\" decoding=\"async\" aria-describedby=\"caption-attachment-3583793\" itemprop=\"thumbnailUrl\" class=\"size-large wp-image-3583793 img-responsive\" src=\"https:\/\/www.europesays.com\/fr\/wp-content\/uploads\/2025\/10\/bestimage_00725223_000007-763x1024.jpg\" alt=\"\" width=\"763\" height=\"1024\"\/> \u00a9 Backgrid UK\/<br \/>\nBestimage<\/p>\n<p id=\"caption-attachment-3583793\" class=\"wp-caption-text\">Dans la<br \/>\ns\u00e9rie documentaire \u00ab\u00a0The Reluctant Traveler\u00a0\u00bb, le prince William se<br \/>\nlivre \u00e0 c\u0153ur ouvert sur la reine Elizabeth II.<\/p>\n<p>\u00ab\u00a0Ils me manquent beaucoup. <strong>Ma grand-m\u00e8re me manque,<br \/>\net mon grand-p\u00e8re aussi,<\/strong> a-t-il d\u00e9clar\u00e9, encore<br \/>\nboulevers\u00e9 par la disparition cons\u00e9cutive des deux souverains, en<br \/>\navril 2021 puis en septembre 2022.<\/p>\n<p>\u00ab\u00a0Pour moi, Windsor, c\u2019est elle\u00a0\u00bb<\/p>\n<p>Visiblement tr\u00e8s pein\u00e9, l\u2019\u00e9poux de <a href=\"https:\/\/www.closermag.fr\/royautes\/kate-middleton-experte-dans-lart-de-louvoyer-et-ses-collaborateurs-en-savent-quelque-chose-3583289\" target=\"_blank\" rel=\"noopener\"><br \/>\nKate Middleton<\/a> avait fait un <strong>aveu bouleversant<\/strong><br \/>\nsur sa grand-m\u00e8re, expliquant avoir beaucoup de mal \u00e0 tourner la<br \/>\npage. \u00ab\u00a0C\u2019est un grand changement et il m\u2019arrive de penser au<br \/>\nfait qu\u2019ils ne sont plus l\u00e0. Surtout \u00e0 Windsor. <strong>Pour moi,<br \/>\nWindsor, c\u2019est elle. Elle aimait tellement cet endroit, elle y<br \/>\npassait le plus clair de son temps.\u00a0\u00bb<\/strong><\/p>\n<p>Dans la suite de l\u2019\u00e9pisode, le prince a offert au com\u00e9dien une<br \/>\nvisite guid\u00e9e du ch\u00e2teau. <strong>\u00ab\u00a0J\u2019essaye de te faire visiter<br \/>\ncomme elle l\u2019aurait fait\u00a0\u00bb,<\/strong> a-t-il admis. \u00ab\u00a0Ses<br \/>\nchevaux \u00e9taient ici aussi, c\u2019est l\u2019une des raisons pour lesquelles<br \/>\nelle adorait cet endroit.\u00a0\u00bb<\/p>\n<p>Windsor, le coin de paradis d\u2019Elizabeth<br \/>\nII<\/p>\n<p>Situ\u00e9 dans le comt\u00e9 du Berkshire, le ch\u00e2teau de Windsor avait<br \/>\naccueilli le <a href=\"https:\/\/www.closermag.fr\/royautes\/lionel-logue-qui-etait-l-orthophoniste-du-roi-george-vi-1717212\" target=\"_blank\" rel=\"noopener\"><br \/>\nroi George VI<\/a>, son \u00e9pouse Elizabeth Bowes-Lyon et leurs deux<br \/>\nfilles, les princesses Elizabeth et <a href=\"https:\/\/www.closermag.fr\/royautes\/princesse-margaret-cette-revelation-choc-sur-la-sante-delicate-de-la-soeur-delizabeth-ii-3568538\" target=\"_blank\" rel=\"noopener\"><br \/>\nMargaret<\/a>, pendant la Seconde Guerre mondiale. Apr\u00e8s son<br \/>\naccession au tr\u00f4ne, <strong>Elizabeth II en a fait sa r\u00e9sidence<br \/>\nprincipale,<\/strong> le pr\u00e9f\u00e9rant de tr\u00e8s loin au palais de<br \/>\nBuckingham. \u00ab\u00a0Elle n\u2019a jamais vraiment aim\u00e9 le palais de<br \/>\nBuckingham, ce n\u2019\u00e9tait que son bureau\u00a0\u00bb, avait r\u00e9v\u00e9l\u00e9 l\u2019ancien<br \/>\nchef de la reine, Darren McGrady, en 2022.<\/p>\n<p>Le ch\u00e2teau de Windsor \u00e9tait si cher \u00e0 la reine Elizabeth II<br \/>\nqu\u2019<strong>elle avait elle-m\u00eame financ\u00e9 une partie des<br \/>\nr\u00e9novations<\/strong> \u00e0 la suite de l\u2019incendie de 1992, qui avait<br \/>\nd\u00e9truit une grande partie de la forteresse m\u00e9di\u00e9vale. Elle avait<br \/>\nainsi pu y retourner en 1996, et avait m\u00eame organis\u00e9 une r\u00e9ception<br \/>\nen grande pompe pour remercier tous les architectes et artisans<br \/>\nayant permis de faire revivre Windsor.<\/p>\n","protected":false},"excerpt":{"rendered":"Ce n\u2019est pas tous les jours que le prince William se confie sur sa vie priv\u00e9e, mais il&hellip;\n","protected":false},"author":2,"featured_media":432831,"comment_status":"","ping_status":"","sticky":false,"template":"","format":"standard","meta":{"footnotes":""},"categories":[1359],"tags":[58,20075,59,1011,27,973,3936],"class_list":{"0":"post-432830","1":"post","2":"type-post","3":"status-publish","4":"format-standard","5":"has-post-thumbnail","7":"category-people","8":"tag-divertissement","9":"tag-elizabeth-ii","10":"tag-entertainment","11":"tag-fr","12":"tag-france","13":"tag-people","14":"tag-prince-william"},"share_on_mastodon":{"url":"https:\/\/pubeurope.com\/@fr\/115302783484694617","error":""},"_links":{"self":[{"href":"https:\/\/www.europesays.com\/fr\/wp-json\/wp\/v2\/posts\/432830","targetHints":{"allow":["GET"]}}],"collection":[{"href":"https:\/\/www.europesays.com\/fr\/wp-json\/wp\/v2\/posts"}],"about":[{"href":"https:\/\/www.europesays.com\/fr\/wp-json\/wp\/v2\/types\/post"}],"author":[{"embeddable":true,"href":"https:\/\/www.europesays.com\/fr\/wp-json\/wp\/v2\/users\/2"}],"replies":[{"embeddable":true,"href":"https:\/\/www.europesays.com\/fr\/wp-json\/wp\/v2\/comments?post=432830"}],"version-history":[{"count":0,"href":"https:\/\/www.europesays.com\/fr\/wp-json\/wp\/v2\/posts\/432830\/revisions"}],"wp:featuredmedia":[{"embeddable":true,"href":"https:\/\/www.europesays.com\/fr\/wp-json\/wp\/v2\/media\/432831"}],"wp:attachment":[{"href":"https:\/\/www.europesays.com\/fr\/wp-json\/wp\/v2\/media?parent=432830"}],"wp:term":[{"taxonomy":"category","embeddable":true,"href":"https:\/\/www.europesays.com\/fr\/wp-json\/wp\/v2\/categories?post=432830"},{"taxonomy":"post_tag","embeddable":true,"href":"https:\/\/www.europesays.com\/fr\/wp-json\/wp\/v2\/tags?post=432830"}],"curies":[{"name":"wp","href":"https:\/\/api.w.org\/{rel}","templated":true}]}}